{"id":9005,"date":"2024-09-30T21:48:27","date_gmt":"2024-09-30T20:48:27","guid":{"rendered":"https:\/\/www.oadc.cz\/?p=9005"},"modified":"2024-09-30T21:53:24","modified_gmt":"2024-09-30T20:53:24","slug":"erasmus-days-na-evropske-obchodni-akademii","status":"publish","type":"post","link":"https:\/\/www.oadc.cz\/index.php\/2024\/09\/30\/erasmus-days-na-evropske-obchodni-akademii\/","title":{"rendered":"Erasmus Days na Evropsk\u00e9 obchodn\u00ed akademii"},"content":{"rendered":"\t\t<div data-elementor-type=\"wp-post\" data-elementor-id=\"9005\" class=\"elementor elementor-9005\" data-elementor-post-type=\"post\">\n\t\t\t\t<div class=\"elementor-element elementor-element-3d9f9a6 e-flex e-con-boxed e-con e-parent\" data-id=\"3d9f9a6\" data-element_type=\"container\" data-settings=\"{&quot;content_width&quot;:&quot;boxed&quot;}\" data-core-v316-plus=\"true\">\n\t\t\t\t\t<div class=\"e-con-inner\">\n\t\t\t\t<div class=\"elementor-element elementor-element-d5791c9 elementor-widget elementor-widget-text-editor\" data-id=\"d5791c9\" data-element_type=\"widget\" data-widget_type=\"text-editor.default\">\n\t\t\t\t<div class=\"elementor-widget-container\">\n\t\t\t<style>\/*! elementor - v3.19.0 - 26-02-2024 *\/\n.elementor-widget-text-editor.elementor-drop-cap-view-stacked .elementor-drop-cap{background-color:#69727d;color:#fff}.elementor-widget-text-editor.elementor-drop-cap-view-framed .elementor-drop-cap{color:#69727d;border:3px solid;background-color:transparent}.elementor-widget-text-editor:not(.elementor-drop-cap-view-default) .elementor-drop-cap{margin-top:8px}.elementor-widget-text-editor:not(.elementor-drop-cap-view-default) .elementor-drop-cap-letter{width:1em;height:1em}.elementor-widget-text-editor .elementor-drop-cap{float:left;text-align:center;line-height:1;font-size:50px}.elementor-widget-text-editor .elementor-drop-cap-letter{display:inline-block}<\/style>\t\t\t\t<p><span style=\"font-weight: 400;\">Evropsk\u00e1 obchodn\u00ed akademie se i letos zapojuje do celoevropsk\u00e9ho festivalu ERASMUS DAYS a p\u0159ipravila pro v\u00e1s dv\u011b zaj\u00edmav\u00e9 akce.<\/span><\/p><h4><b>Prezentace student\u016f z pracovn\u00ed st\u00e1\u017ee v Dublinu<\/b><\/h4><p><b>Datum:<\/b><span style=\"font-weight: 400;\"> 16. \u0159\u00edjna 2024<\/span><\/p><p><span style=\"font-weight: 400;\">Na\u0161i studenti, kte\u0159\u00ed na ja\u0159e tohoto roku vycestovali na odbornou pracovn\u00ed st\u00e1\u017e do irsk\u00e9ho Dublinu, si pro v\u00e1s p\u0159ipravili prezentaci sv\u00fdch zku\u0161enost\u00ed. Svoje zku\u0161enosti z Dublinu odprezentuj\u00ed p\u0159\u00edmo na va\u0161\u00ed \u0161kole. Tato akce je ur\u010dena \u017e\u00e1k\u016fm 9. t\u0159\u00edd z\u00e1kladn\u00edch \u0161kol a jejich u\u010ditel\u016fm. Studenti budou sd\u00edlet sv\u00e9 z\u00e1\u017eitky a informace o mo\u017enostech z\u00edsk\u00e1v\u00e1n\u00ed zahrani\u010dn\u00edch zku\u0161enost\u00ed. Prezentace bude trvat p\u0159ibli\u017en\u011b 1,5 hodiny a bude prob\u00edhat v anglick\u00e9m, \u010desk\u00e9m jazyce nebo jejich kombinaci, podle znalost\u00ed a dovednost\u00ed va\u0161ich \u017e\u00e1k\u016f.\u00a0<\/span><\/p><h4><b>Workshop pro u\u010ditele<\/b><\/h4><p><b>Datum:<\/b><span style=\"font-weight: 400;\"> 17. \u0159\u00edjna 2024<\/span><\/p><p><span style=\"font-weight: 400;\">Zveme v\u0161echny u\u010ditele z\u00e1kladn\u00edch a st\u0159edn\u00edch \u0161kol na workshop, kter\u00fd se uskute\u010dn\u00ed v po\u010d\u00edta\u010dov\u00e9 u\u010debn\u011b EOA od 14:00. B\u011bhem workshopu budeme sd\u00edlet dovednosti a znalosti z\u00edskan\u00e9 na leto\u0161n\u00edch zahrani\u010dn\u00edch kurzech ERASMUS PRO. Zam\u011b\u0159\u00edme se na nov\u00e9 IT n\u00e1stroje vhodn\u00e9 nejen do v\u00fduky jazyk\u016f a na potenci\u00e1l metody CLIL ve v\u00fduce. P\u0159ipravili jsme pro v\u00e1s t\u0159i praktick\u00e9 minibloky, kter\u00e9 dopln\u00edme spole\u010dnou diskuz\u00ed a sd\u00edlen\u00edm zku\u0161enost\u00ed.<\/span><\/p><p><span style=\"font-weight: 400;\">Pokud m\u00e1te z\u00e1jem o \u00fa\u010dast na n\u011bkter\u00e9 z akc\u00ed, pros\u00edme v\u00e1s o vypln\u011bn\u00ed p\u0159ilo\u017een\u00e9ho <\/span><a href=\"https:\/\/docs.google.com\/forms\/d\/e\/1FAIpQLSfcnJpqMslq-m-oiLHKWhUk_i1tUHR3TvIWvjr8ODGDsqWnBw\/viewform?usp=sf_link\" target=\"_blank\" rel=\"noopener\"><span style=\"font-weight: 400;\">formul\u00e1\u0159e<\/span><\/a><span style=\"font-weight: 400;\">. T\u011b\u0161\u00edme se na setk\u00e1n\u00ed s v\u00e1mi!<\/span><\/p><p><b>T\u00fdm Erasmus p\u0159i EOA<\/b><\/p>\t\t\t\t\t\t<\/div>\n\t\t\t\t<\/div>\n\t\t\t\t\t<\/div>\n\t\t\t\t<\/div>\n\t\t\t\t<\/div>\n\t\t","protected":false},"excerpt":{"rendered":"<p>Evropsk\u00e1 obchodn\u00ed akademie se i letos zapojuje do celoevropsk\u00e9ho festivalu ERASMUS DAYS a p\u0159ipravila pro v\u00e1s dv\u011b zaj\u00edmav\u00e9 akce. Prezentace student\u016f z pracovn\u00ed st\u00e1\u017ee v Dublinu Datum: 16. \u0159\u00edjna 2024 Na\u0161i studenti, kte\u0159\u00ed na ja\u0159e tohoto roku vycestovali na odbornou pracovn\u00ed st\u00e1\u017e do irsk\u00e9ho Dublinu, si pro v\u00e1s p\u0159ipravili prezentaci sv\u00fdch zku\u0161enost\u00ed. Svoje zku\u0161enosti z [&hellip;]<\/p>\n","protected":false},"author":2,"featured_media":8997,"comment_status":"closed","ping_status":"closed","sticky":false,"template":"","format":"standard","meta":{"footnotes":""},"categories":[15],"tags":[],"yoast_head":"<!-- This site is optimized with the Yoast SEO plugin v22.1 - https:\/\/yoast.com\/wordpress\/plugins\/seo\/ -->\n<title>Erasmus Days na Evropsk\u00e9 obchodn\u00ed akademii - Evropsk\u00e1 obchodn\u00ed akademie<\/title>\n<meta name=\"robots\" content=\"index, follow, max-snippet:-1, max-image-preview:large, max-video-preview:-1\" \/>\n<link rel=\"canonical\" href=\"https:\/\/www.oadc.cz\/index.php\/2024\/09\/30\/erasmus-days-na-evropske-obchodni-akademii\/\" \/>\n<meta property=\"og:locale\" content=\"cs_CZ\" \/>\n<meta property=\"og:type\" content=\"article\" \/>\n<meta property=\"og:title\" content=\"Erasmus Days na Evropsk\u00e9 obchodn\u00ed akademii - Evropsk\u00e1 obchodn\u00ed akademie\" \/>\n<meta property=\"og:description\" content=\"Evropsk\u00e1 obchodn\u00ed akademie se i letos zapojuje do celoevropsk\u00e9ho festivalu ERASMUS DAYS a p\u0159ipravila pro v\u00e1s dv\u011b zaj\u00edmav\u00e9 akce. Prezentace student\u016f z pracovn\u00ed st\u00e1\u017ee v Dublinu Datum: 16. \u0159\u00edjna 2024 Na\u0161i studenti, kte\u0159\u00ed na ja\u0159e tohoto roku vycestovali na odbornou pracovn\u00ed st\u00e1\u017e do irsk\u00e9ho Dublinu, si pro v\u00e1s p\u0159ipravili prezentaci sv\u00fdch zku\u0161enost\u00ed. Svoje zku\u0161enosti z [&hellip;]\" \/>\n<meta property=\"og:url\" content=\"https:\/\/www.oadc.cz\/index.php\/2024\/09\/30\/erasmus-days-na-evropske-obchodni-akademii\/\" \/>\n<meta property=\"og:site_name\" content=\"Evropsk\u00e1 obchodn\u00ed akademie\" \/>\n<meta property=\"article:publisher\" content=\"https:\/\/www.facebook.com\/eoadc\" \/>\n<meta property=\"article:published_time\" content=\"2024-09-30T20:48:27+00:00\" \/>\n<meta property=\"article:modified_time\" content=\"2024-09-30T20:53:24+00:00\" \/>\n<meta property=\"og:image\" content=\"https:\/\/www.oadc.cz\/wp-content\/uploads\/2024\/09\/EN_erasmusdays_logo_color_without_date_2024.jpg\" \/>\n\t<meta property=\"og:image:width\" content=\"900\" \/>\n\t<meta property=\"og:image:height\" content=\"368\" \/>\n\t<meta property=\"og:image:type\" content=\"image\/jpeg\" \/>\n<meta name=\"author\" content=\"Jan Horais\" \/>\n<meta name=\"twitter:card\" content=\"summary_large_image\" \/>\n<meta name=\"twitter:label1\" content=\"Napsal(a)\" \/>\n\t<meta name=\"twitter:data1\" content=\"Jan Horais\" \/>\n\t<meta name=\"twitter:label2\" content=\"Odhadovan\u00e1 doba \u010dten\u00ed\" \/>\n\t<meta name=\"twitter:data2\" content=\"2 minuty\" \/>\n<script type=\"application\/ld+json\" class=\"yoast-schema-graph\">{\"@context\":\"https:\/\/schema.org\",\"@graph\":[{\"@type\":\"Article\",\"@id\":\"https:\/\/www.oadc.cz\/index.php\/2024\/09\/30\/erasmus-days-na-evropske-obchodni-akademii\/#article\",\"isPartOf\":{\"@id\":\"https:\/\/www.oadc.cz\/index.php\/2024\/09\/30\/erasmus-days-na-evropske-obchodni-akademii\/\"},\"author\":{\"name\":\"Jan Horais\",\"@id\":\"https:\/\/www.oadc.cz\/#\/schema\/person\/114954177cdcfa49e728ffb3849ea18c\"},\"headline\":\"Erasmus Days na Evropsk\u00e9 obchodn\u00ed akademii\",\"datePublished\":\"2024-09-30T20:48:27+00:00\",\"dateModified\":\"2024-09-30T20:53:24+00:00\",\"mainEntityOfPage\":{\"@id\":\"https:\/\/www.oadc.cz\/index.php\/2024\/09\/30\/erasmus-days-na-evropske-obchodni-akademii\/\"},\"wordCount\":284,\"publisher\":{\"@id\":\"https:\/\/www.oadc.cz\/#organization\"},\"articleSection\":[\"\u0161koln\u00ed akce\"],\"inLanguage\":\"cs\"},{\"@type\":\"WebPage\",\"@id\":\"https:\/\/www.oadc.cz\/index.php\/2024\/09\/30\/erasmus-days-na-evropske-obchodni-akademii\/\",\"url\":\"https:\/\/www.oadc.cz\/index.php\/2024\/09\/30\/erasmus-days-na-evropske-obchodni-akademii\/\",\"name\":\"Erasmus Days na Evropsk\u00e9 obchodn\u00ed akademii - Evropsk\u00e1 obchodn\u00ed akademie\",\"isPartOf\":{\"@id\":\"https:\/\/www.oadc.cz\/#website\"},\"datePublished\":\"2024-09-30T20:48:27+00:00\",\"dateModified\":\"2024-09-30T20:53:24+00:00\",\"breadcrumb\":{\"@id\":\"https:\/\/www.oadc.cz\/index.php\/2024\/09\/30\/erasmus-days-na-evropske-obchodni-akademii\/#breadcrumb\"},\"inLanguage\":\"cs\",\"potentialAction\":[{\"@type\":\"ReadAction\",\"target\":[\"https:\/\/www.oadc.cz\/index.php\/2024\/09\/30\/erasmus-days-na-evropske-obchodni-akademii\/\"]}]},{\"@type\":\"BreadcrumbList\",\"@id\":\"https:\/\/www.oadc.cz\/index.php\/2024\/09\/30\/erasmus-days-na-evropske-obchodni-akademii\/#breadcrumb\",\"itemListElement\":[{\"@type\":\"ListItem\",\"position\":1,\"name\":\"Dom\u016f\",\"item\":\"https:\/\/www.oadc.cz\/\"},{\"@type\":\"ListItem\",\"position\":2,\"name\":\"Erasmus Days na Evropsk\u00e9 obchodn\u00ed akademii\"}]},{\"@type\":\"WebSite\",\"@id\":\"https:\/\/www.oadc.cz\/#website\",\"url\":\"https:\/\/www.oadc.cz\/\",\"name\":\"Evropsk\u00e1 obchodn\u00ed akademie\",\"description\":\"st\u0159edn\u00ed odborn\u00e1 \u0161kola v D\u011b\u010d\u00edn\u011b\",\"publisher\":{\"@id\":\"https:\/\/www.oadc.cz\/#organization\"},\"potentialAction\":[{\"@type\":\"SearchAction\",\"target\":{\"@type\":\"EntryPoint\",\"urlTemplate\":\"https:\/\/www.oadc.cz\/?s={search_term_string}\"},\"query-input\":\"required name=search_term_string\"}],\"inLanguage\":\"cs\"},{\"@type\":\"Organization\",\"@id\":\"https:\/\/www.oadc.cz\/#organization\",\"name\":\"Evropsk\u00e1 Obchodn\u00ed Akademie\",\"url\":\"https:\/\/www.oadc.cz\/\",\"logo\":{\"@type\":\"ImageObject\",\"inLanguage\":\"cs\",\"@id\":\"https:\/\/www.oadc.cz\/#\/schema\/logo\/image\/\",\"url\":\"https:\/\/www.oadc.cz\/wp-content\/uploads\/2020\/12\/EOA-logo_upr.png\",\"contentUrl\":\"https:\/\/www.oadc.cz\/wp-content\/uploads\/2020\/12\/EOA-logo_upr.png\",\"width\":850,\"height\":632,\"caption\":\"Evropsk\u00e1 Obchodn\u00ed Akademie\"},\"image\":{\"@id\":\"https:\/\/www.oadc.cz\/#\/schema\/logo\/image\/\"},\"sameAs\":[\"https:\/\/www.facebook.com\/eoadc\",\"https:\/\/www.instagram.com\/eoa.dc\/\"]},{\"@type\":\"Person\",\"@id\":\"https:\/\/www.oadc.cz\/#\/schema\/person\/114954177cdcfa49e728ffb3849ea18c\",\"name\":\"Jan Horais\",\"image\":{\"@type\":\"ImageObject\",\"inLanguage\":\"cs\",\"@id\":\"https:\/\/www.oadc.cz\/#\/schema\/person\/image\/\",\"url\":\"https:\/\/secure.gravatar.com\/avatar\/9f747f57fda48eee4f40361de292e2b6?s=96&d=mm&r=g\",\"contentUrl\":\"https:\/\/secure.gravatar.com\/avatar\/9f747f57fda48eee4f40361de292e2b6?s=96&d=mm&r=g\",\"caption\":\"Jan Horais\"},\"url\":\"https:\/\/www.oadc.cz\/index.php\/author\/jhorais\/\"}]}<\/script>\n<!-- \/ Yoast SEO plugin. -->","yoast_head_json":{"title":"Erasmus Days na Evropsk\u00e9 obchodn\u00ed akademii - Evropsk\u00e1 obchodn\u00ed akademie","robots":{"index":"index","follow":"follow","max-snippet":"max-snippet:-1","max-image-preview":"max-image-preview:large","max-video-preview":"max-video-preview:-1"},"canonical":"https:\/\/www.oadc.cz\/index.php\/2024\/09\/30\/erasmus-days-na-evropske-obchodni-akademii\/","og_locale":"cs_CZ","og_type":"article","og_title":"Erasmus Days na Evropsk\u00e9 obchodn\u00ed akademii - Evropsk\u00e1 obchodn\u00ed akademie","og_description":"Evropsk\u00e1 obchodn\u00ed akademie se i letos zapojuje do celoevropsk\u00e9ho festivalu ERASMUS DAYS a p\u0159ipravila pro v\u00e1s dv\u011b zaj\u00edmav\u00e9 akce. Prezentace student\u016f z pracovn\u00ed st\u00e1\u017ee v Dublinu Datum: 16. \u0159\u00edjna 2024 Na\u0161i studenti, kte\u0159\u00ed na ja\u0159e tohoto roku vycestovali na odbornou pracovn\u00ed st\u00e1\u017e do irsk\u00e9ho Dublinu, si pro v\u00e1s p\u0159ipravili prezentaci sv\u00fdch zku\u0161enost\u00ed. Svoje zku\u0161enosti z [&hellip;]","og_url":"https:\/\/www.oadc.cz\/index.php\/2024\/09\/30\/erasmus-days-na-evropske-obchodni-akademii\/","og_site_name":"Evropsk\u00e1 obchodn\u00ed akademie","article_publisher":"https:\/\/www.facebook.com\/eoadc","article_published_time":"2024-09-30T20:48:27+00:00","article_modified_time":"2024-09-30T20:53:24+00:00","og_image":[{"width":900,"height":368,"url":"https:\/\/www.oadc.cz\/wp-content\/uploads\/2024\/09\/EN_erasmusdays_logo_color_without_date_2024.jpg","type":"image\/jpeg"}],"author":"Jan Horais","twitter_card":"summary_large_image","twitter_misc":{"Napsal(a)":"Jan Horais","Odhadovan\u00e1 doba \u010dten\u00ed":"2 minuty"},"schema":{"@context":"https:\/\/schema.org","@graph":[{"@type":"Article","@id":"https:\/\/www.oadc.cz\/index.php\/2024\/09\/30\/erasmus-days-na-evropske-obchodni-akademii\/#article","isPartOf":{"@id":"https:\/\/www.oadc.cz\/index.php\/2024\/09\/30\/erasmus-days-na-evropske-obchodni-akademii\/"},"author":{"name":"Jan Horais","@id":"https:\/\/www.oadc.cz\/#\/schema\/person\/114954177cdcfa49e728ffb3849ea18c"},"headline":"Erasmus Days na Evropsk\u00e9 obchodn\u00ed akademii","datePublished":"2024-09-30T20:48:27+00:00","dateModified":"2024-09-30T20:53:24+00:00","mainEntityOfPage":{"@id":"https:\/\/www.oadc.cz\/index.php\/2024\/09\/30\/erasmus-days-na-evropske-obchodni-akademii\/"},"wordCount":284,"publisher":{"@id":"https:\/\/www.oadc.cz\/#organization"},"articleSection":["\u0161koln\u00ed akce"],"inLanguage":"cs"},{"@type":"WebPage","@id":"https:\/\/www.oadc.cz\/index.php\/2024\/09\/30\/erasmus-days-na-evropske-obchodni-akademii\/","url":"https:\/\/www.oadc.cz\/index.php\/2024\/09\/30\/erasmus-days-na-evropske-obchodni-akademii\/","name":"Erasmus Days na Evropsk\u00e9 obchodn\u00ed akademii - Evropsk\u00e1 obchodn\u00ed akademie","isPartOf":{"@id":"https:\/\/www.oadc.cz\/#website"},"datePublished":"2024-09-30T20:48:27+00:00","dateModified":"2024-09-30T20:53:24+00:00","breadcrumb":{"@id":"https:\/\/www.oadc.cz\/index.php\/2024\/09\/30\/erasmus-days-na-evropske-obchodni-akademii\/#breadcrumb"},"inLanguage":"cs","potentialAction":[{"@type":"ReadAction","target":["https:\/\/www.oadc.cz\/index.php\/2024\/09\/30\/erasmus-days-na-evropske-obchodni-akademii\/"]}]},{"@type":"BreadcrumbList","@id":"https:\/\/www.oadc.cz\/index.php\/2024\/09\/30\/erasmus-days-na-evropske-obchodni-akademii\/#breadcrumb","itemListElement":[{"@type":"ListItem","position":1,"name":"Dom\u016f","item":"https:\/\/www.oadc.cz\/"},{"@type":"ListItem","position":2,"name":"Erasmus Days na Evropsk\u00e9 obchodn\u00ed akademii"}]},{"@type":"WebSite","@id":"https:\/\/www.oadc.cz\/#website","url":"https:\/\/www.oadc.cz\/","name":"Evropsk\u00e1 obchodn\u00ed akademie","description":"st\u0159edn\u00ed odborn\u00e1 \u0161kola v D\u011b\u010d\u00edn\u011b","publisher":{"@id":"https:\/\/www.oadc.cz\/#organization"},"potentialAction":[{"@type":"SearchAction","target":{"@type":"EntryPoint","urlTemplate":"https:\/\/www.oadc.cz\/?s={search_term_string}"},"query-input":"required name=search_term_string"}],"inLanguage":"cs"},{"@type":"Organization","@id":"https:\/\/www.oadc.cz\/#organization","name":"Evropsk\u00e1 Obchodn\u00ed Akademie","url":"https:\/\/www.oadc.cz\/","logo":{"@type":"ImageObject","inLanguage":"cs","@id":"https:\/\/www.oadc.cz\/#\/schema\/logo\/image\/","url":"https:\/\/www.oadc.cz\/wp-content\/uploads\/2020\/12\/EOA-logo_upr.png","contentUrl":"https:\/\/www.oadc.cz\/wp-content\/uploads\/2020\/12\/EOA-logo_upr.png","width":850,"height":632,"caption":"Evropsk\u00e1 Obchodn\u00ed Akademie"},"image":{"@id":"https:\/\/www.oadc.cz\/#\/schema\/logo\/image\/"},"sameAs":["https:\/\/www.facebook.com\/eoadc","https:\/\/www.instagram.com\/eoa.dc\/"]},{"@type":"Person","@id":"https:\/\/www.oadc.cz\/#\/schema\/person\/114954177cdcfa49e728ffb3849ea18c","name":"Jan Horais","image":{"@type":"ImageObject","inLanguage":"cs","@id":"https:\/\/www.oadc.cz\/#\/schema\/person\/image\/","url":"https:\/\/secure.gravatar.com\/avatar\/9f747f57fda48eee4f40361de292e2b6?s=96&d=mm&r=g","contentUrl":"https:\/\/secure.gravatar.com\/avatar\/9f747f57fda48eee4f40361de292e2b6?s=96&d=mm&r=g","caption":"Jan Horais"},"url":"https:\/\/www.oadc.cz\/index.php\/author\/jhorais\/"}]}},"_links":{"self":[{"href":"https:\/\/www.oadc.cz\/index.php\/wp-json\/wp\/v2\/posts\/9005"}],"collection":[{"href":"https:\/\/www.oadc.cz\/index.php\/wp-json\/wp\/v2\/posts"}],"about":[{"href":"https:\/\/www.oadc.cz\/index.php\/wp-json\/wp\/v2\/types\/post"}],"author":[{"embeddable":true,"href":"https:\/\/www.oadc.cz\/index.php\/wp-json\/wp\/v2\/users\/2"}],"replies":[{"embeddable":true,"href":"https:\/\/www.oadc.cz\/index.php\/wp-json\/wp\/v2\/comments?post=9005"}],"version-history":[{"count":8,"href":"https:\/\/www.oadc.cz\/index.php\/wp-json\/wp\/v2\/posts\/9005\/revisions"}],"predecessor-version":[{"id":9013,"href":"https:\/\/www.oadc.cz\/index.php\/wp-json\/wp\/v2\/posts\/9005\/revisions\/9013"}],"wp:featuredmedia":[{"embeddable":true,"href":"https:\/\/www.oadc.cz\/index.php\/wp-json\/wp\/v2\/media\/8997"}],"wp:attachment":[{"href":"https:\/\/www.oadc.cz\/index.php\/wp-json\/wp\/v2\/media?parent=9005"}],"wp:term":[{"taxonomy":"category","embeddable":true,"href":"https:\/\/www.oadc.cz\/index.php\/wp-json\/wp\/v2\/categories?post=9005"},{"taxonomy":"post_tag","embeddable":true,"href":"https:\/\/www.oadc.cz\/index.php\/wp-json\/wp\/v2\/tags?post=9005"}],"curies":[{"name":"wp","href":"https:\/\/api.w.org\/{rel}","templated":true}]}}