{"id":8280,"date":"2024-04-02T16:34:06","date_gmt":"2024-04-02T15:34:06","guid":{"rendered":"https:\/\/www.oadc.cz\/?p=8280"},"modified":"2024-04-02T16:59:35","modified_gmt":"2024-04-02T15:59:35","slug":"akademie-diky-ze-muzem","status":"publish","type":"post","link":"https:\/\/www.oadc.cz\/index.php\/2024\/04\/02\/akademie-diky-ze-muzem\/","title":{"rendered":"Akademie D\u00edky, \u017ee m\u016f\u017eem"},"content":{"rendered":"\t\t<div data-elementor-type=\"wp-post\" data-elementor-id=\"8280\" class=\"elementor elementor-8280\" data-elementor-post-type=\"post\">\n\t\t\t\t<div class=\"elementor-element elementor-element-46c34dd e-flex e-con-boxed e-con e-parent\" data-id=\"46c34dd\" data-element_type=\"container\" data-settings=\"{&quot;content_width&quot;:&quot;boxed&quot;}\" data-core-v316-plus=\"true\">\n\t\t\t\t\t<div class=\"e-con-inner\">\n\t\t\t\t<div class=\"elementor-element elementor-element-cc43bfd elementor-widget elementor-widget-text-editor\" data-id=\"cc43bfd\" data-element_type=\"widget\" data-widget_type=\"text-editor.default\">\n\t\t\t\t<div class=\"elementor-widget-container\">\n\t\t\t<style>\/*! elementor - v3.19.0 - 26-02-2024 *\/\n.elementor-widget-text-editor.elementor-drop-cap-view-stacked .elementor-drop-cap{background-color:#69727d;color:#fff}.elementor-widget-text-editor.elementor-drop-cap-view-framed .elementor-drop-cap{color:#69727d;border:3px solid;background-color:transparent}.elementor-widget-text-editor:not(.elementor-drop-cap-view-default) .elementor-drop-cap{margin-top:8px}.elementor-widget-text-editor:not(.elementor-drop-cap-view-default) .elementor-drop-cap-letter{width:1em;height:1em}.elementor-widget-text-editor .elementor-drop-cap{float:left;text-align:center;line-height:1;font-size:50px}.elementor-widget-text-editor .elementor-drop-cap-letter{display:inline-block}<\/style>\t\t\t\t<p>Ve dnech 22. 3. a 23. 3. 2024 jsme se z\u00fa\u010dastnili akce s n\u00e1zvem <strong>Akademie D\u00edky, \u017ee m\u016f\u017eem<\/strong>. B\u011bhem dvou dn\u016f jsme se dozv\u011bd\u011bli d\u016fle\u017eit\u00e9 a zaj\u00edmav\u00e9 informace t\u00fdkaj\u00edc\u00ed se Evropsk\u00e9 Unie, a proto bychom v\u00e1m cht\u011bli tuto akc\u00ed p\u0159ibl\u00ed\u017eit. Cel\u00fd program se odehr\u00e1val v Praze. Po p\u0159\u00edjezdu jsme zam\u00ed\u0159ili do do Kampusu Hybernsk\u00e1, kter\u00fd se nach\u00e1z\u00ed v bl\u00edzkosti n\u00e1m\u011bst\u00ed Republiky. Po kr\u00e1tk\u00e9m uv\u00edt\u00e1n\u00ed jsme se sezn\u00e1mili s ostatn\u00edmi \u00fa\u010dastn\u00edky. Celkem se se\u0161lo 81 student\u016f z 31 r\u016fzn\u00fdch \u0161kol z cel\u00e9 \u010cesk\u00e9 republiky.<\/p><p>N\u00e1sledovala prvn\u00ed \u201chra\u201d. Sestavili jsme t\u00fdm se dv\u011bma studenty z Mostu a vyrazili jsme prozkoum\u00e1vat Prahu. Pohybovali jsme se za pomoci mobiln\u00ed aplikace, kter\u00e1 n\u00e1s navigovala po r\u016fzn\u00fdch m\u00edstech v centru. Ka\u017ed\u00e1 zast\u00e1vka byla spojena s ur\u010dit\u00fdm \u00fakolem, kter\u00fd se t\u00fdkal Evropsk\u00e9 unie. D\u00edky znalostem ze \u0161koly jsme nem\u011bli z \u017e\u00e1dn\u00fdm \u00fakolem probl\u00e9m a celkov\u011b jsme se um\u00edstili na t\u0159et\u00edm m\u00edst\u011b. K ve\u010deru jsme se vr\u00e1tili do kampusu, kde na n\u00e1s \u010dekalo setk\u00e1n\u00ed s liaison officers. Jedn\u00e1 se o lidi, kte\u0159\u00ed se p\u0159\u00edmo pod\u00edleli na p\u0159edsednictv\u00ed \u010cesk\u00e9 republiky v Rad\u011b EU. V podstat\u011b byli spojen\u00edm mezi EU a jednotliv\u00fdmi \u010dlensk\u00fdmi st\u00e1ty. Pot\u00e9 jsme se dob\u0159e nave\u010de\u0159eli a p\u0159em\u00edstili se do nedalek\u00e9ho hostelu.<\/p><p>V\u011bt\u0161inu druh\u00e9ho dne jsme str\u00e1vili v budov\u011b UMPRUM. Nejprve jsme si p\u0159ehr\u00e1vali n\u00e1mi vytvo\u0159en\u00e1 kr\u00e1tk\u00e1 videa, kter\u00e1 m\u011bla motivovat ostatn\u00ed zem\u011b Evropy p\u0159ipojit se do EU. Tato \u010d\u00e1st programu byla z\u00e1bavn\u00e1 a pomohla v\u0161em uv\u011bdomit si, co n\u00e1m \u010dlenstv\u00ed v EU p\u0159in\u00e1\u0161\u00ed. D\u00e1le jsme se z\u00fa\u010dastnili rozhovoru a podcastu s lidmi, kte\u0159\u00ed se zaj\u00edmaj\u00ed o d\u011bn\u00ed EU jako t\u0159eba influencer Lukefry, kter\u00fd roz\u0161i\u0159uje pov\u011bdom\u00ed o politick\u00e9m d\u011bn\u00ed u mlad\u00fdch lid\u00ed. Pot\u00e9 jsme se vydali do Europa Experience, co\u017e je nov\u011b vybudovan\u00e9 informa\u010dn\u00ed centrum EU. Na z\u00e1v\u011br cel\u00e9 akce pro n\u00e1s byly p\u0159ipraveny vzd\u011bl\u00e1vac\u00ed workshopy. My jsme se z\u00fa\u010dastnili workshopu na t\u00e9ma M\u00e9dia a dezinformace.<\/p><p>Celkov\u011b pro n\u00e1s akce byla velice nau\u010dn\u00e1, dozv\u011bd\u011bli jsme se nov\u00e9 informace, p\u0159esto\u017ee mnoh\u00e9 jsme ji\u017e znali ze \u0161koly, a hlavn\u011b jsme si to u\u017eili.<\/p><p>Martin, Petr a Luk\u00e1\u0161<\/p>\t\t\t\t\t\t<\/div>\n\t\t\t\t<\/div>\n\t\t\t\t\t<\/div>\n\t\t\t\t<\/div>\n\t\t<div class=\"elementor-element elementor-element-35cc2dc e-flex e-con-boxed e-con e-parent\" data-id=\"35cc2dc\" data-element_type=\"container\" data-settings=\"{&quot;content_width&quot;:&quot;boxed&quot;}\" data-core-v316-plus=\"true\">\n\t\t\t\t\t<div class=\"e-con-inner\">\n\t\t\t\t<div class=\"elementor-element elementor-element-de9619d elementor-widget elementor-widget-gallery\" data-id=\"de9619d\" data-element_type=\"widget\" data-settings=\"{&quot;lazyload&quot;:&quot;yes&quot;,&quot;gallery_layout&quot;:&quot;grid&quot;,&quot;columns&quot;:4,&quot;columns_tablet&quot;:2,&quot;columns_mobile&quot;:1,&quot;gap&quot;:{&quot;unit&quot;:&quot;px&quot;,&quot;size&quot;:10,&quot;sizes&quot;:[]},&quot;gap_tablet&quot;:{&quot;unit&quot;:&quot;px&quot;,&quot;size&quot;:10,&quot;sizes&quot;:[]},&quot;gap_mobile&quot;:{&quot;unit&quot;:&quot;px&quot;,&quot;size&quot;:10,&quot;sizes&quot;:[]},&quot;link_to&quot;:&quot;file&quot;,&quot;aspect_ratio&quot;:&quot;3:2&quot;,&quot;overlay_background&quot;:&quot;yes&quot;,&quot;content_hover_animation&quot;:&quot;fade-in&quot;}\" data-widget_type=\"gallery.default\">\n\t\t\t\t<div class=\"elementor-widget-container\">\n\t\t\t<style>\/*! elementor-pro - v3.19.0 - 26-02-2024 *\/\n.elementor-gallery__container{min-height:1px}.elementor-gallery-item{position:relative;overflow:hidden;display:block;text-decoration:none;border:solid var(--image-border-width) var(--image-border-color);border-radius:var(--image-border-radius)}.elementor-gallery-item__content,.elementor-gallery-item__overlay{height:100%;width:100%;position:absolute;top:0;left:0}.elementor-gallery-item__overlay{mix-blend-mode:var(--overlay-mix-blend-mode);transition-duration:var(--overlay-transition-duration);transition-property:mix-blend-mode,transform,opacity,background-color}.elementor-gallery-item__image.e-gallery-image{transition-duration:var(--image-transition-duration);transition-property:filter,transform}.elementor-gallery-item__content{display:flex;flex-direction:column;justify-content:var(--content-justify-content,center);align-items:center;text-align:var(--content-text-align);padding:var(--content-padding)}.elementor-gallery-item__content>div{transition-duration:var(--content-transition-duration)}.elementor-gallery-item__content.elementor-gallery--sequenced-animation>div:nth-child(2){transition-delay:calc(var(--content-transition-delay) \/ 3)}.elementor-gallery-item__content.elementor-gallery--sequenced-animation>div:nth-child(3){transition-delay:calc(var(--content-transition-delay) \/ 3 * 2)}.elementor-gallery-item__content.elementor-gallery--sequenced-animation>div:nth-child(4){transition-delay:calc(var(--content-transition-delay) \/ 3 * 3)}.elementor-gallery-item__description{color:var(--description-text-color,#fff);width:100%}.elementor-gallery-item__title{color:var(--title-text-color,#fff);font-weight:700;width:100%}.elementor-gallery__titles-container{display:flex;flex-wrap:wrap;justify-content:var(--titles-container-justify-content,center);margin-bottom:20px}.elementor-gallery__titles-container:not(.e--pointer-framed) .elementor-item:after,.elementor-gallery__titles-container:not(.e--pointer-framed) .elementor-item:before{background-color:var(--galleries-pointer-bg-color-hover)}.elementor-gallery__titles-container:not(.e--pointer-framed) .elementor-item.elementor-item-active:after,.elementor-gallery__titles-container:not(.e--pointer-framed) .elementor-item.elementor-item-active:before{background-color:var(--galleries-pointer-bg-color-active)}.elementor-gallery__titles-container.e--pointer-framed .elementor-item:before{border-color:var(--galleries-pointer-bg-color-hover);border-width:var(--galleries-pointer-border-width)}.elementor-gallery__titles-container.e--pointer-framed .elementor-item:after{border-color:var(--galleries-pointer-bg-color-hover)}.elementor-gallery__titles-container.e--pointer-framed .elementor-item.elementor-item-active:after,.elementor-gallery__titles-container.e--pointer-framed .elementor-item.elementor-item-active:before{border-color:var(--galleries-pointer-bg-color-active)}.elementor-gallery__titles-container.e--pointer-framed.e--animation-draw .elementor-item:before{border-left-width:var(--galleries-pointer-border-width);border-bottom-width:var(--galleries-pointer-border-width);border-right-width:0;border-top-width:0}.elementor-gallery__titles-container.e--pointer-framed.e--animation-draw .elementor-item:after{border-left-width:0;border-bottom-width:0;border-right-width:var(--galleries-pointer-border-width);border-top-width:var(--galleries-pointer-border-width)}.elementor-gallery__titles-container.e--pointer-framed.e--animation-corners .elementor-item:before{border-left-width:var(--galleries-pointer-border-width);border-bottom-width:0;border-right-width:0;border-top-width:var(--galleries-pointer-border-width)}.elementor-gallery__titles-container.e--pointer-framed.e--animation-corners .elementor-item:after{border-left-width:0;border-bottom-width:var(--galleries-pointer-border-width);border-right-width:var(--galleries-pointer-border-width);border-top-width:0}.elementor-gallery__titles-container .e--pointer-double-line .elementor-item:after,.elementor-gallery__titles-container .e--pointer-double-line .elementor-item:before,.elementor-gallery__titles-container .e--pointer-overline .elementor-item:before,.elementor-gallery__titles-container .e--pointer-underline .elementor-item:after{height:var(--galleries-pointer-border-width)}.elementor-gallery-title{--space-between:10px;cursor:pointer;color:#6d7882;font-weight:500;position:relative;padding:7px 14px;transition:all .3s}.elementor-gallery-title--active{color:#495157}.elementor-gallery-title:not(:last-child){margin-right:var(--space-between)}.elementor-gallery-item__title+.elementor-gallery-item__description{margin-top:var(--description-margin-top)}.e-gallery-item.elementor-gallery-item{transition-property:all}.e-gallery-item.elementor-animated-content .elementor-animated-item--enter-from-bottom,.e-gallery-item.elementor-animated-content .elementor-animated-item--enter-from-left,.e-gallery-item.elementor-animated-content .elementor-animated-item--enter-from-right,.e-gallery-item.elementor-animated-content .elementor-animated-item--enter-from-top,.e-gallery-item:focus .elementor-gallery__item-overlay-bg,.e-gallery-item:focus .elementor-gallery__item-overlay-content,.e-gallery-item:focus .elementor-gallery__item-overlay-content__description,.e-gallery-item:focus .elementor-gallery__item-overlay-content__title,.e-gallery-item:hover .elementor-gallery__item-overlay-bg,.e-gallery-item:hover .elementor-gallery__item-overlay-content,.e-gallery-item:hover .elementor-gallery__item-overlay-content__description,.e-gallery-item:hover .elementor-gallery__item-overlay-content__title{opacity:1}a.elementor-item.elementor-gallery-title{color:var(--galleries-title-color-normal)}a.elementor-item.elementor-gallery-title.elementor-item-active,a.elementor-item.elementor-gallery-title.highlighted,a.elementor-item.elementor-gallery-title:focus,a.elementor-item.elementor-gallery-title:hover{color:var(--galleries-title-color-hover)}a.elementor-item.elementor-gallery-title.elementor-item-active{color:var(--gallery-title-color-active)}.e-con-inner>.elementor-widget-gallery,.e-con>.elementor-widget-gallery{width:var(--container-widget-width);--flex-grow:var(--container-widget-flex-grow)}<\/style>\t\t<div class=\"elementor-gallery__container\">\n\t\t\t\t\t\t\t<a class=\"e-gallery-item elementor-gallery-item elementor-animated-content\" href=\"https:\/\/www.oadc.cz\/wp-content\/uploads\/2024\/04\/IMG_1261.jpg\" data-elementor-open-lightbox=\"yes\" data-elementor-lightbox-slideshow=\"de9619d\" data-elementor-lightbox-title=\"IMG_1261\" data-e-action-hash=\"#elementor-action%3Aaction%3Dlightbox%26settings%3DeyJpZCI6ODI3OSwidXJsIjoiaHR0cHM6XC9cL3d3dy5vYWRjLmN6XC93cC1jb250ZW50XC91cGxvYWRzXC8yMDI0XC8wNFwvSU1HXzEyNjEuanBnIiwic2xpZGVzaG93IjoiZGU5NjE5ZCJ9\">\n\t\t\t\t\t<div class=\"e-gallery-image elementor-gallery-item__image\" data-thumbnail=\"https:\/\/www.oadc.cz\/wp-content\/uploads\/2024\/04\/IMG_1261-300x280.jpg\" data-width=\"300\" data-height=\"280\" aria-label=\"Akademie D\u00edky, \u017ee m\u016f\u017eem\" role=\"img\" ><\/div>\n\t\t\t\t\t\t\t\t\t\t\t<div class=\"elementor-gallery-item__overlay\"><\/div>\n\t\t\t\t\t\t\t\t\t\t\t\t\t\t<\/a>\n\t\t\t\t\t\t\t<a class=\"e-gallery-item elementor-gallery-item elementor-animated-content\" href=\"https:\/\/www.oadc.cz\/wp-content\/uploads\/2024\/04\/IMG_1258-scaled.jpg\" data-elementor-open-lightbox=\"yes\" data-elementor-lightbox-slideshow=\"de9619d\" data-elementor-lightbox-title=\"IMG_1258\" data-e-action-hash=\"#elementor-action%3Aaction%3Dlightbox%26settings%3DeyJpZCI6ODI3OCwidXJsIjoiaHR0cHM6XC9cL3d3dy5vYWRjLmN6XC93cC1jb250ZW50XC91cGxvYWRzXC8yMDI0XC8wNFwvSU1HXzEyNTgtc2NhbGVkLmpwZyIsInNsaWRlc2hvdyI6ImRlOTYxOWQifQ%3D%3D\">\n\t\t\t\t\t<div class=\"e-gallery-image elementor-gallery-item__image\" data-thumbnail=\"https:\/\/www.oadc.cz\/wp-content\/uploads\/2024\/04\/IMG_1258-225x300.jpg\" data-width=\"225\" data-height=\"300\" aria-label=\"Akademie D\u00edky, \u017ee m\u016f\u017eem\" role=\"img\" ><\/div>\n\t\t\t\t\t\t\t\t\t\t\t<div class=\"elementor-gallery-item__overlay\"><\/div>\n\t\t\t\t\t\t\t\t\t\t\t\t\t\t<\/a>\n\t\t\t\t\t\t\t<a class=\"e-gallery-item elementor-gallery-item elementor-animated-content\" href=\"https:\/\/www.oadc.cz\/wp-content\/uploads\/2024\/04\/IMG_1245-scaled.jpg\" data-elementor-open-lightbox=\"yes\" data-elementor-lightbox-slideshow=\"de9619d\" data-elementor-lightbox-title=\"IMG_1245\" data-e-action-hash=\"#elementor-action%3Aaction%3Dlightbox%26settings%3DeyJpZCI6ODI3NiwidXJsIjoiaHR0cHM6XC9cL3d3dy5vYWRjLmN6XC93cC1jb250ZW50XC91cGxvYWRzXC8yMDI0XC8wNFwvSU1HXzEyNDUtc2NhbGVkLmpwZyIsInNsaWRlc2hvdyI6ImRlOTYxOWQifQ%3D%3D\">\n\t\t\t\t\t<div class=\"e-gallery-image elementor-gallery-item__image\" data-thumbnail=\"https:\/\/www.oadc.cz\/wp-content\/uploads\/2024\/04\/IMG_1245-225x300.jpg\" data-width=\"225\" data-height=\"300\" aria-label=\"Akademie D\u00edky, \u017ee m\u016f\u017eem\" role=\"img\" ><\/div>\n\t\t\t\t\t\t\t\t\t\t\t<div class=\"elementor-gallery-item__overlay\"><\/div>\n\t\t\t\t\t\t\t\t\t\t\t\t\t\t<\/a>\n\t\t\t\t\t<\/div>\n\t\t\t<\/div>\n\t\t\t\t<\/div>\n\t\t\t\t\t<\/div>\n\t\t\t\t<\/div>\n\t\t\t\t<\/div>\n\t\t","protected":false},"excerpt":{"rendered":"<p>Ve dnech 22. 3. a 23. 3. 2024 jsme se z\u00fa\u010dastnili akce s n\u00e1zvem Akademie D\u00edky, \u017ee m\u016f\u017eem. B\u011bhem dvou dn\u016f jsme se dozv\u011bd\u011bli d\u016fle\u017eit\u00e9 a zaj\u00edmav\u00e9 informace t\u00fdkaj\u00edc\u00ed se Evropsk\u00e9 Unie, a proto bychom v\u00e1m cht\u011bli tuto akc\u00ed p\u0159ibl\u00ed\u017eit. Cel\u00fd program se odehr\u00e1val v Praze. Po p\u0159\u00edjezdu jsme zam\u00ed\u0159ili do do Kampusu Hybernsk\u00e1, kter\u00fd [&hellip;]<\/p>\n","protected":false},"author":2,"featured_media":8277,"comment_status":"closed","ping_status":"closed","sticky":false,"template":"","format":"standard","meta":{"footnotes":""},"categories":[15],"tags":[],"yoast_head":"<!-- This site is optimized with the Yoast SEO plugin v22.1 - https:\/\/yoast.com\/wordpress\/plugins\/seo\/ -->\n<title>Akademie D\u00edky, \u017ee m\u016f\u017eem - Evropsk\u00e1 obchodn\u00ed akademie<\/title>\n<meta name=\"robots\" content=\"index, follow, max-snippet:-1, max-image-preview:large, max-video-preview:-1\" \/>\n<link rel=\"canonical\" href=\"https:\/\/www.oadc.cz\/index.php\/2024\/04\/02\/akademie-diky-ze-muzem\/\" \/>\n<meta property=\"og:locale\" content=\"cs_CZ\" \/>\n<meta property=\"og:type\" content=\"article\" \/>\n<meta property=\"og:title\" content=\"Akademie D\u00edky, \u017ee m\u016f\u017eem - Evropsk\u00e1 obchodn\u00ed akademie\" \/>\n<meta property=\"og:description\" content=\"Ve dnech 22. 3. a 23. 3. 2024 jsme se z\u00fa\u010dastnili akce s n\u00e1zvem Akademie D\u00edky, \u017ee m\u016f\u017eem. B\u011bhem dvou dn\u016f jsme se dozv\u011bd\u011bli d\u016fle\u017eit\u00e9 a zaj\u00edmav\u00e9 informace t\u00fdkaj\u00edc\u00ed se Evropsk\u00e9 Unie, a proto bychom v\u00e1m cht\u011bli tuto akc\u00ed p\u0159ibl\u00ed\u017eit. Cel\u00fd program se odehr\u00e1val v Praze. Po p\u0159\u00edjezdu jsme zam\u00ed\u0159ili do do Kampusu Hybernsk\u00e1, kter\u00fd [&hellip;]\" \/>\n<meta property=\"og:url\" content=\"https:\/\/www.oadc.cz\/index.php\/2024\/04\/02\/akademie-diky-ze-muzem\/\" \/>\n<meta property=\"og:site_name\" content=\"Evropsk\u00e1 obchodn\u00ed akademie\" \/>\n<meta property=\"article:publisher\" content=\"https:\/\/www.facebook.com\/eoadc\" \/>\n<meta property=\"article:published_time\" content=\"2024-04-02T15:34:06+00:00\" \/>\n<meta property=\"article:modified_time\" content=\"2024-04-02T15:59:35+00:00\" \/>\n<meta property=\"og:image\" content=\"https:\/\/www.oadc.cz\/wp-content\/uploads\/2024\/04\/IMG_1245-n.jpg\" \/>\n\t<meta property=\"og:image:width\" content=\"800\" \/>\n\t<meta property=\"og:image:height\" content=\"642\" \/>\n\t<meta property=\"og:image:type\" content=\"image\/jpeg\" \/>\n<meta name=\"author\" content=\"Jan Horais\" \/>\n<meta name=\"twitter:card\" content=\"summary_large_image\" \/>\n<meta name=\"twitter:label1\" content=\"Napsal(a)\" \/>\n\t<meta name=\"twitter:data1\" content=\"Jan Horais\" \/>\n\t<meta name=\"twitter:label2\" content=\"Odhadovan\u00e1 doba \u010dten\u00ed\" \/>\n\t<meta name=\"twitter:data2\" content=\"2 minuty\" \/>\n<script type=\"application\/ld+json\" class=\"yoast-schema-graph\">{\"@context\":\"https:\/\/schema.org\",\"@graph\":[{\"@type\":\"Article\",\"@id\":\"https:\/\/www.oadc.cz\/index.php\/2024\/04\/02\/akademie-diky-ze-muzem\/#article\",\"isPartOf\":{\"@id\":\"https:\/\/www.oadc.cz\/index.php\/2024\/04\/02\/akademie-diky-ze-muzem\/\"},\"author\":{\"name\":\"Jan Horais\",\"@id\":\"https:\/\/www.oadc.cz\/#\/schema\/person\/114954177cdcfa49e728ffb3849ea18c\"},\"headline\":\"Akademie D\u00edky, \u017ee m\u016f\u017eem\",\"datePublished\":\"2024-04-02T15:34:06+00:00\",\"dateModified\":\"2024-04-02T15:59:35+00:00\",\"mainEntityOfPage\":{\"@id\":\"https:\/\/www.oadc.cz\/index.php\/2024\/04\/02\/akademie-diky-ze-muzem\/\"},\"wordCount\":442,\"publisher\":{\"@id\":\"https:\/\/www.oadc.cz\/#organization\"},\"articleSection\":[\"\u0161koln\u00ed akce\"],\"inLanguage\":\"cs\"},{\"@type\":\"WebPage\",\"@id\":\"https:\/\/www.oadc.cz\/index.php\/2024\/04\/02\/akademie-diky-ze-muzem\/\",\"url\":\"https:\/\/www.oadc.cz\/index.php\/2024\/04\/02\/akademie-diky-ze-muzem\/\",\"name\":\"Akademie D\u00edky, \u017ee m\u016f\u017eem - Evropsk\u00e1 obchodn\u00ed akademie\",\"isPartOf\":{\"@id\":\"https:\/\/www.oadc.cz\/#website\"},\"datePublished\":\"2024-04-02T15:34:06+00:00\",\"dateModified\":\"2024-04-02T15:59:35+00:00\",\"breadcrumb\":{\"@id\":\"https:\/\/www.oadc.cz\/index.php\/2024\/04\/02\/akademie-diky-ze-muzem\/#breadcrumb\"},\"inLanguage\":\"cs\",\"potentialAction\":[{\"@type\":\"ReadAction\",\"target\":[\"https:\/\/www.oadc.cz\/index.php\/2024\/04\/02\/akademie-diky-ze-muzem\/\"]}]},{\"@type\":\"BreadcrumbList\",\"@id\":\"https:\/\/www.oadc.cz\/index.php\/2024\/04\/02\/akademie-diky-ze-muzem\/#breadcrumb\",\"itemListElement\":[{\"@type\":\"ListItem\",\"position\":1,\"name\":\"Dom\u016f\",\"item\":\"https:\/\/www.oadc.cz\/\"},{\"@type\":\"ListItem\",\"position\":2,\"name\":\"Akademie D\u00edky, \u017ee m\u016f\u017eem\"}]},{\"@type\":\"WebSite\",\"@id\":\"https:\/\/www.oadc.cz\/#website\",\"url\":\"https:\/\/www.oadc.cz\/\",\"name\":\"Evropsk\u00e1 obchodn\u00ed akademie\",\"description\":\"st\u0159edn\u00ed odborn\u00e1 \u0161kola v D\u011b\u010d\u00edn\u011b\",\"publisher\":{\"@id\":\"https:\/\/www.oadc.cz\/#organization\"},\"potentialAction\":[{\"@type\":\"SearchAction\",\"target\":{\"@type\":\"EntryPoint\",\"urlTemplate\":\"https:\/\/www.oadc.cz\/?s={search_term_string}\"},\"query-input\":\"required name=search_term_string\"}],\"inLanguage\":\"cs\"},{\"@type\":\"Organization\",\"@id\":\"https:\/\/www.oadc.cz\/#organization\",\"name\":\"Evropsk\u00e1 Obchodn\u00ed Akademie\",\"url\":\"https:\/\/www.oadc.cz\/\",\"logo\":{\"@type\":\"ImageObject\",\"inLanguage\":\"cs\",\"@id\":\"https:\/\/www.oadc.cz\/#\/schema\/logo\/image\/\",\"url\":\"https:\/\/www.oadc.cz\/wp-content\/uploads\/2020\/12\/EOA-logo_upr.png\",\"contentUrl\":\"https:\/\/www.oadc.cz\/wp-content\/uploads\/2020\/12\/EOA-logo_upr.png\",\"width\":850,\"height\":632,\"caption\":\"Evropsk\u00e1 Obchodn\u00ed Akademie\"},\"image\":{\"@id\":\"https:\/\/www.oadc.cz\/#\/schema\/logo\/image\/\"},\"sameAs\":[\"https:\/\/www.facebook.com\/eoadc\",\"https:\/\/www.instagram.com\/eoa.dc\/\"]},{\"@type\":\"Person\",\"@id\":\"https:\/\/www.oadc.cz\/#\/schema\/person\/114954177cdcfa49e728ffb3849ea18c\",\"name\":\"Jan Horais\",\"image\":{\"@type\":\"ImageObject\",\"inLanguage\":\"cs\",\"@id\":\"https:\/\/www.oadc.cz\/#\/schema\/person\/image\/\",\"url\":\"https:\/\/secure.gravatar.com\/avatar\/9f747f57fda48eee4f40361de292e2b6?s=96&d=mm&r=g\",\"contentUrl\":\"https:\/\/secure.gravatar.com\/avatar\/9f747f57fda48eee4f40361de292e2b6?s=96&d=mm&r=g\",\"caption\":\"Jan Horais\"},\"url\":\"https:\/\/www.oadc.cz\/index.php\/author\/jhorais\/\"}]}<\/script>\n<!-- \/ Yoast SEO plugin. -->","yoast_head_json":{"title":"Akademie D\u00edky, \u017ee m\u016f\u017eem - Evropsk\u00e1 obchodn\u00ed akademie","robots":{"index":"index","follow":"follow","max-snippet":"max-snippet:-1","max-image-preview":"max-image-preview:large","max-video-preview":"max-video-preview:-1"},"canonical":"https:\/\/www.oadc.cz\/index.php\/2024\/04\/02\/akademie-diky-ze-muzem\/","og_locale":"cs_CZ","og_type":"article","og_title":"Akademie D\u00edky, \u017ee m\u016f\u017eem - Evropsk\u00e1 obchodn\u00ed akademie","og_description":"Ve dnech 22. 3. a 23. 3. 2024 jsme se z\u00fa\u010dastnili akce s n\u00e1zvem Akademie D\u00edky, \u017ee m\u016f\u017eem. B\u011bhem dvou dn\u016f jsme se dozv\u011bd\u011bli d\u016fle\u017eit\u00e9 a zaj\u00edmav\u00e9 informace t\u00fdkaj\u00edc\u00ed se Evropsk\u00e9 Unie, a proto bychom v\u00e1m cht\u011bli tuto akc\u00ed p\u0159ibl\u00ed\u017eit. Cel\u00fd program se odehr\u00e1val v Praze. Po p\u0159\u00edjezdu jsme zam\u00ed\u0159ili do do Kampusu Hybernsk\u00e1, kter\u00fd [&hellip;]","og_url":"https:\/\/www.oadc.cz\/index.php\/2024\/04\/02\/akademie-diky-ze-muzem\/","og_site_name":"Evropsk\u00e1 obchodn\u00ed akademie","article_publisher":"https:\/\/www.facebook.com\/eoadc","article_published_time":"2024-04-02T15:34:06+00:00","article_modified_time":"2024-04-02T15:59:35+00:00","og_image":[{"width":800,"height":642,"url":"https:\/\/www.oadc.cz\/wp-content\/uploads\/2024\/04\/IMG_1245-n.jpg","type":"image\/jpeg"}],"author":"Jan Horais","twitter_card":"summary_large_image","twitter_misc":{"Napsal(a)":"Jan Horais","Odhadovan\u00e1 doba \u010dten\u00ed":"2 minuty"},"schema":{"@context":"https:\/\/schema.org","@graph":[{"@type":"Article","@id":"https:\/\/www.oadc.cz\/index.php\/2024\/04\/02\/akademie-diky-ze-muzem\/#article","isPartOf":{"@id":"https:\/\/www.oadc.cz\/index.php\/2024\/04\/02\/akademie-diky-ze-muzem\/"},"author":{"name":"Jan Horais","@id":"https:\/\/www.oadc.cz\/#\/schema\/person\/114954177cdcfa49e728ffb3849ea18c"},"headline":"Akademie D\u00edky, \u017ee m\u016f\u017eem","datePublished":"2024-04-02T15:34:06+00:00","dateModified":"2024-04-02T15:59:35+00:00","mainEntityOfPage":{"@id":"https:\/\/www.oadc.cz\/index.php\/2024\/04\/02\/akademie-diky-ze-muzem\/"},"wordCount":442,"publisher":{"@id":"https:\/\/www.oadc.cz\/#organization"},"articleSection":["\u0161koln\u00ed akce"],"inLanguage":"cs"},{"@type":"WebPage","@id":"https:\/\/www.oadc.cz\/index.php\/2024\/04\/02\/akademie-diky-ze-muzem\/","url":"https:\/\/www.oadc.cz\/index.php\/2024\/04\/02\/akademie-diky-ze-muzem\/","name":"Akademie D\u00edky, \u017ee m\u016f\u017eem - Evropsk\u00e1 obchodn\u00ed akademie","isPartOf":{"@id":"https:\/\/www.oadc.cz\/#website"},"datePublished":"2024-04-02T15:34:06+00:00","dateModified":"2024-04-02T15:59:35+00:00","breadcrumb":{"@id":"https:\/\/www.oadc.cz\/index.php\/2024\/04\/02\/akademie-diky-ze-muzem\/#breadcrumb"},"inLanguage":"cs","potentialAction":[{"@type":"ReadAction","target":["https:\/\/www.oadc.cz\/index.php\/2024\/04\/02\/akademie-diky-ze-muzem\/"]}]},{"@type":"BreadcrumbList","@id":"https:\/\/www.oadc.cz\/index.php\/2024\/04\/02\/akademie-diky-ze-muzem\/#breadcrumb","itemListElement":[{"@type":"ListItem","position":1,"name":"Dom\u016f","item":"https:\/\/www.oadc.cz\/"},{"@type":"ListItem","position":2,"name":"Akademie D\u00edky, \u017ee m\u016f\u017eem"}]},{"@type":"WebSite","@id":"https:\/\/www.oadc.cz\/#website","url":"https:\/\/www.oadc.cz\/","name":"Evropsk\u00e1 obchodn\u00ed akademie","description":"st\u0159edn\u00ed odborn\u00e1 \u0161kola v D\u011b\u010d\u00edn\u011b","publisher":{"@id":"https:\/\/www.oadc.cz\/#organization"},"potentialAction":[{"@type":"SearchAction","target":{"@type":"EntryPoint","urlTemplate":"https:\/\/www.oadc.cz\/?s={search_term_string}"},"query-input":"required name=search_term_string"}],"inLanguage":"cs"},{"@type":"Organization","@id":"https:\/\/www.oadc.cz\/#organization","name":"Evropsk\u00e1 Obchodn\u00ed Akademie","url":"https:\/\/www.oadc.cz\/","logo":{"@type":"ImageObject","inLanguage":"cs","@id":"https:\/\/www.oadc.cz\/#\/schema\/logo\/image\/","url":"https:\/\/www.oadc.cz\/wp-content\/uploads\/2020\/12\/EOA-logo_upr.png","contentUrl":"https:\/\/www.oadc.cz\/wp-content\/uploads\/2020\/12\/EOA-logo_upr.png","width":850,"height":632,"caption":"Evropsk\u00e1 Obchodn\u00ed Akademie"},"image":{"@id":"https:\/\/www.oadc.cz\/#\/schema\/logo\/image\/"},"sameAs":["https:\/\/www.facebook.com\/eoadc","https:\/\/www.instagram.com\/eoa.dc\/"]},{"@type":"Person","@id":"https:\/\/www.oadc.cz\/#\/schema\/person\/114954177cdcfa49e728ffb3849ea18c","name":"Jan Horais","image":{"@type":"ImageObject","inLanguage":"cs","@id":"https:\/\/www.oadc.cz\/#\/schema\/person\/image\/","url":"https:\/\/secure.gravatar.com\/avatar\/9f747f57fda48eee4f40361de292e2b6?s=96&d=mm&r=g","contentUrl":"https:\/\/secure.gravatar.com\/avatar\/9f747f57fda48eee4f40361de292e2b6?s=96&d=mm&r=g","caption":"Jan Horais"},"url":"https:\/\/www.oadc.cz\/index.php\/author\/jhorais\/"}]}},"_links":{"self":[{"href":"https:\/\/www.oadc.cz\/index.php\/wp-json\/wp\/v2\/posts\/8280"}],"collection":[{"href":"https:\/\/www.oadc.cz\/index.php\/wp-json\/wp\/v2\/posts"}],"about":[{"href":"https:\/\/www.oadc.cz\/index.php\/wp-json\/wp\/v2\/types\/post"}],"author":[{"embeddable":true,"href":"https:\/\/www.oadc.cz\/index.php\/wp-json\/wp\/v2\/users\/2"}],"replies":[{"embeddable":true,"href":"https:\/\/www.oadc.cz\/index.php\/wp-json\/wp\/v2\/comments?post=8280"}],"version-history":[{"count":4,"href":"https:\/\/www.oadc.cz\/index.php\/wp-json\/wp\/v2\/posts\/8280\/revisions"}],"predecessor-version":[{"id":8284,"href":"https:\/\/www.oadc.cz\/index.php\/wp-json\/wp\/v2\/posts\/8280\/revisions\/8284"}],"wp:featuredmedia":[{"embeddable":true,"href":"https:\/\/www.oadc.cz\/index.php\/wp-json\/wp\/v2\/media\/8277"}],"wp:attachment":[{"href":"https:\/\/www.oadc.cz\/index.php\/wp-json\/wp\/v2\/media?parent=8280"}],"wp:term":[{"taxonomy":"category","embeddable":true,"href":"https:\/\/www.oadc.cz\/index.php\/wp-json\/wp\/v2\/categories?post=8280"},{"taxonomy":"post_tag","embeddable":true,"href":"https:\/\/www.oadc.cz\/index.php\/wp-json\/wp\/v2\/tags?post=8280"}],"curies":[{"name":"wp","href":"https:\/\/api.w.org\/{rel}","templated":true}]}}