{"id":8244,"date":"2024-03-25T11:27:46","date_gmt":"2024-03-25T10:27:46","guid":{"rendered":"https:\/\/www.oadc.cz\/?p=8244"},"modified":"2024-03-26T16:38:22","modified_gmt":"2024-03-26T15:38:22","slug":"soutez-v-ucetnictvi-znojmo","status":"publish","type":"post","link":"https:\/\/www.oadc.cz\/index.php\/2024\/03\/25\/soutez-v-ucetnictvi-znojmo\/","title":{"rendered":"Sout\u011b\u017e v\u00a0\u00fa\u010detnictv\u00ed \u2013 Znojmo"},"content":{"rendered":"\t\t<div data-elementor-type=\"wp-post\" data-elementor-id=\"8244\" class=\"elementor elementor-8244\" data-elementor-post-type=\"post\">\n\t\t\t\t<div class=\"elementor-element elementor-element-9aa7b68 e-flex e-con-boxed e-con e-parent\" data-id=\"9aa7b68\" data-element_type=\"container\" data-settings=\"{&quot;content_width&quot;:&quot;boxed&quot;}\" data-core-v316-plus=\"true\">\n\t\t\t\t\t<div class=\"e-con-inner\">\n\t\t\t\t<div class=\"elementor-element elementor-element-4158861 elementor-widget elementor-widget-text-editor\" data-id=\"4158861\" data-element_type=\"widget\" data-widget_type=\"text-editor.default\">\n\t\t\t\t<div class=\"elementor-widget-container\">\n\t\t\t<style>\/*! elementor - v3.19.0 - 26-02-2024 *\/\n.elementor-widget-text-editor.elementor-drop-cap-view-stacked .elementor-drop-cap{background-color:#69727d;color:#fff}.elementor-widget-text-editor.elementor-drop-cap-view-framed .elementor-drop-cap{color:#69727d;border:3px solid;background-color:transparent}.elementor-widget-text-editor:not(.elementor-drop-cap-view-default) .elementor-drop-cap{margin-top:8px}.elementor-widget-text-editor:not(.elementor-drop-cap-view-default) .elementor-drop-cap-letter{width:1em;height:1em}.elementor-widget-text-editor .elementor-drop-cap{float:left;text-align:center;line-height:1;font-size:50px}.elementor-widget-text-editor .elementor-drop-cap-letter{display:inline-block}<\/style>\t\t\t\t<p><span style=\"font-weight: 400;\">Jako minul\u00fd rok se i letos 2 z\u00e1stupci na\u0161\u00ed \u0161koly z\u00fa\u010dastnili celorepublikov\u00e9ho fin\u00e1le \u00fa\u010detnick\u00e9 sout\u011b\u017ee M\u00e1 d\u00e1ti dal ve Znojm\u011b, kter\u00e1 prob\u00edhala ve dvou dnech, od \u010dtvrtka 21. b\u0159ezna do p\u00e1tku 22. b\u0159ezna.<\/span><\/p><p><span style=\"font-weight: 400;\">Jeliko\u017e je cesta z D\u011b\u010d\u00edna do Znojma opravdu n\u00e1ro\u010dn\u00e1, museli jsme na na\u0161e dobrodru\u017estv\u00ed vyrazit ji\u017e o den d\u0159\u00edve, ne\u017e bylo zah\u00e1jen\u00ed sout\u011b\u017ee. Ve 14 hodin a 30 minut jsme spole\u010dn\u011b, my a pan u\u010ditel \u0158ada, vyj\u00ed\u017ed\u011bli z\u00a0hlavn\u00edho n\u00e1dra\u017e\u00ed D\u011b\u010d\u00edn. Nejd\u0159\u00edve na\u0161e cesta vedla do \u00dast\u00ed nad Labem, kde jsme p\u0159estoupili a pokra\u010dovali vlakem do Prahy, kde n\u00e1s je\u0161t\u011b \u010dekal p\u0159estup na metro a n\u00e1sledn\u011b t\u0159\u00edhodinov\u00e1 cesta autobusem do ji\u017e zmi\u0148ovan\u00e9ho m\u011bsta Znojmo. Okolo dev\u00e1t\u00e9 hodiny ve\u010der jsme dorazili na m\u00edsto.\u00a0<\/span><\/p><p><span style=\"font-weight: 400;\">Druh\u00fd den n\u00e1s \u010dekal opravdu velice nabit\u00fd program. V\u0161e za\u010dalo ji\u017e v\u00a09 hodin a 30 minut, kdy prob\u00edhala registrace do sout\u011b\u017ee M\u00e1 d\u00e1ti dal v\u00a0m\u00edstn\u00ed obchodn\u00ed akademii, kde n\u00e1sledn\u011b prob\u00edhala i cel\u00e1 sout\u011b\u017e. Po registraci jsme \u0161li na proch\u00e1zku m\u011bstem, kterou jsme zakon\u010dili v\u00fdbornou k\u00e1vou a dort\u00edkem v\u00a0m\u00edstn\u00ed kav\u00e1rn\u011b. Pot\u00e9 n\u00e1s ji\u017e od 12 hodin \u010dekala p\u00edsemn\u00e1 \u010d\u00e1st sout\u011b\u017ee, kter\u00e1 byla p\u0159edev\u0161\u00edm ve znamen\u00ed \u00fa\u010detn\u00edch p\u0159edpis\u016f a v\u00fdpo\u010dt\u016f. Okolo t\u0159et\u00ed hodiny odpoledne jsme m\u011bli do\u00fa\u010dtov\u00e1no a n\u00e1sledn\u011b jsme za\u0161li na v\u00fdborn\u00fd ob\u011bd do m\u00edstn\u00ed restaurace. Kdy\u017e jsme se vr\u00e1tili zp\u011bt do na\u0161eho apartm\u00e1nu, za\u010dali jsme se p\u0159ipravovat na slavnostn\u00ed ve\u010der v M\u011bstsk\u00e9m divadle Znojmo, kter\u00fdm prov\u00e1zel\u00a0moder\u00e1tor \u010cesk\u00e9 televize Vojt\u011bch Bernatsk\u00fd. N\u00e1sledn\u011b jsme se p\u0159em\u00edstili autobusy do hotelu Premium, kde prob\u011bhlo spole\u010densk\u00e9 setk\u00e1n\u00ed vyu\u010duj\u00edc\u00edch a studentsk\u00e1 diskot\u00e9ka, na kter\u00e9 jsme se sezn\u00e1mili s\u00a0ostatn\u00edmi studenty z\u00a0r\u016fn\u00fdch \u0161kol z\u00a0cel\u00e9 \u010cesk\u00e9 republiky.<\/span><\/p><p><span style=\"font-weight: 400;\">V\u00a0posledn\u00ed sout\u011b\u017en\u00ed den n\u00e1s ji\u017e v\u00a08 hodin \u010dekal n\u00e1ro\u010dn\u00fd test na po\u010d\u00edta\u010d\u00edch, na jeho\u017e vypln\u011bn\u00ed jsme m\u011bli 80 minut. Test obsahoval nejen z\u00e1ludn\u00e9 teoretick\u00e9 ot\u00e1zky, ale t\u00e9\u017e v\u00fdpo\u010dty. Po skon\u010den\u00ed testu jsme vyrazili na doprovodn\u00fd program v\u00a0podob\u011b prohl\u00eddky m\u011bsta s\u00a0panem pr\u016fvodcem. Nav\u0161t\u00edvili jsme historick\u00e9 n\u00e1m\u011bst\u00ed, rotundu sv. Kate\u0159iny \u010di kostel sv. Mikul\u00e1\u0161e. Pot\u00e9 jsme se vr\u00e1tili do ubytov\u00e1n\u00ed, zabalili jsme si a odch\u00e1zeli jsme na vyhl\u00e1\u0161en\u00ed sout\u011b\u017ee. Oznamovali pouze prvn\u00edch 10 nejlep\u0161\u00edch, i tak si ale mysl\u00edme, \u017ee se za na\u0161e v\u00fdsledky, 31. a 58. m\u00edsto, opravdu styd\u011bt nemus\u00edme, proto\u017ee proti n\u00e1m st\u00e1li ti nejlep\u0161\u00ed v\u00a0\u00fa\u010detnictv\u00ed z cel\u00e9\u00a0\u010cesk\u00e9 republiky a spoustu z\u00a0nich jsme v\u00a0po\u0159ad\u00ed nechali za na\u0161imi z\u00e1dy. Po ukon\u010den\u00ed akce jsme se vydali na autobus a \u010dekala n\u00e1s op\u011bt dlouh\u00e1 cesta zp\u00e1tky dom\u016f.<\/span><\/p><p><span style=\"font-weight: 400;\">Jsme opravdu moc vd\u011b\u010dn\u00ed za tuto skv\u011blou zku\u0161enost, kterou jsme si mohli proj\u00edt, a p\u0159edev\u0161\u00edm tak\u00e9 za p\u0159\u00edle\u017eitost poznat spoustu nov\u00fdch lid\u00ed, se kter\u00fdmi se mo\u017en\u00e1 potk\u00e1me za p\u00e1r m\u011bs\u00edc\u016f na vysok\u00e9 \u0161kole. Cht\u011bli bychom t\u00e9\u017e pod\u011bkovat panu u\u010diteli \u0158adovi za to, jakou n\u00e1m byl oporou a skv\u011bl\u00fdm par\u0165\u00e1kem po celou dobu sout\u011b\u017ee a pobytu ve Znojm\u011b. Velk\u00e9 pod\u011bkov\u00e1n\u00ed pat\u0159\u00ed z\u00e1rove\u0148 pan\u00ed u\u010ditelce Ka\u0161parov\u00e9, kter\u00e1 n\u00e1s na sout\u011b\u017e p\u0159ipravovala.<\/span><\/p><p><span style=\"font-weight: 400;\">Eli\u0161ka a Adam<\/span><\/p>\t\t\t\t\t\t<\/div>\n\t\t\t\t<\/div>\n\t\t\t\t\t<\/div>\n\t\t\t\t<\/div>\n\t\t<div class=\"elementor-element elementor-element-3b40253 e-flex e-con-boxed e-con e-parent\" data-id=\"3b40253\" data-element_type=\"container\" data-settings=\"{&quot;content_width&quot;:&quot;boxed&quot;}\" data-core-v316-plus=\"true\">\n\t\t\t\t\t<div class=\"e-con-inner\">\n\t\t\t\t<div class=\"elementor-element elementor-element-bd0a205 elementor-widget elementor-widget-image\" data-id=\"bd0a205\" data-element_type=\"widget\" data-widget_type=\"image.default\">\n\t\t\t\t<div class=\"elementor-widget-container\">\n\t\t\t<style>\/*! elementor - v3.19.0 - 26-02-2024 *\/\n.elementor-widget-image{text-align:center}.elementor-widget-image a{display:inline-block}.elementor-widget-image a img[src$=\".svg\"]{width:48px}.elementor-widget-image img{vertical-align:middle;display:inline-block}<\/style>\t\t\t\t\t\t\t\t\t\t<img fetchpriority=\"high\" decoding=\"async\" width=\"768\" height=\"1024\" src=\"https:\/\/www.oadc.cz\/wp-content\/uploads\/2024\/03\/MD-D-Znojmo-768x1024.jpg\" class=\"attachment-large size-large wp-image-8242\" alt=\"Sout\u011b\u017e v \u00fa\u010detnictv\u00ed \u2013 Znojmo\" srcset=\"https:\/\/www.oadc.cz\/wp-content\/uploads\/2024\/03\/MD-D-Znojmo-768x1024.jpg 768w, https:\/\/www.oadc.cz\/wp-content\/uploads\/2024\/03\/MD-D-Znojmo-225x300.jpg 225w, https:\/\/www.oadc.cz\/wp-content\/uploads\/2024\/03\/MD-D-Znojmo-1152x1536.jpg 1152w, https:\/\/www.oadc.cz\/wp-content\/uploads\/2024\/03\/MD-D-Znojmo-1536x2048.jpg 1536w, https:\/\/www.oadc.cz\/wp-content\/uploads\/2024\/03\/MD-D-Znojmo-scaled.jpg 1920w\" sizes=\"(max-width: 768px) 100vw, 768px\" \/>\t\t\t\t\t\t\t\t\t\t\t\t\t<\/div>\n\t\t\t\t<\/div>\n\t\t\t\t\t<\/div>\n\t\t\t\t<\/div>\n\t\t\t\t<\/div>\n\t\t","protected":false},"excerpt":{"rendered":"<p>Jako minul\u00fd rok se i letos 2 z\u00e1stupci na\u0161\u00ed \u0161koly z\u00fa\u010dastnili celorepublikov\u00e9ho fin\u00e1le \u00fa\u010detnick\u00e9 sout\u011b\u017ee M\u00e1 d\u00e1ti dal ve Znojm\u011b, kter\u00e1 prob\u00edhala ve dvou dnech, od \u010dtvrtka 21. b\u0159ezna do p\u00e1tku 22. b\u0159ezna. Jeliko\u017e je cesta z D\u011b\u010d\u00edna do Znojma opravdu n\u00e1ro\u010dn\u00e1, museli jsme na na\u0161e dobrodru\u017estv\u00ed vyrazit ji\u017e o den d\u0159\u00edve, ne\u017e bylo zah\u00e1jen\u00ed [&hellip;]<\/p>\n","protected":false},"author":2,"featured_media":8243,"comment_status":"closed","ping_status":"closed","sticky":false,"template":"","format":"standard","meta":{"footnotes":""},"categories":[13],"tags":[],"yoast_head":"<!-- This site is optimized with the Yoast SEO plugin v22.1 - https:\/\/yoast.com\/wordpress\/plugins\/seo\/ -->\n<title>Sout\u011b\u017e v\u00a0\u00fa\u010detnictv\u00ed \u2013 Znojmo - Evropsk\u00e1 obchodn\u00ed akademie<\/title>\n<meta name=\"robots\" content=\"index, follow, max-snippet:-1, max-image-preview:large, max-video-preview:-1\" \/>\n<link rel=\"canonical\" href=\"https:\/\/www.oadc.cz\/index.php\/2024\/03\/25\/soutez-v-ucetnictvi-znojmo\/\" \/>\n<meta property=\"og:locale\" content=\"cs_CZ\" \/>\n<meta property=\"og:type\" content=\"article\" \/>\n<meta property=\"og:title\" content=\"Sout\u011b\u017e v\u00a0\u00fa\u010detnictv\u00ed \u2013 Znojmo - Evropsk\u00e1 obchodn\u00ed akademie\" \/>\n<meta property=\"og:description\" content=\"Jako minul\u00fd rok se i letos 2 z\u00e1stupci na\u0161\u00ed \u0161koly z\u00fa\u010dastnili celorepublikov\u00e9ho fin\u00e1le \u00fa\u010detnick\u00e9 sout\u011b\u017ee M\u00e1 d\u00e1ti dal ve Znojm\u011b, kter\u00e1 prob\u00edhala ve dvou dnech, od \u010dtvrtka 21. b\u0159ezna do p\u00e1tku 22. b\u0159ezna. Jeliko\u017e je cesta z D\u011b\u010d\u00edna do Znojma opravdu n\u00e1ro\u010dn\u00e1, museli jsme na na\u0161e dobrodru\u017estv\u00ed vyrazit ji\u017e o den d\u0159\u00edve, ne\u017e bylo zah\u00e1jen\u00ed [&hellip;]\" \/>\n<meta property=\"og:url\" content=\"https:\/\/www.oadc.cz\/index.php\/2024\/03\/25\/soutez-v-ucetnictvi-znojmo\/\" \/>\n<meta property=\"og:site_name\" content=\"Evropsk\u00e1 obchodn\u00ed akademie\" \/>\n<meta property=\"article:publisher\" content=\"https:\/\/www.facebook.com\/eoadc\" \/>\n<meta property=\"article:published_time\" content=\"2024-03-25T10:27:46+00:00\" \/>\n<meta property=\"article:modified_time\" content=\"2024-03-26T15:38:22+00:00\" \/>\n<meta property=\"og:image\" content=\"https:\/\/www.oadc.cz\/wp-content\/uploads\/2024\/03\/MD-D-Znojmo-n.jpg\" \/>\n\t<meta property=\"og:image:width\" content=\"600\" \/>\n\t<meta property=\"og:image:height\" content=\"800\" \/>\n\t<meta property=\"og:image:type\" content=\"image\/jpeg\" \/>\n<meta name=\"author\" content=\"Jan Horais\" \/>\n<meta name=\"twitter:card\" content=\"summary_large_image\" \/>\n<meta name=\"twitter:label1\" content=\"Napsal(a)\" \/>\n\t<meta name=\"twitter:data1\" content=\"Jan Horais\" \/>\n\t<meta name=\"twitter:label2\" content=\"Odhadovan\u00e1 doba \u010dten\u00ed\" \/>\n\t<meta name=\"twitter:data2\" content=\"3 minuty\" \/>\n<script type=\"application\/ld+json\" class=\"yoast-schema-graph\">{\"@context\":\"https:\/\/schema.org\",\"@graph\":[{\"@type\":\"Article\",\"@id\":\"https:\/\/www.oadc.cz\/index.php\/2024\/03\/25\/soutez-v-ucetnictvi-znojmo\/#article\",\"isPartOf\":{\"@id\":\"https:\/\/www.oadc.cz\/index.php\/2024\/03\/25\/soutez-v-ucetnictvi-znojmo\/\"},\"author\":{\"name\":\"Jan Horais\",\"@id\":\"https:\/\/www.oadc.cz\/#\/schema\/person\/114954177cdcfa49e728ffb3849ea18c\"},\"headline\":\"Sout\u011b\u017e v\u00a0\u00fa\u010detnictv\u00ed \u2013 Znojmo\",\"datePublished\":\"2024-03-25T10:27:46+00:00\",\"dateModified\":\"2024-03-26T15:38:22+00:00\",\"mainEntityOfPage\":{\"@id\":\"https:\/\/www.oadc.cz\/index.php\/2024\/03\/25\/soutez-v-ucetnictvi-znojmo\/\"},\"wordCount\":633,\"publisher\":{\"@id\":\"https:\/\/www.oadc.cz\/#organization\"},\"articleSection\":[\"sout\u011b\u017ee a olympi\u00e1dy\"],\"inLanguage\":\"cs\"},{\"@type\":\"WebPage\",\"@id\":\"https:\/\/www.oadc.cz\/index.php\/2024\/03\/25\/soutez-v-ucetnictvi-znojmo\/\",\"url\":\"https:\/\/www.oadc.cz\/index.php\/2024\/03\/25\/soutez-v-ucetnictvi-znojmo\/\",\"name\":\"Sout\u011b\u017e v\u00a0\u00fa\u010detnictv\u00ed \u2013 Znojmo - Evropsk\u00e1 obchodn\u00ed akademie\",\"isPartOf\":{\"@id\":\"https:\/\/www.oadc.cz\/#website\"},\"datePublished\":\"2024-03-25T10:27:46+00:00\",\"dateModified\":\"2024-03-26T15:38:22+00:00\",\"breadcrumb\":{\"@id\":\"https:\/\/www.oadc.cz\/index.php\/2024\/03\/25\/soutez-v-ucetnictvi-znojmo\/#breadcrumb\"},\"inLanguage\":\"cs\",\"potentialAction\":[{\"@type\":\"ReadAction\",\"target\":[\"https:\/\/www.oadc.cz\/index.php\/2024\/03\/25\/soutez-v-ucetnictvi-znojmo\/\"]}]},{\"@type\":\"BreadcrumbList\",\"@id\":\"https:\/\/www.oadc.cz\/index.php\/2024\/03\/25\/soutez-v-ucetnictvi-znojmo\/#breadcrumb\",\"itemListElement\":[{\"@type\":\"ListItem\",\"position\":1,\"name\":\"Dom\u016f\",\"item\":\"https:\/\/www.oadc.cz\/\"},{\"@type\":\"ListItem\",\"position\":2,\"name\":\"Sout\u011b\u017e v\u00a0\u00fa\u010detnictv\u00ed \u2013 Znojmo\"}]},{\"@type\":\"WebSite\",\"@id\":\"https:\/\/www.oadc.cz\/#website\",\"url\":\"https:\/\/www.oadc.cz\/\",\"name\":\"Evropsk\u00e1 obchodn\u00ed akademie\",\"description\":\"st\u0159edn\u00ed odborn\u00e1 \u0161kola v D\u011b\u010d\u00edn\u011b\",\"publisher\":{\"@id\":\"https:\/\/www.oadc.cz\/#organization\"},\"potentialAction\":[{\"@type\":\"SearchAction\",\"target\":{\"@type\":\"EntryPoint\",\"urlTemplate\":\"https:\/\/www.oadc.cz\/?s={search_term_string}\"},\"query-input\":\"required name=search_term_string\"}],\"inLanguage\":\"cs\"},{\"@type\":\"Organization\",\"@id\":\"https:\/\/www.oadc.cz\/#organization\",\"name\":\"Evropsk\u00e1 Obchodn\u00ed Akademie\",\"url\":\"https:\/\/www.oadc.cz\/\",\"logo\":{\"@type\":\"ImageObject\",\"inLanguage\":\"cs\",\"@id\":\"https:\/\/www.oadc.cz\/#\/schema\/logo\/image\/\",\"url\":\"https:\/\/www.oadc.cz\/wp-content\/uploads\/2020\/12\/EOA-logo_upr.png\",\"contentUrl\":\"https:\/\/www.oadc.cz\/wp-content\/uploads\/2020\/12\/EOA-logo_upr.png\",\"width\":850,\"height\":632,\"caption\":\"Evropsk\u00e1 Obchodn\u00ed Akademie\"},\"image\":{\"@id\":\"https:\/\/www.oadc.cz\/#\/schema\/logo\/image\/\"},\"sameAs\":[\"https:\/\/www.facebook.com\/eoadc\",\"https:\/\/www.instagram.com\/eoa.dc\/\"]},{\"@type\":\"Person\",\"@id\":\"https:\/\/www.oadc.cz\/#\/schema\/person\/114954177cdcfa49e728ffb3849ea18c\",\"name\":\"Jan Horais\",\"image\":{\"@type\":\"ImageObject\",\"inLanguage\":\"cs\",\"@id\":\"https:\/\/www.oadc.cz\/#\/schema\/person\/image\/\",\"url\":\"https:\/\/secure.gravatar.com\/avatar\/9f747f57fda48eee4f40361de292e2b6?s=96&d=mm&r=g\",\"contentUrl\":\"https:\/\/secure.gravatar.com\/avatar\/9f747f57fda48eee4f40361de292e2b6?s=96&d=mm&r=g\",\"caption\":\"Jan Horais\"},\"url\":\"https:\/\/www.oadc.cz\/index.php\/author\/jhorais\/\"}]}<\/script>\n<!-- \/ Yoast SEO plugin. -->","yoast_head_json":{"title":"Sout\u011b\u017e v\u00a0\u00fa\u010detnictv\u00ed \u2013 Znojmo - Evropsk\u00e1 obchodn\u00ed akademie","robots":{"index":"index","follow":"follow","max-snippet":"max-snippet:-1","max-image-preview":"max-image-preview:large","max-video-preview":"max-video-preview:-1"},"canonical":"https:\/\/www.oadc.cz\/index.php\/2024\/03\/25\/soutez-v-ucetnictvi-znojmo\/","og_locale":"cs_CZ","og_type":"article","og_title":"Sout\u011b\u017e v\u00a0\u00fa\u010detnictv\u00ed \u2013 Znojmo - Evropsk\u00e1 obchodn\u00ed akademie","og_description":"Jako minul\u00fd rok se i letos 2 z\u00e1stupci na\u0161\u00ed \u0161koly z\u00fa\u010dastnili celorepublikov\u00e9ho fin\u00e1le \u00fa\u010detnick\u00e9 sout\u011b\u017ee M\u00e1 d\u00e1ti dal ve Znojm\u011b, kter\u00e1 prob\u00edhala ve dvou dnech, od \u010dtvrtka 21. b\u0159ezna do p\u00e1tku 22. b\u0159ezna. Jeliko\u017e je cesta z D\u011b\u010d\u00edna do Znojma opravdu n\u00e1ro\u010dn\u00e1, museli jsme na na\u0161e dobrodru\u017estv\u00ed vyrazit ji\u017e o den d\u0159\u00edve, ne\u017e bylo zah\u00e1jen\u00ed [&hellip;]","og_url":"https:\/\/www.oadc.cz\/index.php\/2024\/03\/25\/soutez-v-ucetnictvi-znojmo\/","og_site_name":"Evropsk\u00e1 obchodn\u00ed akademie","article_publisher":"https:\/\/www.facebook.com\/eoadc","article_published_time":"2024-03-25T10:27:46+00:00","article_modified_time":"2024-03-26T15:38:22+00:00","og_image":[{"width":600,"height":800,"url":"https:\/\/www.oadc.cz\/wp-content\/uploads\/2024\/03\/MD-D-Znojmo-n.jpg","type":"image\/jpeg"}],"author":"Jan Horais","twitter_card":"summary_large_image","twitter_misc":{"Napsal(a)":"Jan Horais","Odhadovan\u00e1 doba \u010dten\u00ed":"3 minuty"},"schema":{"@context":"https:\/\/schema.org","@graph":[{"@type":"Article","@id":"https:\/\/www.oadc.cz\/index.php\/2024\/03\/25\/soutez-v-ucetnictvi-znojmo\/#article","isPartOf":{"@id":"https:\/\/www.oadc.cz\/index.php\/2024\/03\/25\/soutez-v-ucetnictvi-znojmo\/"},"author":{"name":"Jan Horais","@id":"https:\/\/www.oadc.cz\/#\/schema\/person\/114954177cdcfa49e728ffb3849ea18c"},"headline":"Sout\u011b\u017e v\u00a0\u00fa\u010detnictv\u00ed \u2013 Znojmo","datePublished":"2024-03-25T10:27:46+00:00","dateModified":"2024-03-26T15:38:22+00:00","mainEntityOfPage":{"@id":"https:\/\/www.oadc.cz\/index.php\/2024\/03\/25\/soutez-v-ucetnictvi-znojmo\/"},"wordCount":633,"publisher":{"@id":"https:\/\/www.oadc.cz\/#organization"},"articleSection":["sout\u011b\u017ee a olympi\u00e1dy"],"inLanguage":"cs"},{"@type":"WebPage","@id":"https:\/\/www.oadc.cz\/index.php\/2024\/03\/25\/soutez-v-ucetnictvi-znojmo\/","url":"https:\/\/www.oadc.cz\/index.php\/2024\/03\/25\/soutez-v-ucetnictvi-znojmo\/","name":"Sout\u011b\u017e v\u00a0\u00fa\u010detnictv\u00ed \u2013 Znojmo - Evropsk\u00e1 obchodn\u00ed akademie","isPartOf":{"@id":"https:\/\/www.oadc.cz\/#website"},"datePublished":"2024-03-25T10:27:46+00:00","dateModified":"2024-03-26T15:38:22+00:00","breadcrumb":{"@id":"https:\/\/www.oadc.cz\/index.php\/2024\/03\/25\/soutez-v-ucetnictvi-znojmo\/#breadcrumb"},"inLanguage":"cs","potentialAction":[{"@type":"ReadAction","target":["https:\/\/www.oadc.cz\/index.php\/2024\/03\/25\/soutez-v-ucetnictvi-znojmo\/"]}]},{"@type":"BreadcrumbList","@id":"https:\/\/www.oadc.cz\/index.php\/2024\/03\/25\/soutez-v-ucetnictvi-znojmo\/#breadcrumb","itemListElement":[{"@type":"ListItem","position":1,"name":"Dom\u016f","item":"https:\/\/www.oadc.cz\/"},{"@type":"ListItem","position":2,"name":"Sout\u011b\u017e v\u00a0\u00fa\u010detnictv\u00ed \u2013 Znojmo"}]},{"@type":"WebSite","@id":"https:\/\/www.oadc.cz\/#website","url":"https:\/\/www.oadc.cz\/","name":"Evropsk\u00e1 obchodn\u00ed akademie","description":"st\u0159edn\u00ed odborn\u00e1 \u0161kola v D\u011b\u010d\u00edn\u011b","publisher":{"@id":"https:\/\/www.oadc.cz\/#organization"},"potentialAction":[{"@type":"SearchAction","target":{"@type":"EntryPoint","urlTemplate":"https:\/\/www.oadc.cz\/?s={search_term_string}"},"query-input":"required name=search_term_string"}],"inLanguage":"cs"},{"@type":"Organization","@id":"https:\/\/www.oadc.cz\/#organization","name":"Evropsk\u00e1 Obchodn\u00ed Akademie","url":"https:\/\/www.oadc.cz\/","logo":{"@type":"ImageObject","inLanguage":"cs","@id":"https:\/\/www.oadc.cz\/#\/schema\/logo\/image\/","url":"https:\/\/www.oadc.cz\/wp-content\/uploads\/2020\/12\/EOA-logo_upr.png","contentUrl":"https:\/\/www.oadc.cz\/wp-content\/uploads\/2020\/12\/EOA-logo_upr.png","width":850,"height":632,"caption":"Evropsk\u00e1 Obchodn\u00ed Akademie"},"image":{"@id":"https:\/\/www.oadc.cz\/#\/schema\/logo\/image\/"},"sameAs":["https:\/\/www.facebook.com\/eoadc","https:\/\/www.instagram.com\/eoa.dc\/"]},{"@type":"Person","@id":"https:\/\/www.oadc.cz\/#\/schema\/person\/114954177cdcfa49e728ffb3849ea18c","name":"Jan Horais","image":{"@type":"ImageObject","inLanguage":"cs","@id":"https:\/\/www.oadc.cz\/#\/schema\/person\/image\/","url":"https:\/\/secure.gravatar.com\/avatar\/9f747f57fda48eee4f40361de292e2b6?s=96&d=mm&r=g","contentUrl":"https:\/\/secure.gravatar.com\/avatar\/9f747f57fda48eee4f40361de292e2b6?s=96&d=mm&r=g","caption":"Jan Horais"},"url":"https:\/\/www.oadc.cz\/index.php\/author\/jhorais\/"}]}},"_links":{"self":[{"href":"https:\/\/www.oadc.cz\/index.php\/wp-json\/wp\/v2\/posts\/8244"}],"collection":[{"href":"https:\/\/www.oadc.cz\/index.php\/wp-json\/wp\/v2\/posts"}],"about":[{"href":"https:\/\/www.oadc.cz\/index.php\/wp-json\/wp\/v2\/types\/post"}],"author":[{"embeddable":true,"href":"https:\/\/www.oadc.cz\/index.php\/wp-json\/wp\/v2\/users\/2"}],"replies":[{"embeddable":true,"href":"https:\/\/www.oadc.cz\/index.php\/wp-json\/wp\/v2\/comments?post=8244"}],"version-history":[{"count":7,"href":"https:\/\/www.oadc.cz\/index.php\/wp-json\/wp\/v2\/posts\/8244\/revisions"}],"predecessor-version":[{"id":8252,"href":"https:\/\/www.oadc.cz\/index.php\/wp-json\/wp\/v2\/posts\/8244\/revisions\/8252"}],"wp:featuredmedia":[{"embeddable":true,"href":"https:\/\/www.oadc.cz\/index.php\/wp-json\/wp\/v2\/media\/8243"}],"wp:attachment":[{"href":"https:\/\/www.oadc.cz\/index.php\/wp-json\/wp\/v2\/media?parent=8244"}],"wp:term":[{"taxonomy":"category","embeddable":true,"href":"https:\/\/www.oadc.cz\/index.php\/wp-json\/wp\/v2\/categories?post=8244"},{"taxonomy":"post_tag","embeddable":true,"href":"https:\/\/www.oadc.cz\/index.php\/wp-json\/wp\/v2\/tags?post=8244"}],"curies":[{"name":"wp","href":"https:\/\/api.w.org\/{rel}","templated":true}]}}