{"id":8128,"date":"2024-02-22T22:56:52","date_gmt":"2024-02-22T21:56:52","guid":{"rendered":"https:\/\/www.oadc.cz\/?p=8128"},"modified":"2024-02-22T22:56:56","modified_gmt":"2024-02-22T21:56:56","slug":"krajske-kolo-mcr-zaku-ve-zpracovani-textu-2024","status":"publish","type":"post","link":"https:\/\/www.oadc.cz\/index.php\/2024\/02\/22\/krajske-kolo-mcr-zaku-ve-zpracovani-textu-2024\/","title":{"rendered":"Krajsk\u00e9 kolo M\u010cR \u017e\u00e1k\u016f ve zpracov\u00e1n\u00ed text\u016f 2024"},"content":{"rendered":"\t\t<div data-elementor-type=\"wp-post\" data-elementor-id=\"8128\" class=\"elementor elementor-8128\" data-elementor-post-type=\"post\">\n\t\t\t\t<div class=\"elementor-element elementor-element-a389aa2 e-flex e-con-boxed e-con e-parent\" data-id=\"a389aa2\" data-element_type=\"container\" data-settings=\"{&quot;content_width&quot;:&quot;boxed&quot;}\" data-core-v316-plus=\"true\">\n\t\t\t\t\t<div class=\"e-con-inner\">\n\t\t\t\t<div class=\"elementor-element elementor-element-5f6084a elementor-widget elementor-widget-text-editor\" data-id=\"5f6084a\" data-element_type=\"widget\" data-widget_type=\"text-editor.default\">\n\t\t\t\t<div class=\"elementor-widget-container\">\n\t\t\t<style>\/*! elementor - v3.19.0 - 26-02-2024 *\/\n.elementor-widget-text-editor.elementor-drop-cap-view-stacked .elementor-drop-cap{background-color:#69727d;color:#fff}.elementor-widget-text-editor.elementor-drop-cap-view-framed .elementor-drop-cap{color:#69727d;border:3px solid;background-color:transparent}.elementor-widget-text-editor:not(.elementor-drop-cap-view-default) .elementor-drop-cap{margin-top:8px}.elementor-widget-text-editor:not(.elementor-drop-cap-view-default) .elementor-drop-cap-letter{width:1em;height:1em}.elementor-widget-text-editor .elementor-drop-cap{float:left;text-align:center;line-height:1;font-size:50px}.elementor-widget-text-editor .elementor-drop-cap-letter{display:inline-block}<\/style>\t\t\t\t<p>Dne\u00a029. \u2013 30. ledna 2024 se konalo krajsk\u00e9 kolo 31. mistrovstv\u00ed \u010cR \u017e\u00e1k\u016f ve zpracov\u00e1n\u00ed text\u016f, kter\u00e9 absolvovalo p\u0159es 700 sout\u011b\u017e\u00edc\u00edch z\u00a0cel\u00e9 \u010cesk\u00e9 republiky. V\u00a0kategorii \u201e10min. opis na kl\u00e1vesnici s\u00a0penalizac\u00ed 50 \u00fahoz\u016f za chybu\u201c n\u00e1s reprezentoval <strong>Michal Koc\u016frek ze 3. A<\/strong> a <strong>Johanka Kr\u00e1lov\u00e1 ze 2. A.<\/strong> <strong>Micha<\/strong>l se um\u00edstil v\u00a0r\u00e1mci \u00dasteck\u00e9ho kraje na <strong>8. m\u00edst\u011b<\/strong> z\u00a028 sout\u011b\u017e\u00edc\u00edch <strong>v\u00fdkonem 2617 \u010d\u00fa\/min.<\/strong> V\u00a0republikov\u00e9m m\u011b\u0159\u00edtku pak obsadil 293. m\u00edsto ze\u00a0747 z\u00fa\u010dastn\u011bn\u00fdch. <strong>Johanka<\/strong> dos\u00e1hla po\u010dtem <strong>2180 \u010d\u00fa\/min. na 18. m\u00edsto.<\/strong><\/p><p><strong>\u00a0<\/strong><\/p><p>Blahop\u0159ejeme k\u00a0p\u011bkn\u00e9mu um\u00edst\u011bn\u00ed.<\/p><p>\u00a0<\/p><p>RN, \u017dN<\/p><a href=\"https:\/\/www.oadc.cz\/wp-content\/uploads\/2024\/02\/Michal-Kocurek.pdf\" class=\"pdfemb-viewer\" style=\"\" data-width=\"max\" data-height=\"max\" data-toolbar=\"bottom\" data-toolbar-fixed=\"off\">Michal Koc\u016frek<\/a>\t\t\t\t\t\t<\/div>\n\t\t\t\t<\/div>\n\t\t\t\t\t<\/div>\n\t\t\t\t<\/div>\n\t\t<div class=\"elementor-element elementor-element-5f45e7d e-flex e-con-boxed e-con e-parent\" data-id=\"5f45e7d\" data-element_type=\"container\" data-settings=\"{&quot;content_width&quot;:&quot;boxed&quot;}\" data-core-v316-plus=\"true\">\n\t\t\t\t\t<div class=\"e-con-inner\">\n\t\t\t\t<div class=\"elementor-element elementor-element-e871d35 elementor-widget elementor-widget-image\" data-id=\"e871d35\" data-element_type=\"widget\" data-widget_type=\"image.default\">\n\t\t\t\t<div class=\"elementor-widget-container\">\n\t\t\t<style>\/*! elementor - v3.19.0 - 26-02-2024 *\/\n.elementor-widget-image{text-align:center}.elementor-widget-image a{display:inline-block}.elementor-widget-image a img[src$=\".svg\"]{width:48px}.elementor-widget-image img{vertical-align:middle;display:inline-block}<\/style>\t\t\t\t\t\t\t\t\t\t<img fetchpriority=\"high\" decoding=\"async\" width=\"577\" height=\"1024\" src=\"https:\/\/www.oadc.cz\/wp-content\/uploads\/2024\/02\/IMG_9652-577x1024.png\" class=\"attachment-large size-large wp-image-8126\" alt=\"\" srcset=\"https:\/\/www.oadc.cz\/wp-content\/uploads\/2024\/02\/IMG_9652-577x1024.png 577w, https:\/\/www.oadc.cz\/wp-content\/uploads\/2024\/02\/IMG_9652-169x300.png 169w, https:\/\/www.oadc.cz\/wp-content\/uploads\/2024\/02\/IMG_9652.png 640w\" sizes=\"(max-width: 577px) 100vw, 577px\" \/>\t\t\t\t\t\t\t\t\t\t\t\t\t<\/div>\n\t\t\t\t<\/div>\n\t\t\t\t\t<\/div>\n\t\t\t\t<\/div>\n\t\t\t\t<\/div>\n\t\t","protected":false},"excerpt":{"rendered":"<p>Dne&nbsp;29. \u2013 30. ledna 2024 se konalo krajsk\u00e9 kolo 31. mistrovstv\u00ed \u010cR \u017e\u00e1k\u016f ve zpracov\u00e1n\u00ed text\u016f, kter\u00e9 absolvovalo p\u0159es 700 sout\u011b\u017e\u00edc\u00edch z&nbsp;cel\u00e9 \u010cesk\u00e9 republiky. V&nbsp;kategorii \u201e10min. opis na kl\u00e1vesnici s&nbsp;penalizac\u00ed 50 \u00fahoz\u016f za chybu\u201c n\u00e1s reprezentoval Michal Koc\u016frek ze 3. A a Johanka Kr\u00e1lov\u00e1 ze 2. A. Michal se um\u00edstil v&nbsp;r\u00e1mci \u00dasteck\u00e9ho kraje na 8. [&hellip;]<\/p>\n","protected":false},"author":2,"featured_media":3873,"comment_status":"closed","ping_status":"closed","sticky":false,"template":"","format":"standard","meta":{"footnotes":""},"categories":[13],"tags":[],"yoast_head":"<!-- This site is optimized with the Yoast SEO plugin v22.1 - https:\/\/yoast.com\/wordpress\/plugins\/seo\/ -->\n<title>Krajsk\u00e9 kolo M\u010cR \u017e\u00e1k\u016f ve zpracov\u00e1n\u00ed text\u016f 2024 - Evropsk\u00e1 obchodn\u00ed akademie<\/title>\n<meta name=\"robots\" content=\"index, follow, max-snippet:-1, max-image-preview:large, max-video-preview:-1\" \/>\n<link rel=\"canonical\" href=\"https:\/\/www.oadc.cz\/index.php\/2024\/02\/22\/krajske-kolo-mcr-zaku-ve-zpracovani-textu-2024\/\" \/>\n<meta property=\"og:locale\" content=\"cs_CZ\" \/>\n<meta property=\"og:type\" content=\"article\" \/>\n<meta property=\"og:title\" content=\"Krajsk\u00e9 kolo M\u010cR \u017e\u00e1k\u016f ve zpracov\u00e1n\u00ed text\u016f 2024 - Evropsk\u00e1 obchodn\u00ed akademie\" \/>\n<meta property=\"og:description\" content=\"Dne&nbsp;29. \u2013 30. ledna 2024 se konalo krajsk\u00e9 kolo 31. mistrovstv\u00ed \u010cR \u017e\u00e1k\u016f ve zpracov\u00e1n\u00ed text\u016f, kter\u00e9 absolvovalo p\u0159es 700 sout\u011b\u017e\u00edc\u00edch z&nbsp;cel\u00e9 \u010cesk\u00e9 republiky. V&nbsp;kategorii \u201e10min. opis na kl\u00e1vesnici s&nbsp;penalizac\u00ed 50 \u00fahoz\u016f za chybu\u201c n\u00e1s reprezentoval Michal Koc\u016frek ze 3. A a Johanka Kr\u00e1lov\u00e1 ze 2. A. Michal se um\u00edstil v&nbsp;r\u00e1mci \u00dasteck\u00e9ho kraje na 8. [&hellip;]\" \/>\n<meta property=\"og:url\" content=\"https:\/\/www.oadc.cz\/index.php\/2024\/02\/22\/krajske-kolo-mcr-zaku-ve-zpracovani-textu-2024\/\" \/>\n<meta property=\"og:site_name\" content=\"Evropsk\u00e1 obchodn\u00ed akademie\" \/>\n<meta property=\"article:publisher\" content=\"https:\/\/www.facebook.com\/eoadc\" \/>\n<meta property=\"article:published_time\" content=\"2024-02-22T21:56:52+00:00\" \/>\n<meta property=\"article:modified_time\" content=\"2024-02-22T21:56:56+00:00\" \/>\n<meta property=\"og:image\" content=\"https:\/\/www.oadc.cz\/wp-content\/uploads\/2022\/06\/typewriter-640.jpg\" \/>\n\t<meta property=\"og:image:width\" content=\"640\" \/>\n\t<meta property=\"og:image:height\" content=\"426\" \/>\n\t<meta property=\"og:image:type\" content=\"image\/jpeg\" \/>\n<meta name=\"author\" content=\"Jan Horais\" \/>\n<meta name=\"twitter:card\" content=\"summary_large_image\" \/>\n<meta name=\"twitter:label1\" content=\"Napsal(a)\" \/>\n\t<meta name=\"twitter:data1\" content=\"Jan Horais\" \/>\n\t<meta name=\"twitter:label2\" content=\"Odhadovan\u00e1 doba \u010dten\u00ed\" \/>\n\t<meta name=\"twitter:data2\" content=\"1 minuta\" \/>\n<script type=\"application\/ld+json\" class=\"yoast-schema-graph\">{\"@context\":\"https:\/\/schema.org\",\"@graph\":[{\"@type\":\"Article\",\"@id\":\"https:\/\/www.oadc.cz\/index.php\/2024\/02\/22\/krajske-kolo-mcr-zaku-ve-zpracovani-textu-2024\/#article\",\"isPartOf\":{\"@id\":\"https:\/\/www.oadc.cz\/index.php\/2024\/02\/22\/krajske-kolo-mcr-zaku-ve-zpracovani-textu-2024\/\"},\"author\":{\"name\":\"Jan Horais\",\"@id\":\"https:\/\/www.oadc.cz\/#\/schema\/person\/114954177cdcfa49e728ffb3849ea18c\"},\"headline\":\"Krajsk\u00e9 kolo M\u010cR \u017e\u00e1k\u016f ve zpracov\u00e1n\u00ed text\u016f 2024\",\"datePublished\":\"2024-02-22T21:56:52+00:00\",\"dateModified\":\"2024-02-22T21:56:56+00:00\",\"mainEntityOfPage\":{\"@id\":\"https:\/\/www.oadc.cz\/index.php\/2024\/02\/22\/krajske-kolo-mcr-zaku-ve-zpracovani-textu-2024\/\"},\"wordCount\":137,\"publisher\":{\"@id\":\"https:\/\/www.oadc.cz\/#organization\"},\"articleSection\":[\"sout\u011b\u017ee a olympi\u00e1dy\"],\"inLanguage\":\"cs\"},{\"@type\":\"WebPage\",\"@id\":\"https:\/\/www.oadc.cz\/index.php\/2024\/02\/22\/krajske-kolo-mcr-zaku-ve-zpracovani-textu-2024\/\",\"url\":\"https:\/\/www.oadc.cz\/index.php\/2024\/02\/22\/krajske-kolo-mcr-zaku-ve-zpracovani-textu-2024\/\",\"name\":\"Krajsk\u00e9 kolo M\u010cR \u017e\u00e1k\u016f ve zpracov\u00e1n\u00ed text\u016f 2024 - Evropsk\u00e1 obchodn\u00ed akademie\",\"isPartOf\":{\"@id\":\"https:\/\/www.oadc.cz\/#website\"},\"datePublished\":\"2024-02-22T21:56:52+00:00\",\"dateModified\":\"2024-02-22T21:56:56+00:00\",\"breadcrumb\":{\"@id\":\"https:\/\/www.oadc.cz\/index.php\/2024\/02\/22\/krajske-kolo-mcr-zaku-ve-zpracovani-textu-2024\/#breadcrumb\"},\"inLanguage\":\"cs\",\"potentialAction\":[{\"@type\":\"ReadAction\",\"target\":[\"https:\/\/www.oadc.cz\/index.php\/2024\/02\/22\/krajske-kolo-mcr-zaku-ve-zpracovani-textu-2024\/\"]}]},{\"@type\":\"BreadcrumbList\",\"@id\":\"https:\/\/www.oadc.cz\/index.php\/2024\/02\/22\/krajske-kolo-mcr-zaku-ve-zpracovani-textu-2024\/#breadcrumb\",\"itemListElement\":[{\"@type\":\"ListItem\",\"position\":1,\"name\":\"Dom\u016f\",\"item\":\"https:\/\/www.oadc.cz\/\"},{\"@type\":\"ListItem\",\"position\":2,\"name\":\"Krajsk\u00e9 kolo M\u010cR \u017e\u00e1k\u016f ve zpracov\u00e1n\u00ed text\u016f 2024\"}]},{\"@type\":\"WebSite\",\"@id\":\"https:\/\/www.oadc.cz\/#website\",\"url\":\"https:\/\/www.oadc.cz\/\",\"name\":\"Evropsk\u00e1 obchodn\u00ed akademie\",\"description\":\"st\u0159edn\u00ed odborn\u00e1 \u0161kola v D\u011b\u010d\u00edn\u011b\",\"publisher\":{\"@id\":\"https:\/\/www.oadc.cz\/#organization\"},\"potentialAction\":[{\"@type\":\"SearchAction\",\"target\":{\"@type\":\"EntryPoint\",\"urlTemplate\":\"https:\/\/www.oadc.cz\/?s={search_term_string}\"},\"query-input\":\"required name=search_term_string\"}],\"inLanguage\":\"cs\"},{\"@type\":\"Organization\",\"@id\":\"https:\/\/www.oadc.cz\/#organization\",\"name\":\"Evropsk\u00e1 Obchodn\u00ed Akademie\",\"url\":\"https:\/\/www.oadc.cz\/\",\"logo\":{\"@type\":\"ImageObject\",\"inLanguage\":\"cs\",\"@id\":\"https:\/\/www.oadc.cz\/#\/schema\/logo\/image\/\",\"url\":\"https:\/\/www.oadc.cz\/wp-content\/uploads\/2020\/12\/EOA-logo_upr.png\",\"contentUrl\":\"https:\/\/www.oadc.cz\/wp-content\/uploads\/2020\/12\/EOA-logo_upr.png\",\"width\":850,\"height\":632,\"caption\":\"Evropsk\u00e1 Obchodn\u00ed Akademie\"},\"image\":{\"@id\":\"https:\/\/www.oadc.cz\/#\/schema\/logo\/image\/\"},\"sameAs\":[\"https:\/\/www.facebook.com\/eoadc\",\"https:\/\/www.instagram.com\/eoa.dc\/\"]},{\"@type\":\"Person\",\"@id\":\"https:\/\/www.oadc.cz\/#\/schema\/person\/114954177cdcfa49e728ffb3849ea18c\",\"name\":\"Jan Horais\",\"image\":{\"@type\":\"ImageObject\",\"inLanguage\":\"cs\",\"@id\":\"https:\/\/www.oadc.cz\/#\/schema\/person\/image\/\",\"url\":\"https:\/\/secure.gravatar.com\/avatar\/9f747f57fda48eee4f40361de292e2b6?s=96&d=mm&r=g\",\"contentUrl\":\"https:\/\/secure.gravatar.com\/avatar\/9f747f57fda48eee4f40361de292e2b6?s=96&d=mm&r=g\",\"caption\":\"Jan Horais\"},\"url\":\"https:\/\/www.oadc.cz\/index.php\/author\/jhorais\/\"}]}<\/script>\n<!-- \/ Yoast SEO plugin. -->","yoast_head_json":{"title":"Krajsk\u00e9 kolo M\u010cR \u017e\u00e1k\u016f ve zpracov\u00e1n\u00ed text\u016f 2024 - Evropsk\u00e1 obchodn\u00ed akademie","robots":{"index":"index","follow":"follow","max-snippet":"max-snippet:-1","max-image-preview":"max-image-preview:large","max-video-preview":"max-video-preview:-1"},"canonical":"https:\/\/www.oadc.cz\/index.php\/2024\/02\/22\/krajske-kolo-mcr-zaku-ve-zpracovani-textu-2024\/","og_locale":"cs_CZ","og_type":"article","og_title":"Krajsk\u00e9 kolo M\u010cR \u017e\u00e1k\u016f ve zpracov\u00e1n\u00ed text\u016f 2024 - Evropsk\u00e1 obchodn\u00ed akademie","og_description":"Dne&nbsp;29. \u2013 30. ledna 2024 se konalo krajsk\u00e9 kolo 31. mistrovstv\u00ed \u010cR \u017e\u00e1k\u016f ve zpracov\u00e1n\u00ed text\u016f, kter\u00e9 absolvovalo p\u0159es 700 sout\u011b\u017e\u00edc\u00edch z&nbsp;cel\u00e9 \u010cesk\u00e9 republiky. V&nbsp;kategorii \u201e10min. opis na kl\u00e1vesnici s&nbsp;penalizac\u00ed 50 \u00fahoz\u016f za chybu\u201c n\u00e1s reprezentoval Michal Koc\u016frek ze 3. A a Johanka Kr\u00e1lov\u00e1 ze 2. A. Michal se um\u00edstil v&nbsp;r\u00e1mci \u00dasteck\u00e9ho kraje na 8. [&hellip;]","og_url":"https:\/\/www.oadc.cz\/index.php\/2024\/02\/22\/krajske-kolo-mcr-zaku-ve-zpracovani-textu-2024\/","og_site_name":"Evropsk\u00e1 obchodn\u00ed akademie","article_publisher":"https:\/\/www.facebook.com\/eoadc","article_published_time":"2024-02-22T21:56:52+00:00","article_modified_time":"2024-02-22T21:56:56+00:00","og_image":[{"width":640,"height":426,"url":"https:\/\/www.oadc.cz\/wp-content\/uploads\/2022\/06\/typewriter-640.jpg","type":"image\/jpeg"}],"author":"Jan Horais","twitter_card":"summary_large_image","twitter_misc":{"Napsal(a)":"Jan Horais","Odhadovan\u00e1 doba \u010dten\u00ed":"1 minuta"},"schema":{"@context":"https:\/\/schema.org","@graph":[{"@type":"Article","@id":"https:\/\/www.oadc.cz\/index.php\/2024\/02\/22\/krajske-kolo-mcr-zaku-ve-zpracovani-textu-2024\/#article","isPartOf":{"@id":"https:\/\/www.oadc.cz\/index.php\/2024\/02\/22\/krajske-kolo-mcr-zaku-ve-zpracovani-textu-2024\/"},"author":{"name":"Jan Horais","@id":"https:\/\/www.oadc.cz\/#\/schema\/person\/114954177cdcfa49e728ffb3849ea18c"},"headline":"Krajsk\u00e9 kolo M\u010cR \u017e\u00e1k\u016f ve zpracov\u00e1n\u00ed text\u016f 2024","datePublished":"2024-02-22T21:56:52+00:00","dateModified":"2024-02-22T21:56:56+00:00","mainEntityOfPage":{"@id":"https:\/\/www.oadc.cz\/index.php\/2024\/02\/22\/krajske-kolo-mcr-zaku-ve-zpracovani-textu-2024\/"},"wordCount":137,"publisher":{"@id":"https:\/\/www.oadc.cz\/#organization"},"articleSection":["sout\u011b\u017ee a olympi\u00e1dy"],"inLanguage":"cs"},{"@type":"WebPage","@id":"https:\/\/www.oadc.cz\/index.php\/2024\/02\/22\/krajske-kolo-mcr-zaku-ve-zpracovani-textu-2024\/","url":"https:\/\/www.oadc.cz\/index.php\/2024\/02\/22\/krajske-kolo-mcr-zaku-ve-zpracovani-textu-2024\/","name":"Krajsk\u00e9 kolo M\u010cR \u017e\u00e1k\u016f ve zpracov\u00e1n\u00ed text\u016f 2024 - Evropsk\u00e1 obchodn\u00ed akademie","isPartOf":{"@id":"https:\/\/www.oadc.cz\/#website"},"datePublished":"2024-02-22T21:56:52+00:00","dateModified":"2024-02-22T21:56:56+00:00","breadcrumb":{"@id":"https:\/\/www.oadc.cz\/index.php\/2024\/02\/22\/krajske-kolo-mcr-zaku-ve-zpracovani-textu-2024\/#breadcrumb"},"inLanguage":"cs","potentialAction":[{"@type":"ReadAction","target":["https:\/\/www.oadc.cz\/index.php\/2024\/02\/22\/krajske-kolo-mcr-zaku-ve-zpracovani-textu-2024\/"]}]},{"@type":"BreadcrumbList","@id":"https:\/\/www.oadc.cz\/index.php\/2024\/02\/22\/krajske-kolo-mcr-zaku-ve-zpracovani-textu-2024\/#breadcrumb","itemListElement":[{"@type":"ListItem","position":1,"name":"Dom\u016f","item":"https:\/\/www.oadc.cz\/"},{"@type":"ListItem","position":2,"name":"Krajsk\u00e9 kolo M\u010cR \u017e\u00e1k\u016f ve zpracov\u00e1n\u00ed text\u016f 2024"}]},{"@type":"WebSite","@id":"https:\/\/www.oadc.cz\/#website","url":"https:\/\/www.oadc.cz\/","name":"Evropsk\u00e1 obchodn\u00ed akademie","description":"st\u0159edn\u00ed odborn\u00e1 \u0161kola v D\u011b\u010d\u00edn\u011b","publisher":{"@id":"https:\/\/www.oadc.cz\/#organization"},"potentialAction":[{"@type":"SearchAction","target":{"@type":"EntryPoint","urlTemplate":"https:\/\/www.oadc.cz\/?s={search_term_string}"},"query-input":"required name=search_term_string"}],"inLanguage":"cs"},{"@type":"Organization","@id":"https:\/\/www.oadc.cz\/#organization","name":"Evropsk\u00e1 Obchodn\u00ed Akademie","url":"https:\/\/www.oadc.cz\/","logo":{"@type":"ImageObject","inLanguage":"cs","@id":"https:\/\/www.oadc.cz\/#\/schema\/logo\/image\/","url":"https:\/\/www.oadc.cz\/wp-content\/uploads\/2020\/12\/EOA-logo_upr.png","contentUrl":"https:\/\/www.oadc.cz\/wp-content\/uploads\/2020\/12\/EOA-logo_upr.png","width":850,"height":632,"caption":"Evropsk\u00e1 Obchodn\u00ed Akademie"},"image":{"@id":"https:\/\/www.oadc.cz\/#\/schema\/logo\/image\/"},"sameAs":["https:\/\/www.facebook.com\/eoadc","https:\/\/www.instagram.com\/eoa.dc\/"]},{"@type":"Person","@id":"https:\/\/www.oadc.cz\/#\/schema\/person\/114954177cdcfa49e728ffb3849ea18c","name":"Jan Horais","image":{"@type":"ImageObject","inLanguage":"cs","@id":"https:\/\/www.oadc.cz\/#\/schema\/person\/image\/","url":"https:\/\/secure.gravatar.com\/avatar\/9f747f57fda48eee4f40361de292e2b6?s=96&d=mm&r=g","contentUrl":"https:\/\/secure.gravatar.com\/avatar\/9f747f57fda48eee4f40361de292e2b6?s=96&d=mm&r=g","caption":"Jan Horais"},"url":"https:\/\/www.oadc.cz\/index.php\/author\/jhorais\/"}]}},"_links":{"self":[{"href":"https:\/\/www.oadc.cz\/index.php\/wp-json\/wp\/v2\/posts\/8128"}],"collection":[{"href":"https:\/\/www.oadc.cz\/index.php\/wp-json\/wp\/v2\/posts"}],"about":[{"href":"https:\/\/www.oadc.cz\/index.php\/wp-json\/wp\/v2\/types\/post"}],"author":[{"embeddable":true,"href":"https:\/\/www.oadc.cz\/index.php\/wp-json\/wp\/v2\/users\/2"}],"replies":[{"embeddable":true,"href":"https:\/\/www.oadc.cz\/index.php\/wp-json\/wp\/v2\/comments?post=8128"}],"version-history":[{"count":10,"href":"https:\/\/www.oadc.cz\/index.php\/wp-json\/wp\/v2\/posts\/8128\/revisions"}],"predecessor-version":[{"id":8138,"href":"https:\/\/www.oadc.cz\/index.php\/wp-json\/wp\/v2\/posts\/8128\/revisions\/8138"}],"wp:featuredmedia":[{"embeddable":true,"href":"https:\/\/www.oadc.cz\/index.php\/wp-json\/wp\/v2\/media\/3873"}],"wp:attachment":[{"href":"https:\/\/www.oadc.cz\/index.php\/wp-json\/wp\/v2\/media?parent=8128"}],"wp:term":[{"taxonomy":"category","embeddable":true,"href":"https:\/\/www.oadc.cz\/index.php\/wp-json\/wp\/v2\/categories?post=8128"},{"taxonomy":"post_tag","embeddable":true,"href":"https:\/\/www.oadc.cz\/index.php\/wp-json\/wp\/v2\/tags?post=8128"}],"curies":[{"name":"wp","href":"https:\/\/api.w.org\/{rel}","templated":true}]}}