{"id":7216,"date":"2023-10-24T22:46:09","date_gmt":"2023-10-24T21:46:09","guid":{"rendered":"https:\/\/www.oadc.cz\/?p=7216"},"modified":"2023-12-20T09:22:46","modified_gmt":"2023-12-20T08:22:46","slug":"nove-cislo-casopisu-obchodnik-2","status":"publish","type":"post","link":"https:\/\/www.oadc.cz\/index.php\/2023\/10\/24\/nove-cislo-casopisu-obchodnik-2\/","title":{"rendered":"Nov\u00e9 \u010d\u00edslo \u010dasopisu Obchodn\u00edk"},"content":{"rendered":"\t\t<div data-elementor-type=\"wp-post\" data-elementor-id=\"7216\" class=\"elementor elementor-7216\" data-elementor-post-type=\"post\">\n\t\t\t\t<div class=\"elementor-element elementor-element-36b0a59 e-flex e-con-boxed e-con e-parent\" data-id=\"36b0a59\" data-element_type=\"container\" data-settings=\"{&quot;content_width&quot;:&quot;boxed&quot;}\" data-core-v316-plus=\"true\">\n\t\t\t\t\t<div class=\"e-con-inner\">\n\t\t\t\t<div class=\"elementor-element elementor-element-f36c57d elementor-widget elementor-widget-text-editor\" data-id=\"f36c57d\" data-element_type=\"widget\" data-widget_type=\"text-editor.default\">\n\t\t\t\t<div class=\"elementor-widget-container\">\n\t\t\t<style>\/*! elementor - v3.19.0 - 26-02-2024 *\/\n.elementor-widget-text-editor.elementor-drop-cap-view-stacked .elementor-drop-cap{background-color:#69727d;color:#fff}.elementor-widget-text-editor.elementor-drop-cap-view-framed .elementor-drop-cap{color:#69727d;border:3px solid;background-color:transparent}.elementor-widget-text-editor:not(.elementor-drop-cap-view-default) .elementor-drop-cap{margin-top:8px}.elementor-widget-text-editor:not(.elementor-drop-cap-view-default) .elementor-drop-cap-letter{width:1em;height:1em}.elementor-widget-text-editor .elementor-drop-cap{float:left;text-align:center;line-height:1;font-size:50px}.elementor-widget-text-editor .elementor-drop-cap-letter{display:inline-block}<\/style>\t\t\t\t<p>Chce\u0161 b\u00fdt v obraze v nov\u00e9m \u0161koln\u00edm roce a dozv\u011bd\u011bt se v\u00edce o tom, jak si to studenti u\u017eili<br \/>v\u00a0Chorvatsku, na cyklistick\u00e9m kurzu, v\u00a0Belgii \u010di jak se m\u011bli nov\u011b p\u0159\u00edchoz\u00ed prv\u00e1ci na seznamovac\u00edch<br \/>kurzech? \u017de ano? Tak hned mrkni na <a href=\"https:\/\/drive.google.com\/file\/d\/1aAmlt2BbiGU8hSnCfHPD0ot9InhspWPD\/view?usp=drive_link\" target=\"_blank\" rel=\"noopener\">obchodn\u00edka<\/a>.<\/p><a href=\"https:\/\/www.oadc.cz\/wp-content\/uploads\/2023\/10\/2023-09-komprimovano.pdf\" class=\"pdfemb-viewer\" style=\"\" data-width=\"max\" data-height=\"max\" data-toolbar=\"bottom\" data-toolbar-fixed=\"off\">2023-09-komprimovano<\/a><p>\u00a0<\/p><p>Cel\u00fd \u010dasopis ke sta\u017een\u00ed <a href=\"https:\/\/drive.google.com\/file\/d\/1wKykNZBuMglCfN9wy6D4AFTnq9cvjcHE\/view?usp=drive_link\" target=\"_blank\" rel=\"noopener\">zde<\/a>.<\/p>\t\t\t\t\t\t<\/div>\n\t\t\t\t<\/div>\n\t\t\t\t\t<\/div>\n\t\t\t\t<\/div>\n\t\t\t\t<\/div>\n\t\t","protected":false},"excerpt":{"rendered":"<p>Chce\u0161 b\u00fdt v obraze v nov\u00e9m \u0161koln\u00edm roce a dozv\u011bd\u011bt se v\u00edce o tom, jak si to studenti u\u017eiliv\u00a0Chorvatsku, na cyklistick\u00e9m kurzu, v\u00a0Belgii \u010di jak se m\u011bli nov\u011b p\u0159\u00edchoz\u00ed prv\u00e1ci na seznamovac\u00edchkurzech? \u017de ano? Tak hned mrkni na obchodn\u00edka. \u00a0 Cel\u00fd \u010dasopis ke sta\u017een\u00ed zde.<\/p>\n","protected":false},"author":2,"featured_media":7197,"comment_status":"closed","ping_status":"closed","sticky":false,"template":"","format":"standard","meta":{"footnotes":""},"categories":[15],"tags":[],"yoast_head":"<!-- This site is optimized with the Yoast SEO plugin v22.1 - https:\/\/yoast.com\/wordpress\/plugins\/seo\/ -->\n<title>Nov\u00e9 \u010d\u00edslo \u010dasopisu Obchodn\u00edk - Evropsk\u00e1 obchodn\u00ed akademie<\/title>\n<meta name=\"robots\" content=\"index, follow, max-snippet:-1, max-image-preview:large, max-video-preview:-1\" \/>\n<link rel=\"canonical\" href=\"https:\/\/www.oadc.cz\/index.php\/2023\/10\/24\/nove-cislo-casopisu-obchodnik-2\/\" \/>\n<meta property=\"og:locale\" content=\"cs_CZ\" \/>\n<meta property=\"og:type\" content=\"article\" \/>\n<meta property=\"og:title\" content=\"Nov\u00e9 \u010d\u00edslo \u010dasopisu Obchodn\u00edk - Evropsk\u00e1 obchodn\u00ed akademie\" \/>\n<meta property=\"og:description\" content=\"Chce\u0161 b\u00fdt v obraze v nov\u00e9m \u0161koln\u00edm roce a dozv\u011bd\u011bt se v\u00edce o tom, jak si to studenti u\u017eiliv\u00a0Chorvatsku, na cyklistick\u00e9m kurzu, v\u00a0Belgii \u010di jak se m\u011bli nov\u011b p\u0159\u00edchoz\u00ed prv\u00e1ci na seznamovac\u00edchkurzech? \u017de ano? Tak hned mrkni na obchodn\u00edka. \u00a0 Cel\u00fd \u010dasopis ke sta\u017een\u00ed zde.\" \/>\n<meta property=\"og:url\" content=\"https:\/\/www.oadc.cz\/index.php\/2023\/10\/24\/nove-cislo-casopisu-obchodnik-2\/\" \/>\n<meta property=\"og:site_name\" content=\"Evropsk\u00e1 obchodn\u00ed akademie\" \/>\n<meta property=\"article:publisher\" content=\"https:\/\/www.facebook.com\/eoadc\" \/>\n<meta property=\"article:published_time\" content=\"2023-10-24T21:46:09+00:00\" \/>\n<meta property=\"article:modified_time\" content=\"2023-12-20T08:22:46+00:00\" \/>\n<meta property=\"og:image\" content=\"https:\/\/www.oadc.cz\/wp-content\/uploads\/2023\/10\/2023-09.jpg\" \/>\n\t<meta property=\"og:image:width\" content=\"800\" \/>\n\t<meta property=\"og:image:height\" content=\"565\" \/>\n\t<meta property=\"og:image:type\" content=\"image\/jpeg\" \/>\n<meta name=\"author\" content=\"Jan Horais\" \/>\n<meta name=\"twitter:card\" content=\"summary_large_image\" \/>\n<meta name=\"twitter:label1\" content=\"Napsal(a)\" \/>\n\t<meta name=\"twitter:data1\" content=\"Jan Horais\" \/>\n\t<meta name=\"twitter:label2\" content=\"Odhadovan\u00e1 doba \u010dten\u00ed\" \/>\n\t<meta name=\"twitter:data2\" content=\"1 minuta\" \/>\n<script type=\"application\/ld+json\" class=\"yoast-schema-graph\">{\"@context\":\"https:\/\/schema.org\",\"@graph\":[{\"@type\":\"Article\",\"@id\":\"https:\/\/www.oadc.cz\/index.php\/2023\/10\/24\/nove-cislo-casopisu-obchodnik-2\/#article\",\"isPartOf\":{\"@id\":\"https:\/\/www.oadc.cz\/index.php\/2023\/10\/24\/nove-cislo-casopisu-obchodnik-2\/\"},\"author\":{\"name\":\"Jan Horais\",\"@id\":\"https:\/\/www.oadc.cz\/#\/schema\/person\/114954177cdcfa49e728ffb3849ea18c\"},\"headline\":\"Nov\u00e9 \u010d\u00edslo \u010dasopisu Obchodn\u00edk\",\"datePublished\":\"2023-10-24T21:46:09+00:00\",\"dateModified\":\"2023-12-20T08:22:46+00:00\",\"mainEntityOfPage\":{\"@id\":\"https:\/\/www.oadc.cz\/index.php\/2023\/10\/24\/nove-cislo-casopisu-obchodnik-2\/\"},\"wordCount\":76,\"publisher\":{\"@id\":\"https:\/\/www.oadc.cz\/#organization\"},\"articleSection\":[\"\u0161koln\u00ed akce\"],\"inLanguage\":\"cs\"},{\"@type\":\"WebPage\",\"@id\":\"https:\/\/www.oadc.cz\/index.php\/2023\/10\/24\/nove-cislo-casopisu-obchodnik-2\/\",\"url\":\"https:\/\/www.oadc.cz\/index.php\/2023\/10\/24\/nove-cislo-casopisu-obchodnik-2\/\",\"name\":\"Nov\u00e9 \u010d\u00edslo \u010dasopisu Obchodn\u00edk - Evropsk\u00e1 obchodn\u00ed akademie\",\"isPartOf\":{\"@id\":\"https:\/\/www.oadc.cz\/#website\"},\"datePublished\":\"2023-10-24T21:46:09+00:00\",\"dateModified\":\"2023-12-20T08:22:46+00:00\",\"breadcrumb\":{\"@id\":\"https:\/\/www.oadc.cz\/index.php\/2023\/10\/24\/nove-cislo-casopisu-obchodnik-2\/#breadcrumb\"},\"inLanguage\":\"cs\",\"potentialAction\":[{\"@type\":\"ReadAction\",\"target\":[\"https:\/\/www.oadc.cz\/index.php\/2023\/10\/24\/nove-cislo-casopisu-obchodnik-2\/\"]}]},{\"@type\":\"BreadcrumbList\",\"@id\":\"https:\/\/www.oadc.cz\/index.php\/2023\/10\/24\/nove-cislo-casopisu-obchodnik-2\/#breadcrumb\",\"itemListElement\":[{\"@type\":\"ListItem\",\"position\":1,\"name\":\"Dom\u016f\",\"item\":\"https:\/\/www.oadc.cz\/\"},{\"@type\":\"ListItem\",\"position\":2,\"name\":\"Nov\u00e9 \u010d\u00edslo \u010dasopisu Obchodn\u00edk\"}]},{\"@type\":\"WebSite\",\"@id\":\"https:\/\/www.oadc.cz\/#website\",\"url\":\"https:\/\/www.oadc.cz\/\",\"name\":\"Evropsk\u00e1 obchodn\u00ed akademie\",\"description\":\"st\u0159edn\u00ed odborn\u00e1 \u0161kola v D\u011b\u010d\u00edn\u011b\",\"publisher\":{\"@id\":\"https:\/\/www.oadc.cz\/#organization\"},\"potentialAction\":[{\"@type\":\"SearchAction\",\"target\":{\"@type\":\"EntryPoint\",\"urlTemplate\":\"https:\/\/www.oadc.cz\/?s={search_term_string}\"},\"query-input\":\"required name=search_term_string\"}],\"inLanguage\":\"cs\"},{\"@type\":\"Organization\",\"@id\":\"https:\/\/www.oadc.cz\/#organization\",\"name\":\"Evropsk\u00e1 Obchodn\u00ed Akademie\",\"url\":\"https:\/\/www.oadc.cz\/\",\"logo\":{\"@type\":\"ImageObject\",\"inLanguage\":\"cs\",\"@id\":\"https:\/\/www.oadc.cz\/#\/schema\/logo\/image\/\",\"url\":\"https:\/\/www.oadc.cz\/wp-content\/uploads\/2020\/12\/EOA-logo_upr.png\",\"contentUrl\":\"https:\/\/www.oadc.cz\/wp-content\/uploads\/2020\/12\/EOA-logo_upr.png\",\"width\":850,\"height\":632,\"caption\":\"Evropsk\u00e1 Obchodn\u00ed Akademie\"},\"image\":{\"@id\":\"https:\/\/www.oadc.cz\/#\/schema\/logo\/image\/\"},\"sameAs\":[\"https:\/\/www.facebook.com\/eoadc\",\"https:\/\/www.instagram.com\/eoa.dc\/\"]},{\"@type\":\"Person\",\"@id\":\"https:\/\/www.oadc.cz\/#\/schema\/person\/114954177cdcfa49e728ffb3849ea18c\",\"name\":\"Jan Horais\",\"image\":{\"@type\":\"ImageObject\",\"inLanguage\":\"cs\",\"@id\":\"https:\/\/www.oadc.cz\/#\/schema\/person\/image\/\",\"url\":\"https:\/\/secure.gravatar.com\/avatar\/9f747f57fda48eee4f40361de292e2b6?s=96&d=mm&r=g\",\"contentUrl\":\"https:\/\/secure.gravatar.com\/avatar\/9f747f57fda48eee4f40361de292e2b6?s=96&d=mm&r=g\",\"caption\":\"Jan Horais\"},\"url\":\"https:\/\/www.oadc.cz\/index.php\/author\/jhorais\/\"}]}<\/script>\n<!-- \/ Yoast SEO plugin. -->","yoast_head_json":{"title":"Nov\u00e9 \u010d\u00edslo \u010dasopisu Obchodn\u00edk - Evropsk\u00e1 obchodn\u00ed akademie","robots":{"index":"index","follow":"follow","max-snippet":"max-snippet:-1","max-image-preview":"max-image-preview:large","max-video-preview":"max-video-preview:-1"},"canonical":"https:\/\/www.oadc.cz\/index.php\/2023\/10\/24\/nove-cislo-casopisu-obchodnik-2\/","og_locale":"cs_CZ","og_type":"article","og_title":"Nov\u00e9 \u010d\u00edslo \u010dasopisu Obchodn\u00edk - Evropsk\u00e1 obchodn\u00ed akademie","og_description":"Chce\u0161 b\u00fdt v obraze v nov\u00e9m \u0161koln\u00edm roce a dozv\u011bd\u011bt se v\u00edce o tom, jak si to studenti u\u017eiliv\u00a0Chorvatsku, na cyklistick\u00e9m kurzu, v\u00a0Belgii \u010di jak se m\u011bli nov\u011b p\u0159\u00edchoz\u00ed prv\u00e1ci na seznamovac\u00edchkurzech? \u017de ano? Tak hned mrkni na obchodn\u00edka. \u00a0 Cel\u00fd \u010dasopis ke sta\u017een\u00ed zde.","og_url":"https:\/\/www.oadc.cz\/index.php\/2023\/10\/24\/nove-cislo-casopisu-obchodnik-2\/","og_site_name":"Evropsk\u00e1 obchodn\u00ed akademie","article_publisher":"https:\/\/www.facebook.com\/eoadc","article_published_time":"2023-10-24T21:46:09+00:00","article_modified_time":"2023-12-20T08:22:46+00:00","og_image":[{"width":800,"height":565,"url":"https:\/\/www.oadc.cz\/wp-content\/uploads\/2023\/10\/2023-09.jpg","type":"image\/jpeg"}],"author":"Jan Horais","twitter_card":"summary_large_image","twitter_misc":{"Napsal(a)":"Jan Horais","Odhadovan\u00e1 doba \u010dten\u00ed":"1 minuta"},"schema":{"@context":"https:\/\/schema.org","@graph":[{"@type":"Article","@id":"https:\/\/www.oadc.cz\/index.php\/2023\/10\/24\/nove-cislo-casopisu-obchodnik-2\/#article","isPartOf":{"@id":"https:\/\/www.oadc.cz\/index.php\/2023\/10\/24\/nove-cislo-casopisu-obchodnik-2\/"},"author":{"name":"Jan Horais","@id":"https:\/\/www.oadc.cz\/#\/schema\/person\/114954177cdcfa49e728ffb3849ea18c"},"headline":"Nov\u00e9 \u010d\u00edslo \u010dasopisu Obchodn\u00edk","datePublished":"2023-10-24T21:46:09+00:00","dateModified":"2023-12-20T08:22:46+00:00","mainEntityOfPage":{"@id":"https:\/\/www.oadc.cz\/index.php\/2023\/10\/24\/nove-cislo-casopisu-obchodnik-2\/"},"wordCount":76,"publisher":{"@id":"https:\/\/www.oadc.cz\/#organization"},"articleSection":["\u0161koln\u00ed akce"],"inLanguage":"cs"},{"@type":"WebPage","@id":"https:\/\/www.oadc.cz\/index.php\/2023\/10\/24\/nove-cislo-casopisu-obchodnik-2\/","url":"https:\/\/www.oadc.cz\/index.php\/2023\/10\/24\/nove-cislo-casopisu-obchodnik-2\/","name":"Nov\u00e9 \u010d\u00edslo \u010dasopisu Obchodn\u00edk - Evropsk\u00e1 obchodn\u00ed akademie","isPartOf":{"@id":"https:\/\/www.oadc.cz\/#website"},"datePublished":"2023-10-24T21:46:09+00:00","dateModified":"2023-12-20T08:22:46+00:00","breadcrumb":{"@id":"https:\/\/www.oadc.cz\/index.php\/2023\/10\/24\/nove-cislo-casopisu-obchodnik-2\/#breadcrumb"},"inLanguage":"cs","potentialAction":[{"@type":"ReadAction","target":["https:\/\/www.oadc.cz\/index.php\/2023\/10\/24\/nove-cislo-casopisu-obchodnik-2\/"]}]},{"@type":"BreadcrumbList","@id":"https:\/\/www.oadc.cz\/index.php\/2023\/10\/24\/nove-cislo-casopisu-obchodnik-2\/#breadcrumb","itemListElement":[{"@type":"ListItem","position":1,"name":"Dom\u016f","item":"https:\/\/www.oadc.cz\/"},{"@type":"ListItem","position":2,"name":"Nov\u00e9 \u010d\u00edslo \u010dasopisu Obchodn\u00edk"}]},{"@type":"WebSite","@id":"https:\/\/www.oadc.cz\/#website","url":"https:\/\/www.oadc.cz\/","name":"Evropsk\u00e1 obchodn\u00ed akademie","description":"st\u0159edn\u00ed odborn\u00e1 \u0161kola v D\u011b\u010d\u00edn\u011b","publisher":{"@id":"https:\/\/www.oadc.cz\/#organization"},"potentialAction":[{"@type":"SearchAction","target":{"@type":"EntryPoint","urlTemplate":"https:\/\/www.oadc.cz\/?s={search_term_string}"},"query-input":"required name=search_term_string"}],"inLanguage":"cs"},{"@type":"Organization","@id":"https:\/\/www.oadc.cz\/#organization","name":"Evropsk\u00e1 Obchodn\u00ed Akademie","url":"https:\/\/www.oadc.cz\/","logo":{"@type":"ImageObject","inLanguage":"cs","@id":"https:\/\/www.oadc.cz\/#\/schema\/logo\/image\/","url":"https:\/\/www.oadc.cz\/wp-content\/uploads\/2020\/12\/EOA-logo_upr.png","contentUrl":"https:\/\/www.oadc.cz\/wp-content\/uploads\/2020\/12\/EOA-logo_upr.png","width":850,"height":632,"caption":"Evropsk\u00e1 Obchodn\u00ed Akademie"},"image":{"@id":"https:\/\/www.oadc.cz\/#\/schema\/logo\/image\/"},"sameAs":["https:\/\/www.facebook.com\/eoadc","https:\/\/www.instagram.com\/eoa.dc\/"]},{"@type":"Person","@id":"https:\/\/www.oadc.cz\/#\/schema\/person\/114954177cdcfa49e728ffb3849ea18c","name":"Jan Horais","image":{"@type":"ImageObject","inLanguage":"cs","@id":"https:\/\/www.oadc.cz\/#\/schema\/person\/image\/","url":"https:\/\/secure.gravatar.com\/avatar\/9f747f57fda48eee4f40361de292e2b6?s=96&d=mm&r=g","contentUrl":"https:\/\/secure.gravatar.com\/avatar\/9f747f57fda48eee4f40361de292e2b6?s=96&d=mm&r=g","caption":"Jan Horais"},"url":"https:\/\/www.oadc.cz\/index.php\/author\/jhorais\/"}]}},"_links":{"self":[{"href":"https:\/\/www.oadc.cz\/index.php\/wp-json\/wp\/v2\/posts\/7216"}],"collection":[{"href":"https:\/\/www.oadc.cz\/index.php\/wp-json\/wp\/v2\/posts"}],"about":[{"href":"https:\/\/www.oadc.cz\/index.php\/wp-json\/wp\/v2\/types\/post"}],"author":[{"embeddable":true,"href":"https:\/\/www.oadc.cz\/index.php\/wp-json\/wp\/v2\/users\/2"}],"replies":[{"embeddable":true,"href":"https:\/\/www.oadc.cz\/index.php\/wp-json\/wp\/v2\/comments?post=7216"}],"version-history":[{"count":10,"href":"https:\/\/www.oadc.cz\/index.php\/wp-json\/wp\/v2\/posts\/7216\/revisions"}],"predecessor-version":[{"id":7483,"href":"https:\/\/www.oadc.cz\/index.php\/wp-json\/wp\/v2\/posts\/7216\/revisions\/7483"}],"wp:featuredmedia":[{"embeddable":true,"href":"https:\/\/www.oadc.cz\/index.php\/wp-json\/wp\/v2\/media\/7197"}],"wp:attachment":[{"href":"https:\/\/www.oadc.cz\/index.php\/wp-json\/wp\/v2\/media?parent=7216"}],"wp:term":[{"taxonomy":"category","embeddable":true,"href":"https:\/\/www.oadc.cz\/index.php\/wp-json\/wp\/v2\/categories?post=7216"},{"taxonomy":"post_tag","embeddable":true,"href":"https:\/\/www.oadc.cz\/index.php\/wp-json\/wp\/v2\/tags?post=7216"}],"curies":[{"name":"wp","href":"https:\/\/api.w.org\/{rel}","templated":true}]}}