{"id":7024,"date":"2023-10-11T20:39:34","date_gmt":"2023-10-11T19:39:34","guid":{"rendered":"https:\/\/www.oadc.cz\/?p=7024"},"modified":"2023-10-11T20:40:34","modified_gmt":"2023-10-11T19:40:34","slug":"rakousko-viden","status":"publish","type":"post","link":"https:\/\/www.oadc.cz\/index.php\/2023\/10\/11\/rakousko-viden\/","title":{"rendered":"Rakousko &#8211; V\u00edde\u0148"},"content":{"rendered":"\t\t<div data-elementor-type=\"wp-post\" data-elementor-id=\"7024\" class=\"elementor elementor-7024\" data-elementor-post-type=\"post\">\n\t\t\t\t<div class=\"elementor-element elementor-element-608dab9 e-flex e-con-boxed e-con e-parent\" data-id=\"608dab9\" data-element_type=\"container\" data-settings=\"{&quot;content_width&quot;:&quot;boxed&quot;}\" data-core-v316-plus=\"true\">\n\t\t\t\t\t<div class=\"e-con-inner\">\n\t\t\t\t<div class=\"elementor-element elementor-element-5407713 elementor-widget elementor-widget-text-editor\" data-id=\"5407713\" data-element_type=\"widget\" data-widget_type=\"text-editor.default\">\n\t\t\t\t<div class=\"elementor-widget-container\">\n\t\t\t<style>\/*! elementor - v3.19.0 - 26-02-2024 *\/\n.elementor-widget-text-editor.elementor-drop-cap-view-stacked .elementor-drop-cap{background-color:#69727d;color:#fff}.elementor-widget-text-editor.elementor-drop-cap-view-framed .elementor-drop-cap{color:#69727d;border:3px solid;background-color:transparent}.elementor-widget-text-editor:not(.elementor-drop-cap-view-default) .elementor-drop-cap{margin-top:8px}.elementor-widget-text-editor:not(.elementor-drop-cap-view-default) .elementor-drop-cap-letter{width:1em;height:1em}.elementor-widget-text-editor .elementor-drop-cap{float:left;text-align:center;line-height:1;font-size:50px}.elementor-widget-text-editor .elementor-drop-cap-letter{display:inline-block}<\/style>\t\t\t\t<p>5. &#8211; 6.10. 2023 se \u017e\u00e1ci EOA z\u00fa\u010dastnili v\u00fdchovn\u011b &#8211; vzd\u011bl\u00e1vac\u00edho z\u00e1jezdu do V\u00eddn\u011b. Program byl pestr\u00fd a zaj\u00edmav\u00fd :<\/p><div>1. den &#8211;\u00a0 sraz p\u0159ed \u0161kolou byl ve 3:45, odjezd sm\u011br Rakousko s c\u00edlem &#8211; hlavn\u00ed m\u011bsto V\u00edde\u0148. Po p\u0159\u00edjezdu n\u00e1s \u010dekala prohl\u00eddka b\u00fdval\u00e9 rezidence Habsburk\u016f &#8211;\u00a0SCH\u00d6NBRUNN\u00a0 a jeho kr\u00e1sn\u00e9 zahrady, d\u00e1le n\u00e1v\u0161t\u011bva WAGENBURGu\u00a0 &#8211; muzeum ko\u010d\u00e1r\u016f, proch\u00e1zka historick\u00fdm centrem m\u011bsta kolem nejv\u00fdznamn\u011bj\u0161\u00ed\u00a0pam\u00e1tky\u00a0 V\u00eddn\u011b STEPHANSDOMu. Nechyb\u011bla ochutn\u00e1vka v\u00edde\u0148sk\u00e9 k\u00e1vy a klasick\u00fdch dort\u016f. Ubytov\u00e1n\u00ed bylo v p\u0159\u00edjemn\u00e9m hostelu se sn\u00eddan\u00ed.<\/div><div>2. den &#8211; hned r\u00e1no byla zast\u00e1vka u tzv. HUNDERTWASSERHAUS &#8211; architektonicky zaj\u00edmav\u00e9 stavby , pak n\u00e1v\u0161t\u011bva muzea ALBERTINA , ve kter\u00e9m jsme si prohl\u00e9dli obrazy mnoha sv\u011btozn\u00e1m\u00fdch autor\u016f (Picasso, Chagall,\u00a0 Monet, Degas, Klimt, Kokoschka, Michelangelo, &#8230;). Pak si \u017e\u00e1ci u\u017eili z\u00e1bavu ve 3D Pick Art muzeu a v odpoledn\u00edch hodin\u00e1ch byl v\u00fdjezd do V\u00eddn\u011b\u00a0zakon\u010den v Pr\u00e1tru &#8211; v z\u00e1bavn\u00edm parku se spoustou atrakc\u00ed. Do D\u011b\u010d\u00edna byl n\u00e1vrat t\u00e9m\u011b\u0159 ve 24:00.<\/div>\t\t\t\t\t\t<\/div>\n\t\t\t\t<\/div>\n\t\t\t\t\t<\/div>\n\t\t\t\t<\/div>\n\t\t<div class=\"elementor-element elementor-element-1ac00e0 e-flex e-con-boxed e-con e-parent\" data-id=\"1ac00e0\" data-element_type=\"container\" data-settings=\"{&quot;content_width&quot;:&quot;boxed&quot;}\" data-core-v316-plus=\"true\">\n\t\t\t\t\t<div class=\"e-con-inner\">\n\t\t\t\t<div class=\"elementor-element elementor-element-f7c46f4 elementor-widget elementor-widget-image\" data-id=\"f7c46f4\" data-element_type=\"widget\" data-widget_type=\"image.default\">\n\t\t\t\t<div class=\"elementor-widget-container\">\n\t\t\t<style>\/*! elementor - v3.19.0 - 26-02-2024 *\/\n.elementor-widget-image{text-align:center}.elementor-widget-image a{display:inline-block}.elementor-widget-image a img[src$=\".svg\"]{width:48px}.elementor-widget-image img{vertical-align:middle;display:inline-block}<\/style>\t\t\t\t\t\t\t\t\t\t<img fetchpriority=\"high\" decoding=\"async\" width=\"1024\" height=\"768\" src=\"https:\/\/www.oadc.cz\/wp-content\/uploads\/2023\/10\/Wien1-1024x768.jpg\" class=\"attachment-large size-large wp-image-7022\" alt=\"Rakousko - V\u00edde\u0148\" srcset=\"https:\/\/www.oadc.cz\/wp-content\/uploads\/2023\/10\/Wien1-1024x768.jpg 1024w, https:\/\/www.oadc.cz\/wp-content\/uploads\/2023\/10\/Wien1-300x225.jpg 300w, https:\/\/www.oadc.cz\/wp-content\/uploads\/2023\/10\/Wien1-768x576.jpg 768w, https:\/\/www.oadc.cz\/wp-content\/uploads\/2023\/10\/Wien1.jpg 1232w\" sizes=\"(max-width: 1024px) 100vw, 1024px\" \/>\t\t\t\t\t\t\t\t\t\t\t\t\t<\/div>\n\t\t\t\t<\/div>\n\t\t\t\t\t<\/div>\n\t\t\t\t<\/div>\n\t\t\t\t<\/div>\n\t\t","protected":false},"excerpt":{"rendered":"<p>5. &#8211; 6.10. 2023 se \u017e\u00e1ci EOA z\u00fa\u010dastnili v\u00fdchovn\u011b &#8211; vzd\u011bl\u00e1vac\u00edho z\u00e1jezdu do V\u00eddn\u011b. Program byl pestr\u00fd a zaj\u00edmav\u00fd : 1. den &#8211;\u00a0 sraz p\u0159ed \u0161kolou byl ve 3:45, odjezd sm\u011br Rakousko s c\u00edlem &#8211; hlavn\u00ed m\u011bsto V\u00edde\u0148. Po p\u0159\u00edjezdu n\u00e1s \u010dekala prohl\u00eddka b\u00fdval\u00e9 rezidence Habsburk\u016f &#8211;\u00a0SCH\u00d6NBRUNN\u00a0 a jeho kr\u00e1sn\u00e9 zahrady, d\u00e1le n\u00e1v\u0161t\u011bva WAGENBURGu\u00a0 &#8211; [&hellip;]<\/p>\n","protected":false},"author":2,"featured_media":7023,"comment_status":"closed","ping_status":"closed","sticky":false,"template":"","format":"standard","meta":{"footnotes":""},"categories":[15],"tags":[],"yoast_head":"<!-- This site is optimized with the Yoast SEO plugin v22.1 - https:\/\/yoast.com\/wordpress\/plugins\/seo\/ -->\n<title>Rakousko - V\u00edde\u0148 - Evropsk\u00e1 obchodn\u00ed akademie<\/title>\n<meta name=\"robots\" content=\"index, follow, max-snippet:-1, max-image-preview:large, max-video-preview:-1\" \/>\n<link rel=\"canonical\" href=\"https:\/\/www.oadc.cz\/index.php\/2023\/10\/11\/rakousko-viden\/\" \/>\n<meta property=\"og:locale\" content=\"cs_CZ\" \/>\n<meta property=\"og:type\" content=\"article\" \/>\n<meta property=\"og:title\" content=\"Rakousko - V\u00edde\u0148 - Evropsk\u00e1 obchodn\u00ed akademie\" \/>\n<meta property=\"og:description\" content=\"5. &#8211; 6.10. 2023 se \u017e\u00e1ci EOA z\u00fa\u010dastnili v\u00fdchovn\u011b &#8211; vzd\u011bl\u00e1vac\u00edho z\u00e1jezdu do V\u00eddn\u011b. Program byl pestr\u00fd a zaj\u00edmav\u00fd : 1. den &#8211;\u00a0 sraz p\u0159ed \u0161kolou byl ve 3:45, odjezd sm\u011br Rakousko s c\u00edlem &#8211; hlavn\u00ed m\u011bsto V\u00edde\u0148. Po p\u0159\u00edjezdu n\u00e1s \u010dekala prohl\u00eddka b\u00fdval\u00e9 rezidence Habsburk\u016f &#8211;\u00a0SCH\u00d6NBRUNN\u00a0 a jeho kr\u00e1sn\u00e9 zahrady, d\u00e1le n\u00e1v\u0161t\u011bva WAGENBURGu\u00a0 &#8211; [&hellip;]\" \/>\n<meta property=\"og:url\" content=\"https:\/\/www.oadc.cz\/index.php\/2023\/10\/11\/rakousko-viden\/\" \/>\n<meta property=\"og:site_name\" content=\"Evropsk\u00e1 obchodn\u00ed akademie\" \/>\n<meta property=\"article:publisher\" content=\"https:\/\/www.facebook.com\/eoadc\" \/>\n<meta property=\"article:published_time\" content=\"2023-10-11T19:39:34+00:00\" \/>\n<meta property=\"article:modified_time\" content=\"2023-10-11T19:40:34+00:00\" \/>\n<meta property=\"og:image\" content=\"https:\/\/www.oadc.cz\/wp-content\/uploads\/2023\/10\/Wien1-n.jpg\" \/>\n\t<meta property=\"og:image:width\" content=\"800\" \/>\n\t<meta property=\"og:image:height\" content=\"600\" \/>\n\t<meta property=\"og:image:type\" content=\"image\/jpeg\" \/>\n<meta name=\"author\" content=\"Jan Horais\" \/>\n<meta name=\"twitter:card\" content=\"summary_large_image\" \/>\n<meta name=\"twitter:label1\" content=\"Napsal(a)\" \/>\n\t<meta name=\"twitter:data1\" content=\"Jan Horais\" \/>\n\t<meta name=\"twitter:label2\" content=\"Odhadovan\u00e1 doba \u010dten\u00ed\" \/>\n\t<meta name=\"twitter:data2\" content=\"1 minuta\" \/>\n<script type=\"application\/ld+json\" class=\"yoast-schema-graph\">{\"@context\":\"https:\/\/schema.org\",\"@graph\":[{\"@type\":\"Article\",\"@id\":\"https:\/\/www.oadc.cz\/index.php\/2023\/10\/11\/rakousko-viden\/#article\",\"isPartOf\":{\"@id\":\"https:\/\/www.oadc.cz\/index.php\/2023\/10\/11\/rakousko-viden\/\"},\"author\":{\"name\":\"Jan Horais\",\"@id\":\"https:\/\/www.oadc.cz\/#\/schema\/person\/114954177cdcfa49e728ffb3849ea18c\"},\"headline\":\"Rakousko &#8211; V\u00edde\u0148\",\"datePublished\":\"2023-10-11T19:39:34+00:00\",\"dateModified\":\"2023-10-11T19:40:34+00:00\",\"mainEntityOfPage\":{\"@id\":\"https:\/\/www.oadc.cz\/index.php\/2023\/10\/11\/rakousko-viden\/\"},\"wordCount\":211,\"publisher\":{\"@id\":\"https:\/\/www.oadc.cz\/#organization\"},\"articleSection\":[\"\u0161koln\u00ed akce\"],\"inLanguage\":\"cs\"},{\"@type\":\"WebPage\",\"@id\":\"https:\/\/www.oadc.cz\/index.php\/2023\/10\/11\/rakousko-viden\/\",\"url\":\"https:\/\/www.oadc.cz\/index.php\/2023\/10\/11\/rakousko-viden\/\",\"name\":\"Rakousko - V\u00edde\u0148 - Evropsk\u00e1 obchodn\u00ed akademie\",\"isPartOf\":{\"@id\":\"https:\/\/www.oadc.cz\/#website\"},\"datePublished\":\"2023-10-11T19:39:34+00:00\",\"dateModified\":\"2023-10-11T19:40:34+00:00\",\"breadcrumb\":{\"@id\":\"https:\/\/www.oadc.cz\/index.php\/2023\/10\/11\/rakousko-viden\/#breadcrumb\"},\"inLanguage\":\"cs\",\"potentialAction\":[{\"@type\":\"ReadAction\",\"target\":[\"https:\/\/www.oadc.cz\/index.php\/2023\/10\/11\/rakousko-viden\/\"]}]},{\"@type\":\"BreadcrumbList\",\"@id\":\"https:\/\/www.oadc.cz\/index.php\/2023\/10\/11\/rakousko-viden\/#breadcrumb\",\"itemListElement\":[{\"@type\":\"ListItem\",\"position\":1,\"name\":\"Dom\u016f\",\"item\":\"https:\/\/www.oadc.cz\/\"},{\"@type\":\"ListItem\",\"position\":2,\"name\":\"Rakousko &#8211; V\u00edde\u0148\"}]},{\"@type\":\"WebSite\",\"@id\":\"https:\/\/www.oadc.cz\/#website\",\"url\":\"https:\/\/www.oadc.cz\/\",\"name\":\"Evropsk\u00e1 obchodn\u00ed akademie\",\"description\":\"st\u0159edn\u00ed odborn\u00e1 \u0161kola v D\u011b\u010d\u00edn\u011b\",\"publisher\":{\"@id\":\"https:\/\/www.oadc.cz\/#organization\"},\"potentialAction\":[{\"@type\":\"SearchAction\",\"target\":{\"@type\":\"EntryPoint\",\"urlTemplate\":\"https:\/\/www.oadc.cz\/?s={search_term_string}\"},\"query-input\":\"required name=search_term_string\"}],\"inLanguage\":\"cs\"},{\"@type\":\"Organization\",\"@id\":\"https:\/\/www.oadc.cz\/#organization\",\"name\":\"Evropsk\u00e1 Obchodn\u00ed Akademie\",\"url\":\"https:\/\/www.oadc.cz\/\",\"logo\":{\"@type\":\"ImageObject\",\"inLanguage\":\"cs\",\"@id\":\"https:\/\/www.oadc.cz\/#\/schema\/logo\/image\/\",\"url\":\"https:\/\/www.oadc.cz\/wp-content\/uploads\/2020\/12\/EOA-logo_upr.png\",\"contentUrl\":\"https:\/\/www.oadc.cz\/wp-content\/uploads\/2020\/12\/EOA-logo_upr.png\",\"width\":850,\"height\":632,\"caption\":\"Evropsk\u00e1 Obchodn\u00ed Akademie\"},\"image\":{\"@id\":\"https:\/\/www.oadc.cz\/#\/schema\/logo\/image\/\"},\"sameAs\":[\"https:\/\/www.facebook.com\/eoadc\",\"https:\/\/www.instagram.com\/eoa.dc\/\"]},{\"@type\":\"Person\",\"@id\":\"https:\/\/www.oadc.cz\/#\/schema\/person\/114954177cdcfa49e728ffb3849ea18c\",\"name\":\"Jan Horais\",\"image\":{\"@type\":\"ImageObject\",\"inLanguage\":\"cs\",\"@id\":\"https:\/\/www.oadc.cz\/#\/schema\/person\/image\/\",\"url\":\"https:\/\/secure.gravatar.com\/avatar\/9f747f57fda48eee4f40361de292e2b6?s=96&d=mm&r=g\",\"contentUrl\":\"https:\/\/secure.gravatar.com\/avatar\/9f747f57fda48eee4f40361de292e2b6?s=96&d=mm&r=g\",\"caption\":\"Jan Horais\"},\"url\":\"https:\/\/www.oadc.cz\/index.php\/author\/jhorais\/\"}]}<\/script>\n<!-- \/ Yoast SEO plugin. -->","yoast_head_json":{"title":"Rakousko - V\u00edde\u0148 - Evropsk\u00e1 obchodn\u00ed akademie","robots":{"index":"index","follow":"follow","max-snippet":"max-snippet:-1","max-image-preview":"max-image-preview:large","max-video-preview":"max-video-preview:-1"},"canonical":"https:\/\/www.oadc.cz\/index.php\/2023\/10\/11\/rakousko-viden\/","og_locale":"cs_CZ","og_type":"article","og_title":"Rakousko - V\u00edde\u0148 - Evropsk\u00e1 obchodn\u00ed akademie","og_description":"5. &#8211; 6.10. 2023 se \u017e\u00e1ci EOA z\u00fa\u010dastnili v\u00fdchovn\u011b &#8211; vzd\u011bl\u00e1vac\u00edho z\u00e1jezdu do V\u00eddn\u011b. Program byl pestr\u00fd a zaj\u00edmav\u00fd : 1. den &#8211;\u00a0 sraz p\u0159ed \u0161kolou byl ve 3:45, odjezd sm\u011br Rakousko s c\u00edlem &#8211; hlavn\u00ed m\u011bsto V\u00edde\u0148. Po p\u0159\u00edjezdu n\u00e1s \u010dekala prohl\u00eddka b\u00fdval\u00e9 rezidence Habsburk\u016f &#8211;\u00a0SCH\u00d6NBRUNN\u00a0 a jeho kr\u00e1sn\u00e9 zahrady, d\u00e1le n\u00e1v\u0161t\u011bva WAGENBURGu\u00a0 &#8211; [&hellip;]","og_url":"https:\/\/www.oadc.cz\/index.php\/2023\/10\/11\/rakousko-viden\/","og_site_name":"Evropsk\u00e1 obchodn\u00ed akademie","article_publisher":"https:\/\/www.facebook.com\/eoadc","article_published_time":"2023-10-11T19:39:34+00:00","article_modified_time":"2023-10-11T19:40:34+00:00","og_image":[{"width":800,"height":600,"url":"https:\/\/www.oadc.cz\/wp-content\/uploads\/2023\/10\/Wien1-n.jpg","type":"image\/jpeg"}],"author":"Jan Horais","twitter_card":"summary_large_image","twitter_misc":{"Napsal(a)":"Jan Horais","Odhadovan\u00e1 doba \u010dten\u00ed":"1 minuta"},"schema":{"@context":"https:\/\/schema.org","@graph":[{"@type":"Article","@id":"https:\/\/www.oadc.cz\/index.php\/2023\/10\/11\/rakousko-viden\/#article","isPartOf":{"@id":"https:\/\/www.oadc.cz\/index.php\/2023\/10\/11\/rakousko-viden\/"},"author":{"name":"Jan Horais","@id":"https:\/\/www.oadc.cz\/#\/schema\/person\/114954177cdcfa49e728ffb3849ea18c"},"headline":"Rakousko &#8211; V\u00edde\u0148","datePublished":"2023-10-11T19:39:34+00:00","dateModified":"2023-10-11T19:40:34+00:00","mainEntityOfPage":{"@id":"https:\/\/www.oadc.cz\/index.php\/2023\/10\/11\/rakousko-viden\/"},"wordCount":211,"publisher":{"@id":"https:\/\/www.oadc.cz\/#organization"},"articleSection":["\u0161koln\u00ed akce"],"inLanguage":"cs"},{"@type":"WebPage","@id":"https:\/\/www.oadc.cz\/index.php\/2023\/10\/11\/rakousko-viden\/","url":"https:\/\/www.oadc.cz\/index.php\/2023\/10\/11\/rakousko-viden\/","name":"Rakousko - V\u00edde\u0148 - Evropsk\u00e1 obchodn\u00ed akademie","isPartOf":{"@id":"https:\/\/www.oadc.cz\/#website"},"datePublished":"2023-10-11T19:39:34+00:00","dateModified":"2023-10-11T19:40:34+00:00","breadcrumb":{"@id":"https:\/\/www.oadc.cz\/index.php\/2023\/10\/11\/rakousko-viden\/#breadcrumb"},"inLanguage":"cs","potentialAction":[{"@type":"ReadAction","target":["https:\/\/www.oadc.cz\/index.php\/2023\/10\/11\/rakousko-viden\/"]}]},{"@type":"BreadcrumbList","@id":"https:\/\/www.oadc.cz\/index.php\/2023\/10\/11\/rakousko-viden\/#breadcrumb","itemListElement":[{"@type":"ListItem","position":1,"name":"Dom\u016f","item":"https:\/\/www.oadc.cz\/"},{"@type":"ListItem","position":2,"name":"Rakousko &#8211; V\u00edde\u0148"}]},{"@type":"WebSite","@id":"https:\/\/www.oadc.cz\/#website","url":"https:\/\/www.oadc.cz\/","name":"Evropsk\u00e1 obchodn\u00ed akademie","description":"st\u0159edn\u00ed odborn\u00e1 \u0161kola v D\u011b\u010d\u00edn\u011b","publisher":{"@id":"https:\/\/www.oadc.cz\/#organization"},"potentialAction":[{"@type":"SearchAction","target":{"@type":"EntryPoint","urlTemplate":"https:\/\/www.oadc.cz\/?s={search_term_string}"},"query-input":"required name=search_term_string"}],"inLanguage":"cs"},{"@type":"Organization","@id":"https:\/\/www.oadc.cz\/#organization","name":"Evropsk\u00e1 Obchodn\u00ed Akademie","url":"https:\/\/www.oadc.cz\/","logo":{"@type":"ImageObject","inLanguage":"cs","@id":"https:\/\/www.oadc.cz\/#\/schema\/logo\/image\/","url":"https:\/\/www.oadc.cz\/wp-content\/uploads\/2020\/12\/EOA-logo_upr.png","contentUrl":"https:\/\/www.oadc.cz\/wp-content\/uploads\/2020\/12\/EOA-logo_upr.png","width":850,"height":632,"caption":"Evropsk\u00e1 Obchodn\u00ed Akademie"},"image":{"@id":"https:\/\/www.oadc.cz\/#\/schema\/logo\/image\/"},"sameAs":["https:\/\/www.facebook.com\/eoadc","https:\/\/www.instagram.com\/eoa.dc\/"]},{"@type":"Person","@id":"https:\/\/www.oadc.cz\/#\/schema\/person\/114954177cdcfa49e728ffb3849ea18c","name":"Jan Horais","image":{"@type":"ImageObject","inLanguage":"cs","@id":"https:\/\/www.oadc.cz\/#\/schema\/person\/image\/","url":"https:\/\/secure.gravatar.com\/avatar\/9f747f57fda48eee4f40361de292e2b6?s=96&d=mm&r=g","contentUrl":"https:\/\/secure.gravatar.com\/avatar\/9f747f57fda48eee4f40361de292e2b6?s=96&d=mm&r=g","caption":"Jan Horais"},"url":"https:\/\/www.oadc.cz\/index.php\/author\/jhorais\/"}]}},"_links":{"self":[{"href":"https:\/\/www.oadc.cz\/index.php\/wp-json\/wp\/v2\/posts\/7024"}],"collection":[{"href":"https:\/\/www.oadc.cz\/index.php\/wp-json\/wp\/v2\/posts"}],"about":[{"href":"https:\/\/www.oadc.cz\/index.php\/wp-json\/wp\/v2\/types\/post"}],"author":[{"embeddable":true,"href":"https:\/\/www.oadc.cz\/index.php\/wp-json\/wp\/v2\/users\/2"}],"replies":[{"embeddable":true,"href":"https:\/\/www.oadc.cz\/index.php\/wp-json\/wp\/v2\/comments?post=7024"}],"version-history":[{"count":5,"href":"https:\/\/www.oadc.cz\/index.php\/wp-json\/wp\/v2\/posts\/7024\/revisions"}],"predecessor-version":[{"id":7029,"href":"https:\/\/www.oadc.cz\/index.php\/wp-json\/wp\/v2\/posts\/7024\/revisions\/7029"}],"wp:featuredmedia":[{"embeddable":true,"href":"https:\/\/www.oadc.cz\/index.php\/wp-json\/wp\/v2\/media\/7023"}],"wp:attachment":[{"href":"https:\/\/www.oadc.cz\/index.php\/wp-json\/wp\/v2\/media?parent=7024"}],"wp:term":[{"taxonomy":"category","embeddable":true,"href":"https:\/\/www.oadc.cz\/index.php\/wp-json\/wp\/v2\/categories?post=7024"},{"taxonomy":"post_tag","embeddable":true,"href":"https:\/\/www.oadc.cz\/index.php\/wp-json\/wp\/v2\/tags?post=7024"}],"curies":[{"name":"wp","href":"https:\/\/api.w.org\/{rel}","templated":true}]}}