{"id":6702,"date":"2023-09-05T08:38:38","date_gmt":"2023-09-05T07:38:38","guid":{"rendered":"https:\/\/www.oadc.cz\/?p=6702"},"modified":"2023-09-05T09:15:23","modified_gmt":"2023-09-05T08:15:23","slug":"program-erasmus-nabizi-mezinarodni-zkusenosti-zakum-i-ucitelum-decinskych-skol","status":"publish","type":"post","link":"https:\/\/www.oadc.cz\/index.php\/2023\/09\/05\/program-erasmus-nabizi-mezinarodni-zkusenosti-zakum-i-ucitelum-decinskych-skol\/","title":{"rendered":"PROGRAM ERASMUS NAB\u00cdZ\u00cd MEZIN\u00c1RODN\u00cd ZKU\u0160ENOSTI \u017d\u00c1K\u016eM I U\u010cITEL\u016eM D\u011a\u010c\u00cdNSK\u00ddCH \u0160KOL"},"content":{"rendered":"\t\t<div data-elementor-type=\"wp-post\" data-elementor-id=\"6702\" class=\"elementor elementor-6702\" data-elementor-post-type=\"post\">\n\t\t\t\t<div class=\"elementor-element elementor-element-0f94c76 e-flex e-con-boxed e-con e-parent\" data-id=\"0f94c76\" data-element_type=\"container\" data-settings=\"{&quot;content_width&quot;:&quot;boxed&quot;}\" data-core-v316-plus=\"true\">\n\t\t\t\t\t<div class=\"e-con-inner\">\n\t\t\t\t<div class=\"elementor-element elementor-element-e0a973d elementor-widget elementor-widget-text-editor\" data-id=\"e0a973d\" data-element_type=\"widget\" data-widget_type=\"text-editor.default\">\n\t\t\t\t<div class=\"elementor-widget-container\">\n\t\t\t<style>\/*! elementor - v3.19.0 - 26-02-2024 *\/\n.elementor-widget-text-editor.elementor-drop-cap-view-stacked .elementor-drop-cap{background-color:#69727d;color:#fff}.elementor-widget-text-editor.elementor-drop-cap-view-framed .elementor-drop-cap{color:#69727d;border:3px solid;background-color:transparent}.elementor-widget-text-editor:not(.elementor-drop-cap-view-default) .elementor-drop-cap{margin-top:8px}.elementor-widget-text-editor:not(.elementor-drop-cap-view-default) .elementor-drop-cap-letter{width:1em;height:1em}.elementor-widget-text-editor .elementor-drop-cap{float:left;text-align:center;line-height:1;font-size:50px}.elementor-widget-text-editor .elementor-drop-cap-letter{display:inline-block}<\/style>\t\t\t\t<p><b>V\u0161echny z\u00e1kladn\u00ed a st\u0159edn\u00ed \u0161koly \u010cesk\u00e9 republiky maj\u00ed mo\u017enost zapojit se do programu ERASMUS, a tak sv\u00fdm \u017e\u00e1k\u016fm i pedagog\u016fm nab\u00eddnout zaj\u00edmavou mo\u017enost z\u00edskat zahrani\u010dn\u00ed zku\u0161enosti.\u00a0 Nejinak je tomu na d\u011b\u010d\u00ednsk\u00e9 Evropsk\u00e9 obchodn\u00ed akademii, kter\u00e1 pro program ERASMUS v obdob\u00ed 2021 \u2013 2027 z\u00edskala akreditaci. Co p\u0159esn\u011b to pro mlad\u00e9 lidi v na\u0161em m\u011bst\u011b znamen\u00e1? Do roku 2027 m\u00e1 v\u00fd\u0161e zm\u00edn\u011bn\u00e1 st\u0159edn\u00ed \u0161kola d\u00edky financov\u00e1n\u00ed Evropskou uni\u00ed ojedin\u011blou mo\u017enost vys\u00edlat sv\u00e9 studenty na zahrani\u010dn\u00ed odborn\u00e9 st\u00e1\u017ee a pedagogy na jazykov\u00e9 \u010di metodick\u00e9 kurzy.<\/b><\/p><p><b>Ve \u0161koln\u00edm roce 2022\/2023 tak m\u011blo d\u00edky zm\u00edn\u011bn\u00e9 akreditaci EOA 17 student\u016f 3. ro\u010dn\u00edk\u016f mo\u017enost dva t\u00fddny samostatn\u011b pracovat v irsk\u00e9m Dublinu v oboru business\/administrativa a 2 studenti dostali p\u0159\u00edle\u017eitost z\u016fstat tamt\u00e9\u017e dokonce po dobu 3 m\u011bs\u00edc\u016f. Pracovali v administrativn\u00edm z\u00e1zem\u00ed studentsk\u00fdch kolej\u00ed a vy\u0161\u0161\u00ed odborn\u00e9 \u0161koly a stali se ned\u00edlnou sou\u010d\u00e1st\u00ed sv\u00fdch do\u010dasn\u00fdch firem. Za\u017eili tak kulturu evropsk\u00e9ho multikulturn\u00edho prostoru a d\u00edky sv\u00e9 prvn\u00ed zahrani\u010dn\u00ed pracovn\u00ed zku\u0161enosti se zp\u011bt dom\u016f vr\u00e1tili jako\u00a0 samostatn\u00ed a zodpov\u011bdn\u00ed mlad\u00ed lid\u00e9.\u00a0 P\u0159in\u00e1\u0161\u00edme v\u00e1m zde rozhovor s jednou z on\u011bch dvou dlouhodob\u00fdch st\u00e1\u017eist\u016f,\u00a0 studentkou EOA zam\u011b\u0159en\u00ed Evropsk\u00fd hospod\u00e1\u0159sk\u00fd asistent, S\u00e1rou Jank\u016f, kter\u00e1 <\/b><b>pracovala jako administrativn\u00ed pracovn\u00edk v Independent College.<\/b><\/p><p>\u00a0<\/p><p><em><span style=\"font-weight: 400;\">Jak\u00e9 specifick\u00e9 \u0161koln\u00ed dovednosti a znalosti jsi uplatnila na odborn\u00e9 st\u00e1\u017ei v zahrani\u010dn\u00ed firm\u011b v r\u00e1mci programu ErasmusPro?<\/span><\/em><\/p><p><span style=\"font-weight: 400;\">Pracovala jsem na mezin\u00e1rodn\u00ed \u0161kole, tak\u017ee jsem ka\u017ed\u00fd den mluvila a psala anglicky, ne jen s Iry, ale i s lidmi ze v\u0161ech kout\u016f sv\u011bta (Japonsko, Zimbabwe, Braz\u00edlie, USA\u2026)<\/span><\/p><p><span style=\"font-weight: 400;\">Tak\u00e9 jsem pracovala s Excelem, kde jsem pou\u017e\u00edvala podm\u00edn\u011bn\u00e9 form\u00e1tov\u00e1n\u00ed, vzorce, logick\u00e9 a matematick\u00e9, funkce\u2026 Pln\u011b jsem vyu\u017eila i sv\u00e9 znalosti z p\u00edsemn\u00e9 elektronick\u00e9 komunikace. Hlavn\u011b psan\u00ed v\u0161emi deseti. Psala jsem a sestavovala obchodn\u00ed dopisy, pozv\u00e1nky na dny otev\u0159en\u00fdch dve\u0159\u00ed nebo promoce, reporty ze zadan\u00fdch \u00fakol\u016f, upozorn\u011bn\u00ed student\u016fm, atd. \u010casto jsem d\u011blala anal\u00fdzy ostatn\u00edch \u0161kol a hledala informace o tom, jak\u00e9 obory nab\u00edz\u00ed, za jakou cenu, kolikr\u00e1t do roka jsou v\u00fdb\u011brov\u00e1 \u0159\u00edzen\u00ed nebo jestli je v\u00fduka prezen\u010dn\u00ed, online nebo kombinovan\u00e1. V\u0161e jsem zpracov\u00e1vala do tabulek spole\u010dn\u011b se zdroji a r\u016fzn\u00fdmi zaj\u00edmavostmi, kter\u00e9 jsem hledala na jejich soci\u00e1ln\u00edch s\u00edt\u00edch. Co\u017e by se dalo p\u0159irovnat k projektov\u00e9mu \u0159\u00edzen\u00ed nebo ekonomice.<\/span><\/p><p>\u00a0<\/p><p><em><span style=\"font-weight: 400;\">Jak ti znalost ciz\u00edch jazyk\u016f pomohla p\u0159i komunikaci a pracovn\u00edch \u00fakolech b\u011bhem st\u00e1\u017ee?<\/span><\/em><\/p><p><span style=\"font-weight: 400;\">Ka\u017edodenn\u00ed mluven\u00ed a psan\u00ed v angli\u010dtin\u011b pro m\u011b d\u00edky \u0161kole nebyl probl\u00e9m. V hodin\u00e1ch angli\u010dtiny st\u00e1le mluv\u00edme a u\u010ditel\u00e9 n\u00e1s na takov\u00e9 p\u0159\u00edpady dob\u0159e p\u0159ipravuj\u00ed. Kdy\u017e jsem n\u011b\u010demu nerozum\u011bla nebo na m\u011b kolegov\u00e9 mluvili moc rychle, zeptala jsem se jich znovu a oni mi to zopakovali a zkusili vysv\u011btlit jinak. Ale nest\u00e1valo se to \u010dasto, proto\u017ee na st\u00e1\u017eisty jsou zvykl\u00ed. Dokonce jsem si zkusila mluvit i francouzsky s m\u00fdmi francouzsk\u00fdmi spolupracovn\u00edky. Ob\u010das ,kdy\u017e na m\u011b n\u011bkdo mluvil s p\u0159\u00edzvukem, jako pr\u00e1v\u011b ten francouzsk\u00fd nebo indick\u00fd, bylo t\u011b\u017e\u0161\u00ed porozum\u011bt. Ale i to m\u011b v poslechu hodn\u011b posunulo.<\/span><\/p><p><span style=\"font-weight: 400;\">Slova, kter\u00e1 pro m\u011b byla \u00fapln\u011b nov\u00e1, jsem si vyhledala nebo jsem se zeptala ostatn\u00edch. A potom jsem si je zapsala, abych na n\u011b nezapomn\u011bla. To byla v\u011bc, kterou jsem d\u011blala skoro ka\u017ed\u00fd den. A kdy\u017e se te\u010f zp\u011btn\u011b ohl\u00e9dnu, nau\u010dila jsem se tolik nov\u00fdch slov, kter\u00e1 bych se jinde nenau\u010dila, proto\u017ee bych na n\u011b v hodin\u00e1ch angli\u010dtiny ve \u0161kole nejsp\u00ed\u0161e nenarazila.<\/span><\/p><p>\u00a0<\/p><p><em><span style=\"font-weight: 400;\">Jak\u00e9 dovednosti v oblasti projektov\u00e9ho \u0159\u00edzen\u00ed nebo organizace jsi vyu\u017eila?\u00a0<\/span><\/em><\/p><p><span style=\"font-weight: 400;\">Jak u\u017e jsem \u0159\u00edkala, m\u00fdmi \u010dast\u00fdmi \u00fakoly byly anal\u00fdzy o ostatn\u00edch vysok\u00fdch \u0161kol\u00e1ch (univerzit\u00e1ch), kter\u00e9 m\u011b neskute\u010dn\u011b bavily a s nad\u0161en\u00edm jsem se pou\u0161t\u011bla do hled\u00e1n\u00ed a shroma\u017e\u010fov\u00e1n\u00ed informac\u00ed. Nad\u0159\u00edzen\u00ed mi dali t\u00e9ma a podrobnosti, co p\u0159esn\u011b hledaj\u00ed, na co se zam\u011b\u0159it, co vynechat, nebo a\u0165 se pod\u00edv\u00e1m i na soci\u00e1ln\u00ed s\u00edt\u011b na jejich akce a jin\u00e9 zaj\u00edmavosti. Pak jsem v\u0161e, spole\u010dn\u011b s fotkami, videi a odkazy, zpracovala v Excelu do tabulek a poslala to \u0161\u00e9f\u016fm a spole\u010dn\u011b jsme to shrnuli a diskutovali o tom.\u00a0<\/span><\/p><p><span style=\"font-weight: 400;\">Byla jsem r\u00e1da, \u017ee je nezaj\u00edmala jen m\u00e1 v\u00fdsledn\u00e1 pr\u00e1ce, ale i m\u016fj n\u00e1zor. Bavili jsme se opravdu o v\u0161em, na \u010dem jsme pracovali cel\u00e9 3 m\u011bs\u00edce. Dokonce jsem byla pozv\u00e1na, jako jedin\u00fd st\u00e1\u017eista, na promoce, kde jsem pom\u00e1hala s organizac\u00ed cel\u00e9 akce, se zasedac\u00edm po\u0159\u00e1dkem v s\u00e1le, s uv\u00e1d\u011bn\u00edm absolvent\u016f na p\u00f3dium, s v\u00edt\u00e1n\u00edm student\u016f a jejich rodin, atd.<\/span><\/p><p>\u00a0<\/p><p><em><span style=\"font-weight: 400;\">Jak jsi se vyrovnala s multikulturn\u00edm prost\u0159ed\u00edm a t\u00fdmovou spoluprac\u00ed?<\/span><\/em><\/p><p><span style=\"font-weight: 400;\">Rychle se aklimatizuji na jin\u00e9 prost\u0159ed\u00ed a podm\u00ednky, tak\u017ee \u010cesko a Irsko nebyl a\u017e takov\u00fd rozd\u00edl. Jen v j\u00eddle <\/span><span style=\"font-weight: 400;\">. D\u00edky tomu,, \u017ee jsem pracovala na mezin\u00e1rodn\u00ed \u0161kole, setkala jsem se s tolika kulturami a lidmi z cel\u00e9ho sv\u011bta, \u017ee jsem sama nemohla uv\u011b\u0159it, \u017ee na jednom m\u00edst\u011b se m\u016f\u017ee sej\u00edt tolik odli\u0161n\u00fdch lid\u00ed. Dokonce i moji kolegov\u00e9 nebyli pouze z Irska, ale nap\u0159. z Filip\u00edn, USA, Ruska, Portugalska aj. Ani jsem se neb\u00e1la, \u017ee se neza\u010dlen\u00edm. Byla jsem p\u0159esv\u011bd\u010den\u00e1, \u017ee v\u0161echno bude v pohod\u011b, a kdyby m\u011b necht\u011bli, tak si m\u011b na z\u00e1klad\u011b m\u00e9ho CV nevybrali. Dok\u00e1\u017eu pracovat jak samostatn\u011b, tak t\u00fdmov\u011b. Tedy pokud je t\u00fdm norm\u00e1ln\u00ed, co\u017e tady byl v\u00edce ne\u017e to, na\u0161t\u011bst\u00ed. Nikdy bych nev\u011b\u0159ila, d\u00edky zku\u0161enostem z \u010cR, \u017ee se budu t\u011b\u0161it ka\u017ed\u00fd den i o v\u00edkendech do pr\u00e1ce jen kv\u016fli t\u011bm lidem.<\/span><\/p><p>\u00a0<\/p><p><em><span style=\"font-weight: 400;\">Jak prob\u00edhalo p\u0159ed\u00e1v\u00e1n\u00ed \u00fakol\u016f od nad\u0159\u00edzen\u00fdch, a jak jsi sv\u00e9 v\u00fdsledky prezentovala?<\/span><\/em><\/p><p><span style=\"font-weight: 400;\">Ka\u017ed\u00e9 r\u00e1no jsem m\u00edsto do sv\u00e9 kancel\u00e1\u0159e jsem \u0161la p\u0159\u00edmo do jejich pop\u0159\u00e1t dobr\u00e9 r\u00e1no a popov\u00eddat si o tom, jak jsem se m\u011bla a co jsem d\u011blala p\u0159ede\u0161l\u00fd den po pr\u00e1ci. Potom mi zb\u011b\u017en\u011b \u0159ekli, na \u010dem budu pracovat a zbytek poslali emailem. Kdy\u017e jsem m\u011bla \u00fakoly dokon\u010den\u00e9, poslala jsem to v\u0161em emailem a spole\u010dn\u011b jsme si k tomu je\u0161t\u011b sedli a prodiskutovali to. Ale jin\u00e9 to bylo, kdy\u017e mi dali na starost takov\u00fd v\u011bt\u0161\u00ed projekt o anglick\u00fdch \u0161kol\u00e1ch v Irsku, kdy jsem musela obej\u00edt \u0161koly v centru Dublinu, co\u017e trvalo n\u011bkolik dn\u00ed., O tom jsem musela potom napsat report. P\u00e1r dn\u00ed na to jsem byla pozv\u00e1na na meeting s veden\u00edm \u0161koly, kde jsme se o tom s \u0159editelem a z\u00e1stupci \u0161koly bavili, j\u00e1 jim od\u0159\u00edkala, jak to prob\u00edhalo, jakou \u0161kolu jsem nav\u0161t\u00edvila, jak jsem se j\u00e1 c\u00edtila, jestli m\u011b samotnou to bavilo, atd.<\/span><\/p><p>\u00a0<\/p><p><em><span style=\"font-weight: 400;\">Jak\u00e9 technick\u00e9 dovednosti z\u00edskan\u00e9 ve \u0161kole jsi uplatnila b\u011bhem st\u00e1\u017ee a jak\u00e9 softskills, jako nap\u0159\u00edklad probl\u00e9mov\u00e9 \u0159e\u0161en\u00ed, kreativita nebo organiza\u010dn\u00ed dovednosti, jsi vyu\u017eila?<\/span><\/em><\/p><p><span style=\"font-weight: 400;\">Opravdu skoro ka\u017ed\u00fd den jsem pracovala na po\u010d\u00edta\u010di &#8211; v Excelu nebo Wordu, spravovala data, d\u011blala anal\u00fdzy, pracovala v r\u016fzn\u00fdch programech, jako je nap\u0159. Canva, SmartHub, Cognito Forms, Quercus, OutLook, Zoom\u2026 Nejlep\u0161\u00ed na tom v\u0161em bylo, \u017ee m\u011b nech\u00e1vali pracovat \u00fapln\u011b samostatn\u011b, abych v\u0161e vy\u0159e\u0161ila po sv\u00e9m, pokud to \u0161lo. Sama jsem se sna\u017eila na to p\u0159ij\u00edt a vyzkou\u0161ela si opravdu v\u0161e. Stra\u0161n\u011b m\u011b bavilo vytv\u00e1\u0159et plak\u00e1ty, r\u016fzn\u00e9 pozv\u00e1nky (t\u0159eba na promoce nebo dny otev\u0159en\u00fdch dve\u0159\u00ed) nebo posty na \u0161koln\u00ed Facebook a Instagram a tak\u00e9 kol\u00e1\u017ee fotek z akc\u00ed. V\u017edy jsem ud\u011blala v\u00edce mo\u017enost\u00ed a spole\u010dn\u011b jsme vybrali tu nejlep\u0161\u00ed. Nebo jsem zad\u00e1vala sch\u016fzky a akce do \u0161koln\u00edho syst\u00e9mu, aby ve v\u0161em byl p\u0159ehled. Jak u\u017e jsem tak\u00e9 \u0159\u00edkala, pom\u00e1hala jsem s organizac\u00ed promoc\u00ed, kter\u00e9 se konaly na za\u010d\u00e1tku \u010dervna a tak\u00e9 se z\u00e1v\u011bre\u010dn\u00fdmi testy, kde jsem byla jako dozor.<\/span><\/p><p>\u00a0<\/p><p><em><span style=\"font-weight: 400;\">Jak\u00fdm zp\u016fsobem jsi vyu\u017eila sv\u00e9 analytick\u00e9 dovednosti nebo schopnosti kritick\u00e9ho my\u0161len\u00ed p\u0159i \u0159e\u0161en\u00ed probl\u00e9m\u016f na st\u00e1\u017ei?<\/span><\/em><\/p><p><span style=\"font-weight: 400;\">Na\u0161t\u011bst\u00ed \u017e\u00e1dn\u00e9 z\u00e1va\u017en\u00e9 probl\u00e9my jsem cel\u00e9 ty m\u011bs\u00edce nemusela \u0159e\u0161it. V\u0161echno prob\u011bhlo bez probl\u00e9m\u016f, co\u017e jsem taky o\u010dek\u00e1vala a doufala v to. Kdy\u017e jsem d\u011blala ty anal\u00fdzy a nemohla jsem n\u011bco naj\u00edt, nechala jsem to b\u00fdt, v\u011bnovala jsem se n\u011b\u010demu jin\u00e9mu a po n\u011bjak\u00e9 dob\u011b jsem se k anal\u00fdze zase vr\u00e1tila. Sna\u017eila jsem se v\u0161e d\u011blat postupn\u011b bez p\u0159eskakov\u00e1n\u00ed, ale n\u011bkdy mi to odlo\u017een\u00ed dopomohlo k lep\u0161\u00edmu v\u00fdsledku. I moji nad\u0159\u00edzen\u00ed \u0159\u00edkali, a\u0165 v\u0161e ned\u011bl\u00e1m najednou, ale klidn\u011b si nech\u00e1m p\u00e1r dn\u00ed odstup. Nebo naopak jsem musela d\u011blat v\u00edce v\u011bc\u00ed najednou. To bylo hlavn\u011b v obdob\u00ed z\u00e1v\u011bre\u010dn\u00fdch test\u016f a promoc\u00ed, kdy jsme nikdo nic nest\u00edhali. V\u017edy jsem m\u011bla probl\u00e9m pracovat ve stresu, sp\u011bchu, chaosu, ale d\u00edky t\u00e9to zku\u0161enosti jsem se to nau\u010dila a jsem za to r\u00e1da. Te\u010f u\u017e v\u00edm, \u017ee i tohle jde.<\/span><\/p><p>\u00a0<\/p><p><em><span style=\"font-weight: 400;\">S\u00e1\u0159e a v\u0161em ostatn\u00ed student\u016fm, kte\u0159\u00ed se neboj\u00ed vystoupit ze sv\u00e9 komfortn\u00ed z\u00f3ny a \u010delit v\u00fdzv\u00e1m, p\u0159ejeme HODN\u011a \u0160T\u011aST\u00cd.<\/span><\/em><\/p><p>\u00a0<\/p><p><span style=\"font-weight: 400;\">EOA<\/span><\/p>\t\t\t\t\t\t<\/div>\n\t\t\t\t<\/div>\n\t\t\t\t\t<\/div>\n\t\t\t\t<\/div>\n\t\t<div class=\"elementor-element elementor-element-c46da91 e-flex e-con-boxed e-con e-parent\" data-id=\"c46da91\" data-element_type=\"container\" data-settings=\"{&quot;content_width&quot;:&quot;boxed&quot;}\" data-core-v316-plus=\"true\">\n\t\t\t\t\t<div class=\"e-con-inner\">\n\t\t\t\t<div class=\"elementor-element elementor-element-0604bad elementor-widget elementor-widget-gallery\" data-id=\"0604bad\" data-element_type=\"widget\" data-settings=\"{&quot;lazyload&quot;:&quot;yes&quot;,&quot;gallery_layout&quot;:&quot;grid&quot;,&quot;columns&quot;:4,&quot;columns_tablet&quot;:2,&quot;columns_mobile&quot;:1,&quot;gap&quot;:{&quot;unit&quot;:&quot;px&quot;,&quot;size&quot;:10,&quot;sizes&quot;:[]},&quot;gap_tablet&quot;:{&quot;unit&quot;:&quot;px&quot;,&quot;size&quot;:10,&quot;sizes&quot;:[]},&quot;gap_mobile&quot;:{&quot;unit&quot;:&quot;px&quot;,&quot;size&quot;:10,&quot;sizes&quot;:[]},&quot;link_to&quot;:&quot;file&quot;,&quot;aspect_ratio&quot;:&quot;3:2&quot;,&quot;overlay_background&quot;:&quot;yes&quot;,&quot;content_hover_animation&quot;:&quot;fade-in&quot;}\" data-widget_type=\"gallery.default\">\n\t\t\t\t<div class=\"elementor-widget-container\">\n\t\t\t<style>\/*! elementor-pro - v3.19.0 - 26-02-2024 *\/\n.elementor-gallery__container{min-height:1px}.elementor-gallery-item{position:relative;overflow:hidden;display:block;text-decoration:none;border:solid var(--image-border-width) var(--image-border-color);border-radius:var(--image-border-radius)}.elementor-gallery-item__content,.elementor-gallery-item__overlay{height:100%;width:100%;position:absolute;top:0;left:0}.elementor-gallery-item__overlay{mix-blend-mode:var(--overlay-mix-blend-mode);transition-duration:var(--overlay-transition-duration);transition-property:mix-blend-mode,transform,opacity,background-color}.elementor-gallery-item__image.e-gallery-image{transition-duration:var(--image-transition-duration);transition-property:filter,transform}.elementor-gallery-item__content{display:flex;flex-direction:column;justify-content:var(--content-justify-content,center);align-items:center;text-align:var(--content-text-align);padding:var(--content-padding)}.elementor-gallery-item__content>div{transition-duration:var(--content-transition-duration)}.elementor-gallery-item__content.elementor-gallery--sequenced-animation>div:nth-child(2){transition-delay:calc(var(--content-transition-delay) \/ 3)}.elementor-gallery-item__content.elementor-gallery--sequenced-animation>div:nth-child(3){transition-delay:calc(var(--content-transition-delay) \/ 3 * 2)}.elementor-gallery-item__content.elementor-gallery--sequenced-animation>div:nth-child(4){transition-delay:calc(var(--content-transition-delay) \/ 3 * 3)}.elementor-gallery-item__description{color:var(--description-text-color,#fff);width:100%}.elementor-gallery-item__title{color:var(--title-text-color,#fff);font-weight:700;width:100%}.elementor-gallery__titles-container{display:flex;flex-wrap:wrap;justify-content:var(--titles-container-justify-content,center);margin-bottom:20px}.elementor-gallery__titles-container:not(.e--pointer-framed) .elementor-item:after,.elementor-gallery__titles-container:not(.e--pointer-framed) .elementor-item:before{background-color:var(--galleries-pointer-bg-color-hover)}.elementor-gallery__titles-container:not(.e--pointer-framed) .elementor-item.elementor-item-active:after,.elementor-gallery__titles-container:not(.e--pointer-framed) .elementor-item.elementor-item-active:before{background-color:var(--galleries-pointer-bg-color-active)}.elementor-gallery__titles-container.e--pointer-framed .elementor-item:before{border-color:var(--galleries-pointer-bg-color-hover);border-width:var(--galleries-pointer-border-width)}.elementor-gallery__titles-container.e--pointer-framed .elementor-item:after{border-color:var(--galleries-pointer-bg-color-hover)}.elementor-gallery__titles-container.e--pointer-framed .elementor-item.elementor-item-active:after,.elementor-gallery__titles-container.e--pointer-framed .elementor-item.elementor-item-active:before{border-color:var(--galleries-pointer-bg-color-active)}.elementor-gallery__titles-container.e--pointer-framed.e--animation-draw .elementor-item:before{border-left-width:var(--galleries-pointer-border-width);border-bottom-width:var(--galleries-pointer-border-width);border-right-width:0;border-top-width:0}.elementor-gallery__titles-container.e--pointer-framed.e--animation-draw .elementor-item:after{border-left-width:0;border-bottom-width:0;border-right-width:var(--galleries-pointer-border-width);border-top-width:var(--galleries-pointer-border-width)}.elementor-gallery__titles-container.e--pointer-framed.e--animation-corners .elementor-item:before{border-left-width:var(--galleries-pointer-border-width);border-bottom-width:0;border-right-width:0;border-top-width:var(--galleries-pointer-border-width)}.elementor-gallery__titles-container.e--pointer-framed.e--animation-corners .elementor-item:after{border-left-width:0;border-bottom-width:var(--galleries-pointer-border-width);border-right-width:var(--galleries-pointer-border-width);border-top-width:0}.elementor-gallery__titles-container .e--pointer-double-line .elementor-item:after,.elementor-gallery__titles-container .e--pointer-double-line .elementor-item:before,.elementor-gallery__titles-container .e--pointer-overline .elementor-item:before,.elementor-gallery__titles-container .e--pointer-underline .elementor-item:after{height:var(--galleries-pointer-border-width)}.elementor-gallery-title{--space-between:10px;cursor:pointer;color:#6d7882;font-weight:500;position:relative;padding:7px 14px;transition:all .3s}.elementor-gallery-title--active{color:#495157}.elementor-gallery-title:not(:last-child){margin-right:var(--space-between)}.elementor-gallery-item__title+.elementor-gallery-item__description{margin-top:var(--description-margin-top)}.e-gallery-item.elementor-gallery-item{transition-property:all}.e-gallery-item.elementor-animated-content .elementor-animated-item--enter-from-bottom,.e-gallery-item.elementor-animated-content .elementor-animated-item--enter-from-left,.e-gallery-item.elementor-animated-content .elementor-animated-item--enter-from-right,.e-gallery-item.elementor-animated-content .elementor-animated-item--enter-from-top,.e-gallery-item:focus .elementor-gallery__item-overlay-bg,.e-gallery-item:focus .elementor-gallery__item-overlay-content,.e-gallery-item:focus .elementor-gallery__item-overlay-content__description,.e-gallery-item:focus .elementor-gallery__item-overlay-content__title,.e-gallery-item:hover .elementor-gallery__item-overlay-bg,.e-gallery-item:hover .elementor-gallery__item-overlay-content,.e-gallery-item:hover .elementor-gallery__item-overlay-content__description,.e-gallery-item:hover .elementor-gallery__item-overlay-content__title{opacity:1}a.elementor-item.elementor-gallery-title{color:var(--galleries-title-color-normal)}a.elementor-item.elementor-gallery-title.elementor-item-active,a.elementor-item.elementor-gallery-title.highlighted,a.elementor-item.elementor-gallery-title:focus,a.elementor-item.elementor-gallery-title:hover{color:var(--galleries-title-color-hover)}a.elementor-item.elementor-gallery-title.elementor-item-active{color:var(--gallery-title-color-active)}.e-con-inner>.elementor-widget-gallery,.e-con>.elementor-widget-gallery{width:var(--container-widget-width);--flex-grow:var(--container-widget-flex-grow)}<\/style>\t\t<div class=\"elementor-gallery__container\">\n\t\t\t\t\t\t\t<a class=\"e-gallery-item elementor-gallery-item elementor-animated-content\" href=\"https:\/\/www.oadc.cz\/wp-content\/uploads\/2023\/09\/Sara3.jpeg\" data-elementor-open-lightbox=\"yes\" data-elementor-lightbox-slideshow=\"0604bad\" data-elementor-lightbox-title=\"S\u00e1ra3\" data-elementor-lightbox-description=\"St\u00e1\u017e v Irsku\" data-e-action-hash=\"#elementor-action%3Aaction%3Dlightbox%26settings%3DeyJpZCI6NjcwMSwidXJsIjoiaHR0cHM6XC9cL3d3dy5vYWRjLmN6XC93cC1jb250ZW50XC91cGxvYWRzXC8yMDIzXC8wOVwvU2FyYTMuanBlZyIsInNsaWRlc2hvdyI6IjA2MDRiYWQifQ%3D%3D\">\n\t\t\t\t\t<div class=\"e-gallery-image elementor-gallery-item__image\" data-thumbnail=\"https:\/\/www.oadc.cz\/wp-content\/uploads\/2023\/09\/Sara3-225x300.jpeg\" data-width=\"225\" data-height=\"300\" aria-label=\"St\u00e1\u017e v Irsku\" role=\"img\" ><\/div>\n\t\t\t\t\t\t\t\t\t\t\t<div class=\"elementor-gallery-item__overlay\"><\/div>\n\t\t\t\t\t\t\t\t\t\t\t\t\t\t<\/a>\n\t\t\t\t\t\t\t<a class=\"e-gallery-item elementor-gallery-item elementor-animated-content\" href=\"https:\/\/www.oadc.cz\/wp-content\/uploads\/2023\/09\/Sara2-scaled.jpeg\" data-elementor-open-lightbox=\"yes\" data-elementor-lightbox-slideshow=\"0604bad\" data-elementor-lightbox-title=\"S\u00e1ra2\" data-elementor-lightbox-description=\"St\u00e1\u017e v Irsku\" data-e-action-hash=\"#elementor-action%3Aaction%3Dlightbox%26settings%3DeyJpZCI6NjcwMCwidXJsIjoiaHR0cHM6XC9cL3d3dy5vYWRjLmN6XC93cC1jb250ZW50XC91cGxvYWRzXC8yMDIzXC8wOVwvU2FyYTItc2NhbGVkLmpwZWciLCJzbGlkZXNob3ciOiIwNjA0YmFkIn0%3D\">\n\t\t\t\t\t<div class=\"e-gallery-image elementor-gallery-item__image\" data-thumbnail=\"https:\/\/www.oadc.cz\/wp-content\/uploads\/2023\/09\/Sara2-225x300.jpeg\" data-width=\"225\" data-height=\"300\" aria-label=\"St\u00e1\u017e v Irsku\" role=\"img\" ><\/div>\n\t\t\t\t\t\t\t\t\t\t\t<div class=\"elementor-gallery-item__overlay\"><\/div>\n\t\t\t\t\t\t\t\t\t\t\t\t\t\t<\/a>\n\t\t\t\t\t\t\t<a class=\"e-gallery-item elementor-gallery-item elementor-animated-content\" href=\"https:\/\/www.oadc.cz\/wp-content\/uploads\/2023\/09\/Sara1-scaled.jpg\" data-elementor-open-lightbox=\"yes\" data-elementor-lightbox-slideshow=\"0604bad\" data-elementor-lightbox-title=\"S\u00e1ra1\" data-elementor-lightbox-description=\"St\u00e1\u017e v Irsku\" data-e-action-hash=\"#elementor-action%3Aaction%3Dlightbox%26settings%3DeyJpZCI6NjY5OCwidXJsIjoiaHR0cHM6XC9cL3d3dy5vYWRjLmN6XC93cC1jb250ZW50XC91cGxvYWRzXC8yMDIzXC8wOVwvU2FyYTEtc2NhbGVkLmpwZyIsInNsaWRlc2hvdyI6IjA2MDRiYWQifQ%3D%3D\">\n\t\t\t\t\t<div class=\"e-gallery-image elementor-gallery-item__image\" data-thumbnail=\"https:\/\/www.oadc.cz\/wp-content\/uploads\/2023\/09\/Sara1-225x300.jpg\" data-width=\"225\" data-height=\"300\" aria-label=\"St\u00e1\u017e v Irsku\" role=\"img\" ><\/div>\n\t\t\t\t\t\t\t\t\t\t\t<div class=\"elementor-gallery-item__overlay\"><\/div>\n\t\t\t\t\t\t\t\t\t\t\t\t\t\t<\/a>\n\t\t\t\t\t<\/div>\n\t\t\t<\/div>\n\t\t\t\t<\/div>\n\t\t\t\t\t<\/div>\n\t\t\t\t<\/div>\n\t\t\t\t<\/div>\n\t\t","protected":false},"excerpt":{"rendered":"<p>V\u0161echny z\u00e1kladn\u00ed a st\u0159edn\u00ed \u0161koly \u010cesk\u00e9 republiky maj\u00ed mo\u017enost zapojit se do programu ERASMUS, a tak sv\u00fdm \u017e\u00e1k\u016fm i pedagog\u016fm nab\u00eddnout zaj\u00edmavou mo\u017enost z\u00edskat zahrani\u010dn\u00ed zku\u0161enosti.&nbsp; Nejinak je tomu na d\u011b\u010d\u00ednsk\u00e9 Evropsk\u00e9 obchodn\u00ed akademii, kter\u00e1 pro program ERASMUS v obdob\u00ed 2021 \u2013 2027 z\u00edskala akreditaci. Co p\u0159esn\u011b to pro mlad\u00e9 lidi v na\u0161em m\u011bst\u011b znamen\u00e1? [&hellip;]<\/p>\n","protected":false},"author":2,"featured_media":6699,"comment_status":"closed","ping_status":"closed","sticky":false,"template":"","format":"standard","meta":{"footnotes":""},"categories":[17],"tags":[],"yoast_head":"<!-- This site is optimized with the Yoast SEO plugin v22.1 - https:\/\/yoast.com\/wordpress\/plugins\/seo\/ -->\n<title>PROGRAM ERASMUS NAB\u00cdZ\u00cd MEZIN\u00c1RODN\u00cd ZKU\u0160ENOSTI \u017d\u00c1K\u016eM I U\u010cITEL\u016eM D\u011a\u010c\u00cdNSK\u00ddCH \u0160KOL - Evropsk\u00e1 obchodn\u00ed akademie<\/title>\n<meta name=\"robots\" content=\"index, follow, max-snippet:-1, max-image-preview:large, max-video-preview:-1\" \/>\n<link rel=\"canonical\" href=\"https:\/\/www.oadc.cz\/index.php\/2023\/09\/05\/program-erasmus-nabizi-mezinarodni-zkusenosti-zakum-i-ucitelum-decinskych-skol\/\" \/>\n<meta property=\"og:locale\" content=\"cs_CZ\" \/>\n<meta property=\"og:type\" content=\"article\" \/>\n<meta property=\"og:title\" content=\"PROGRAM ERASMUS NAB\u00cdZ\u00cd MEZIN\u00c1RODN\u00cd ZKU\u0160ENOSTI \u017d\u00c1K\u016eM I U\u010cITEL\u016eM D\u011a\u010c\u00cdNSK\u00ddCH \u0160KOL - Evropsk\u00e1 obchodn\u00ed akademie\" \/>\n<meta property=\"og:description\" content=\"V\u0161echny z\u00e1kladn\u00ed a st\u0159edn\u00ed \u0161koly \u010cesk\u00e9 republiky maj\u00ed mo\u017enost zapojit se do programu ERASMUS, a tak sv\u00fdm \u017e\u00e1k\u016fm i pedagog\u016fm nab\u00eddnout zaj\u00edmavou mo\u017enost z\u00edskat zahrani\u010dn\u00ed zku\u0161enosti.&nbsp; Nejinak je tomu na d\u011b\u010d\u00ednsk\u00e9 Evropsk\u00e9 obchodn\u00ed akademii, kter\u00e1 pro program ERASMUS v obdob\u00ed 2021 \u2013 2027 z\u00edskala akreditaci. Co p\u0159esn\u011b to pro mlad\u00e9 lidi v na\u0161em m\u011bst\u011b znamen\u00e1? [&hellip;]\" \/>\n<meta property=\"og:url\" content=\"https:\/\/www.oadc.cz\/index.php\/2023\/09\/05\/program-erasmus-nabizi-mezinarodni-zkusenosti-zakum-i-ucitelum-decinskych-skol\/\" \/>\n<meta property=\"og:site_name\" content=\"Evropsk\u00e1 obchodn\u00ed akademie\" \/>\n<meta property=\"article:publisher\" content=\"https:\/\/www.facebook.com\/eoadc\" \/>\n<meta property=\"article:published_time\" content=\"2023-09-05T07:38:38+00:00\" \/>\n<meta property=\"article:modified_time\" content=\"2023-09-05T08:15:23+00:00\" \/>\n<meta property=\"og:image\" content=\"https:\/\/www.oadc.cz\/wp-content\/uploads\/2023\/09\/Sara1-n.jpg\" \/>\n\t<meta property=\"og:image:width\" content=\"800\" \/>\n\t<meta property=\"og:image:height\" content=\"667\" \/>\n\t<meta property=\"og:image:type\" content=\"image\/jpeg\" \/>\n<meta name=\"author\" content=\"Jan Horais\" \/>\n<meta name=\"twitter:card\" content=\"summary_large_image\" \/>\n<meta name=\"twitter:label1\" content=\"Napsal(a)\" \/>\n\t<meta name=\"twitter:data1\" content=\"Jan Horais\" \/>\n\t<meta name=\"twitter:label2\" content=\"Odhadovan\u00e1 doba \u010dten\u00ed\" \/>\n\t<meta name=\"twitter:data2\" content=\"8 minut\" \/>\n<script type=\"application\/ld+json\" class=\"yoast-schema-graph\">{\"@context\":\"https:\/\/schema.org\",\"@graph\":[{\"@type\":\"Article\",\"@id\":\"https:\/\/www.oadc.cz\/index.php\/2023\/09\/05\/program-erasmus-nabizi-mezinarodni-zkusenosti-zakum-i-ucitelum-decinskych-skol\/#article\",\"isPartOf\":{\"@id\":\"https:\/\/www.oadc.cz\/index.php\/2023\/09\/05\/program-erasmus-nabizi-mezinarodni-zkusenosti-zakum-i-ucitelum-decinskych-skol\/\"},\"author\":{\"name\":\"Jan Horais\",\"@id\":\"https:\/\/www.oadc.cz\/#\/schema\/person\/114954177cdcfa49e728ffb3849ea18c\"},\"headline\":\"PROGRAM ERASMUS NAB\u00cdZ\u00cd MEZIN\u00c1RODN\u00cd ZKU\u0160ENOSTI \u017d\u00c1K\u016eM I U\u010cITEL\u016eM D\u011a\u010c\u00cdNSK\u00ddCH \u0160KOL\",\"datePublished\":\"2023-09-05T07:38:38+00:00\",\"dateModified\":\"2023-09-05T08:15:23+00:00\",\"mainEntityOfPage\":{\"@id\":\"https:\/\/www.oadc.cz\/index.php\/2023\/09\/05\/program-erasmus-nabizi-mezinarodni-zkusenosti-zakum-i-ucitelum-decinskych-skol\/\"},\"wordCount\":1745,\"publisher\":{\"@id\":\"https:\/\/www.oadc.cz\/#organization\"},\"articleSection\":[\"Zahrani\u010dn\u00ed st\u00e1\u017ee\"],\"inLanguage\":\"cs\"},{\"@type\":\"WebPage\",\"@id\":\"https:\/\/www.oadc.cz\/index.php\/2023\/09\/05\/program-erasmus-nabizi-mezinarodni-zkusenosti-zakum-i-ucitelum-decinskych-skol\/\",\"url\":\"https:\/\/www.oadc.cz\/index.php\/2023\/09\/05\/program-erasmus-nabizi-mezinarodni-zkusenosti-zakum-i-ucitelum-decinskych-skol\/\",\"name\":\"PROGRAM ERASMUS NAB\u00cdZ\u00cd MEZIN\u00c1RODN\u00cd ZKU\u0160ENOSTI \u017d\u00c1K\u016eM I U\u010cITEL\u016eM D\u011a\u010c\u00cdNSK\u00ddCH \u0160KOL - Evropsk\u00e1 obchodn\u00ed akademie\",\"isPartOf\":{\"@id\":\"https:\/\/www.oadc.cz\/#website\"},\"datePublished\":\"2023-09-05T07:38:38+00:00\",\"dateModified\":\"2023-09-05T08:15:23+00:00\",\"breadcrumb\":{\"@id\":\"https:\/\/www.oadc.cz\/index.php\/2023\/09\/05\/program-erasmus-nabizi-mezinarodni-zkusenosti-zakum-i-ucitelum-decinskych-skol\/#breadcrumb\"},\"inLanguage\":\"cs\",\"potentialAction\":[{\"@type\":\"ReadAction\",\"target\":[\"https:\/\/www.oadc.cz\/index.php\/2023\/09\/05\/program-erasmus-nabizi-mezinarodni-zkusenosti-zakum-i-ucitelum-decinskych-skol\/\"]}]},{\"@type\":\"BreadcrumbList\",\"@id\":\"https:\/\/www.oadc.cz\/index.php\/2023\/09\/05\/program-erasmus-nabizi-mezinarodni-zkusenosti-zakum-i-ucitelum-decinskych-skol\/#breadcrumb\",\"itemListElement\":[{\"@type\":\"ListItem\",\"position\":1,\"name\":\"Dom\u016f\",\"item\":\"https:\/\/www.oadc.cz\/\"},{\"@type\":\"ListItem\",\"position\":2,\"name\":\"PROGRAM ERASMUS NAB\u00cdZ\u00cd MEZIN\u00c1RODN\u00cd ZKU\u0160ENOSTI \u017d\u00c1K\u016eM I U\u010cITEL\u016eM D\u011a\u010c\u00cdNSK\u00ddCH \u0160KOL\"}]},{\"@type\":\"WebSite\",\"@id\":\"https:\/\/www.oadc.cz\/#website\",\"url\":\"https:\/\/www.oadc.cz\/\",\"name\":\"Evropsk\u00e1 obchodn\u00ed akademie\",\"description\":\"st\u0159edn\u00ed odborn\u00e1 \u0161kola v D\u011b\u010d\u00edn\u011b\",\"publisher\":{\"@id\":\"https:\/\/www.oadc.cz\/#organization\"},\"potentialAction\":[{\"@type\":\"SearchAction\",\"target\":{\"@type\":\"EntryPoint\",\"urlTemplate\":\"https:\/\/www.oadc.cz\/?s={search_term_string}\"},\"query-input\":\"required name=search_term_string\"}],\"inLanguage\":\"cs\"},{\"@type\":\"Organization\",\"@id\":\"https:\/\/www.oadc.cz\/#organization\",\"name\":\"Evropsk\u00e1 Obchodn\u00ed Akademie\",\"url\":\"https:\/\/www.oadc.cz\/\",\"logo\":{\"@type\":\"ImageObject\",\"inLanguage\":\"cs\",\"@id\":\"https:\/\/www.oadc.cz\/#\/schema\/logo\/image\/\",\"url\":\"https:\/\/www.oadc.cz\/wp-content\/uploads\/2020\/12\/EOA-logo_upr.png\",\"contentUrl\":\"https:\/\/www.oadc.cz\/wp-content\/uploads\/2020\/12\/EOA-logo_upr.png\",\"width\":850,\"height\":632,\"caption\":\"Evropsk\u00e1 Obchodn\u00ed Akademie\"},\"image\":{\"@id\":\"https:\/\/www.oadc.cz\/#\/schema\/logo\/image\/\"},\"sameAs\":[\"https:\/\/www.facebook.com\/eoadc\",\"https:\/\/www.instagram.com\/eoa.dc\/\"]},{\"@type\":\"Person\",\"@id\":\"https:\/\/www.oadc.cz\/#\/schema\/person\/114954177cdcfa49e728ffb3849ea18c\",\"name\":\"Jan Horais\",\"image\":{\"@type\":\"ImageObject\",\"inLanguage\":\"cs\",\"@id\":\"https:\/\/www.oadc.cz\/#\/schema\/person\/image\/\",\"url\":\"https:\/\/secure.gravatar.com\/avatar\/9f747f57fda48eee4f40361de292e2b6?s=96&d=mm&r=g\",\"contentUrl\":\"https:\/\/secure.gravatar.com\/avatar\/9f747f57fda48eee4f40361de292e2b6?s=96&d=mm&r=g\",\"caption\":\"Jan Horais\"},\"url\":\"https:\/\/www.oadc.cz\/index.php\/author\/jhorais\/\"}]}<\/script>\n<!-- \/ Yoast SEO plugin. -->","yoast_head_json":{"title":"PROGRAM ERASMUS NAB\u00cdZ\u00cd MEZIN\u00c1RODN\u00cd ZKU\u0160ENOSTI \u017d\u00c1K\u016eM I U\u010cITEL\u016eM D\u011a\u010c\u00cdNSK\u00ddCH \u0160KOL - Evropsk\u00e1 obchodn\u00ed akademie","robots":{"index":"index","follow":"follow","max-snippet":"max-snippet:-1","max-image-preview":"max-image-preview:large","max-video-preview":"max-video-preview:-1"},"canonical":"https:\/\/www.oadc.cz\/index.php\/2023\/09\/05\/program-erasmus-nabizi-mezinarodni-zkusenosti-zakum-i-ucitelum-decinskych-skol\/","og_locale":"cs_CZ","og_type":"article","og_title":"PROGRAM ERASMUS NAB\u00cdZ\u00cd MEZIN\u00c1RODN\u00cd ZKU\u0160ENOSTI \u017d\u00c1K\u016eM I U\u010cITEL\u016eM D\u011a\u010c\u00cdNSK\u00ddCH \u0160KOL - Evropsk\u00e1 obchodn\u00ed akademie","og_description":"V\u0161echny z\u00e1kladn\u00ed a st\u0159edn\u00ed \u0161koly \u010cesk\u00e9 republiky maj\u00ed mo\u017enost zapojit se do programu ERASMUS, a tak sv\u00fdm \u017e\u00e1k\u016fm i pedagog\u016fm nab\u00eddnout zaj\u00edmavou mo\u017enost z\u00edskat zahrani\u010dn\u00ed zku\u0161enosti.&nbsp; Nejinak je tomu na d\u011b\u010d\u00ednsk\u00e9 Evropsk\u00e9 obchodn\u00ed akademii, kter\u00e1 pro program ERASMUS v obdob\u00ed 2021 \u2013 2027 z\u00edskala akreditaci. Co p\u0159esn\u011b to pro mlad\u00e9 lidi v na\u0161em m\u011bst\u011b znamen\u00e1? [&hellip;]","og_url":"https:\/\/www.oadc.cz\/index.php\/2023\/09\/05\/program-erasmus-nabizi-mezinarodni-zkusenosti-zakum-i-ucitelum-decinskych-skol\/","og_site_name":"Evropsk\u00e1 obchodn\u00ed akademie","article_publisher":"https:\/\/www.facebook.com\/eoadc","article_published_time":"2023-09-05T07:38:38+00:00","article_modified_time":"2023-09-05T08:15:23+00:00","og_image":[{"width":800,"height":667,"url":"https:\/\/www.oadc.cz\/wp-content\/uploads\/2023\/09\/Sara1-n.jpg","type":"image\/jpeg"}],"author":"Jan Horais","twitter_card":"summary_large_image","twitter_misc":{"Napsal(a)":"Jan Horais","Odhadovan\u00e1 doba \u010dten\u00ed":"8 minut"},"schema":{"@context":"https:\/\/schema.org","@graph":[{"@type":"Article","@id":"https:\/\/www.oadc.cz\/index.php\/2023\/09\/05\/program-erasmus-nabizi-mezinarodni-zkusenosti-zakum-i-ucitelum-decinskych-skol\/#article","isPartOf":{"@id":"https:\/\/www.oadc.cz\/index.php\/2023\/09\/05\/program-erasmus-nabizi-mezinarodni-zkusenosti-zakum-i-ucitelum-decinskych-skol\/"},"author":{"name":"Jan Horais","@id":"https:\/\/www.oadc.cz\/#\/schema\/person\/114954177cdcfa49e728ffb3849ea18c"},"headline":"PROGRAM ERASMUS NAB\u00cdZ\u00cd MEZIN\u00c1RODN\u00cd ZKU\u0160ENOSTI \u017d\u00c1K\u016eM I U\u010cITEL\u016eM D\u011a\u010c\u00cdNSK\u00ddCH \u0160KOL","datePublished":"2023-09-05T07:38:38+00:00","dateModified":"2023-09-05T08:15:23+00:00","mainEntityOfPage":{"@id":"https:\/\/www.oadc.cz\/index.php\/2023\/09\/05\/program-erasmus-nabizi-mezinarodni-zkusenosti-zakum-i-ucitelum-decinskych-skol\/"},"wordCount":1745,"publisher":{"@id":"https:\/\/www.oadc.cz\/#organization"},"articleSection":["Zahrani\u010dn\u00ed st\u00e1\u017ee"],"inLanguage":"cs"},{"@type":"WebPage","@id":"https:\/\/www.oadc.cz\/index.php\/2023\/09\/05\/program-erasmus-nabizi-mezinarodni-zkusenosti-zakum-i-ucitelum-decinskych-skol\/","url":"https:\/\/www.oadc.cz\/index.php\/2023\/09\/05\/program-erasmus-nabizi-mezinarodni-zkusenosti-zakum-i-ucitelum-decinskych-skol\/","name":"PROGRAM ERASMUS NAB\u00cdZ\u00cd MEZIN\u00c1RODN\u00cd ZKU\u0160ENOSTI \u017d\u00c1K\u016eM I U\u010cITEL\u016eM D\u011a\u010c\u00cdNSK\u00ddCH \u0160KOL - Evropsk\u00e1 obchodn\u00ed akademie","isPartOf":{"@id":"https:\/\/www.oadc.cz\/#website"},"datePublished":"2023-09-05T07:38:38+00:00","dateModified":"2023-09-05T08:15:23+00:00","breadcrumb":{"@id":"https:\/\/www.oadc.cz\/index.php\/2023\/09\/05\/program-erasmus-nabizi-mezinarodni-zkusenosti-zakum-i-ucitelum-decinskych-skol\/#breadcrumb"},"inLanguage":"cs","potentialAction":[{"@type":"ReadAction","target":["https:\/\/www.oadc.cz\/index.php\/2023\/09\/05\/program-erasmus-nabizi-mezinarodni-zkusenosti-zakum-i-ucitelum-decinskych-skol\/"]}]},{"@type":"BreadcrumbList","@id":"https:\/\/www.oadc.cz\/index.php\/2023\/09\/05\/program-erasmus-nabizi-mezinarodni-zkusenosti-zakum-i-ucitelum-decinskych-skol\/#breadcrumb","itemListElement":[{"@type":"ListItem","position":1,"name":"Dom\u016f","item":"https:\/\/www.oadc.cz\/"},{"@type":"ListItem","position":2,"name":"PROGRAM ERASMUS NAB\u00cdZ\u00cd MEZIN\u00c1RODN\u00cd ZKU\u0160ENOSTI \u017d\u00c1K\u016eM I U\u010cITEL\u016eM D\u011a\u010c\u00cdNSK\u00ddCH \u0160KOL"}]},{"@type":"WebSite","@id":"https:\/\/www.oadc.cz\/#website","url":"https:\/\/www.oadc.cz\/","name":"Evropsk\u00e1 obchodn\u00ed akademie","description":"st\u0159edn\u00ed odborn\u00e1 \u0161kola v D\u011b\u010d\u00edn\u011b","publisher":{"@id":"https:\/\/www.oadc.cz\/#organization"},"potentialAction":[{"@type":"SearchAction","target":{"@type":"EntryPoint","urlTemplate":"https:\/\/www.oadc.cz\/?s={search_term_string}"},"query-input":"required name=search_term_string"}],"inLanguage":"cs"},{"@type":"Organization","@id":"https:\/\/www.oadc.cz\/#organization","name":"Evropsk\u00e1 Obchodn\u00ed Akademie","url":"https:\/\/www.oadc.cz\/","logo":{"@type":"ImageObject","inLanguage":"cs","@id":"https:\/\/www.oadc.cz\/#\/schema\/logo\/image\/","url":"https:\/\/www.oadc.cz\/wp-content\/uploads\/2020\/12\/EOA-logo_upr.png","contentUrl":"https:\/\/www.oadc.cz\/wp-content\/uploads\/2020\/12\/EOA-logo_upr.png","width":850,"height":632,"caption":"Evropsk\u00e1 Obchodn\u00ed Akademie"},"image":{"@id":"https:\/\/www.oadc.cz\/#\/schema\/logo\/image\/"},"sameAs":["https:\/\/www.facebook.com\/eoadc","https:\/\/www.instagram.com\/eoa.dc\/"]},{"@type":"Person","@id":"https:\/\/www.oadc.cz\/#\/schema\/person\/114954177cdcfa49e728ffb3849ea18c","name":"Jan Horais","image":{"@type":"ImageObject","inLanguage":"cs","@id":"https:\/\/www.oadc.cz\/#\/schema\/person\/image\/","url":"https:\/\/secure.gravatar.com\/avatar\/9f747f57fda48eee4f40361de292e2b6?s=96&d=mm&r=g","contentUrl":"https:\/\/secure.gravatar.com\/avatar\/9f747f57fda48eee4f40361de292e2b6?s=96&d=mm&r=g","caption":"Jan Horais"},"url":"https:\/\/www.oadc.cz\/index.php\/author\/jhorais\/"}]}},"_links":{"self":[{"href":"https:\/\/www.oadc.cz\/index.php\/wp-json\/wp\/v2\/posts\/6702"}],"collection":[{"href":"https:\/\/www.oadc.cz\/index.php\/wp-json\/wp\/v2\/posts"}],"about":[{"href":"https:\/\/www.oadc.cz\/index.php\/wp-json\/wp\/v2\/types\/post"}],"author":[{"embeddable":true,"href":"https:\/\/www.oadc.cz\/index.php\/wp-json\/wp\/v2\/users\/2"}],"replies":[{"embeddable":true,"href":"https:\/\/www.oadc.cz\/index.php\/wp-json\/wp\/v2\/comments?post=6702"}],"version-history":[{"count":9,"href":"https:\/\/www.oadc.cz\/index.php\/wp-json\/wp\/v2\/posts\/6702\/revisions"}],"predecessor-version":[{"id":6711,"href":"https:\/\/www.oadc.cz\/index.php\/wp-json\/wp\/v2\/posts\/6702\/revisions\/6711"}],"wp:featuredmedia":[{"embeddable":true,"href":"https:\/\/www.oadc.cz\/index.php\/wp-json\/wp\/v2\/media\/6699"}],"wp:attachment":[{"href":"https:\/\/www.oadc.cz\/index.php\/wp-json\/wp\/v2\/media?parent=6702"}],"wp:term":[{"taxonomy":"category","embeddable":true,"href":"https:\/\/www.oadc.cz\/index.php\/wp-json\/wp\/v2\/categories?post=6702"},{"taxonomy":"post_tag","embeddable":true,"href":"https:\/\/www.oadc.cz\/index.php\/wp-json\/wp\/v2\/tags?post=6702"}],"curies":[{"name":"wp","href":"https:\/\/api.w.org\/{rel}","templated":true}]}}