{"id":6657,"date":"2023-08-22T13:51:49","date_gmt":"2023-08-22T12:51:49","guid":{"rendered":"https:\/\/www.oadc.cz\/?p=6657"},"modified":"2023-08-22T13:59:05","modified_gmt":"2023-08-22T12:59:05","slug":"podzimni-termin-didaktickych-testu","status":"publish","type":"post","link":"https:\/\/www.oadc.cz\/index.php\/2023\/08\/22\/podzimni-termin-didaktickych-testu\/","title":{"rendered":"Podzimn\u00ed term\u00edn didaktick\u00fdch test\u016f"},"content":{"rendered":"\t\t<div data-elementor-type=\"wp-post\" data-elementor-id=\"6657\" class=\"elementor elementor-6657\" data-elementor-post-type=\"post\">\n\t\t\t\t<div class=\"elementor-element elementor-element-dbc97db e-flex e-con-boxed e-con e-parent\" data-id=\"dbc97db\" data-element_type=\"container\" data-settings=\"{&quot;content_width&quot;:&quot;boxed&quot;}\" data-core-v316-plus=\"true\">\n\t\t\t\t\t<div class=\"e-con-inner\">\n\t\t\t\t<div class=\"elementor-element elementor-element-46daeaa elementor-widget elementor-widget-text-editor\" data-id=\"46daeaa\" data-element_type=\"widget\" data-widget_type=\"text-editor.default\">\n\t\t\t\t<div class=\"elementor-widget-container\">\n\t\t\t<style>\/*! elementor - v3.19.0 - 26-02-2024 *\/\n.elementor-widget-text-editor.elementor-drop-cap-view-stacked .elementor-drop-cap{background-color:#69727d;color:#fff}.elementor-widget-text-editor.elementor-drop-cap-view-framed .elementor-drop-cap{color:#69727d;border:3px solid;background-color:transparent}.elementor-widget-text-editor:not(.elementor-drop-cap-view-default) .elementor-drop-cap{margin-top:8px}.elementor-widget-text-editor:not(.elementor-drop-cap-view-default) .elementor-drop-cap-letter{width:1em;height:1em}.elementor-widget-text-editor .elementor-drop-cap{float:left;text-align:center;line-height:1;font-size:50px}.elementor-widget-text-editor .elementor-drop-cap-letter{display:inline-block}<\/style>\t\t\t\t<p>V knihovn\u011b \u0161koly si \u017e\u00e1ci, kte\u0159\u00ed budou konat didaktick\u00e9 testy v podzimn\u00edm term\u00ednu, p\u0159evezmou proti podpisu pozv\u00e1nky se v\u0161emi pot\u0159ebn\u00fdmi informacemi. \u00da\u0159edn\u00ed hodiny jsou od 8 do 12 hodin.<\/p>\t\t\t\t\t\t<\/div>\n\t\t\t\t<\/div>\n\t\t\t\t\t<\/div>\n\t\t\t\t<\/div>\n\t\t\t\t<\/div>\n\t\t","protected":false},"excerpt":{"rendered":"<p>V knihovn\u011b \u0161koly si \u017e\u00e1ci, kte\u0159\u00ed budou konat didaktick\u00e9 testy v podzimn\u00edm term\u00ednu, p\u0159evezmou proti podpisu pozv\u00e1nky se v\u0161emi pot\u0159ebn\u00fdmi informacemi. \u00da\u0159edn\u00ed hodiny jsou od 8 do 12 hodin.<\/p>\n","protected":false},"author":2,"featured_media":4299,"comment_status":"closed","ping_status":"closed","sticky":false,"template":"","format":"standard","meta":{"footnotes":""},"categories":[10],"tags":[],"yoast_head":"<!-- This site is optimized with the Yoast SEO plugin v22.1 - https:\/\/yoast.com\/wordpress\/plugins\/seo\/ -->\n<title>Podzimn\u00ed term\u00edn didaktick\u00fdch test\u016f - Evropsk\u00e1 obchodn\u00ed akademie<\/title>\n<meta name=\"robots\" content=\"index, follow, max-snippet:-1, max-image-preview:large, max-video-preview:-1\" \/>\n<link rel=\"canonical\" href=\"https:\/\/www.oadc.cz\/index.php\/2023\/08\/22\/podzimni-termin-didaktickych-testu\/\" \/>\n<meta property=\"og:locale\" content=\"cs_CZ\" \/>\n<meta property=\"og:type\" content=\"article\" \/>\n<meta property=\"og:title\" content=\"Podzimn\u00ed term\u00edn didaktick\u00fdch test\u016f - Evropsk\u00e1 obchodn\u00ed akademie\" \/>\n<meta property=\"og:description\" content=\"V knihovn\u011b \u0161koly si \u017e\u00e1ci, kte\u0159\u00ed budou konat didaktick\u00e9 testy v podzimn\u00edm term\u00ednu, p\u0159evezmou proti podpisu pozv\u00e1nky se v\u0161emi pot\u0159ebn\u00fdmi informacemi. \u00da\u0159edn\u00ed hodiny jsou od 8 do 12 hodin.\" \/>\n<meta property=\"og:url\" content=\"https:\/\/www.oadc.cz\/index.php\/2023\/08\/22\/podzimni-termin-didaktickych-testu\/\" \/>\n<meta property=\"og:site_name\" content=\"Evropsk\u00e1 obchodn\u00ed akademie\" \/>\n<meta property=\"article:publisher\" content=\"https:\/\/www.facebook.com\/eoadc\" \/>\n<meta property=\"article:published_time\" content=\"2023-08-22T12:51:49+00:00\" \/>\n<meta property=\"article:modified_time\" content=\"2023-08-22T12:59:05+00:00\" \/>\n<meta property=\"og:image\" content=\"https:\/\/www.oadc.cz\/wp-content\/uploads\/2022\/08\/Maturita_03.jpg\" \/>\n\t<meta property=\"og:image:width\" content=\"360\" \/>\n\t<meta property=\"og:image:height\" content=\"360\" \/>\n\t<meta property=\"og:image:type\" content=\"image\/jpeg\" \/>\n<meta name=\"author\" content=\"Jan Horais\" \/>\n<meta name=\"twitter:card\" content=\"summary_large_image\" \/>\n<meta name=\"twitter:label1\" content=\"Napsal(a)\" \/>\n\t<meta name=\"twitter:data1\" content=\"Jan Horais\" \/>\n\t<meta name=\"twitter:label2\" content=\"Odhadovan\u00e1 doba \u010dten\u00ed\" \/>\n\t<meta name=\"twitter:data2\" content=\"1 minuta\" \/>\n<script type=\"application\/ld+json\" class=\"yoast-schema-graph\">{\"@context\":\"https:\/\/schema.org\",\"@graph\":[{\"@type\":\"Article\",\"@id\":\"https:\/\/www.oadc.cz\/index.php\/2023\/08\/22\/podzimni-termin-didaktickych-testu\/#article\",\"isPartOf\":{\"@id\":\"https:\/\/www.oadc.cz\/index.php\/2023\/08\/22\/podzimni-termin-didaktickych-testu\/\"},\"author\":{\"name\":\"Jan Horais\",\"@id\":\"https:\/\/www.oadc.cz\/#\/schema\/person\/114954177cdcfa49e728ffb3849ea18c\"},\"headline\":\"Podzimn\u00ed term\u00edn didaktick\u00fdch test\u016f\",\"datePublished\":\"2023-08-22T12:51:49+00:00\",\"dateModified\":\"2023-08-22T12:59:05+00:00\",\"mainEntityOfPage\":{\"@id\":\"https:\/\/www.oadc.cz\/index.php\/2023\/08\/22\/podzimni-termin-didaktickych-testu\/\"},\"wordCount\":40,\"publisher\":{\"@id\":\"https:\/\/www.oadc.cz\/#organization\"},\"articleSection\":[\"informace k maturit\u00e1m\"],\"inLanguage\":\"cs\"},{\"@type\":\"WebPage\",\"@id\":\"https:\/\/www.oadc.cz\/index.php\/2023\/08\/22\/podzimni-termin-didaktickych-testu\/\",\"url\":\"https:\/\/www.oadc.cz\/index.php\/2023\/08\/22\/podzimni-termin-didaktickych-testu\/\",\"name\":\"Podzimn\u00ed term\u00edn didaktick\u00fdch test\u016f - Evropsk\u00e1 obchodn\u00ed akademie\",\"isPartOf\":{\"@id\":\"https:\/\/www.oadc.cz\/#website\"},\"datePublished\":\"2023-08-22T12:51:49+00:00\",\"dateModified\":\"2023-08-22T12:59:05+00:00\",\"breadcrumb\":{\"@id\":\"https:\/\/www.oadc.cz\/index.php\/2023\/08\/22\/podzimni-termin-didaktickych-testu\/#breadcrumb\"},\"inLanguage\":\"cs\",\"potentialAction\":[{\"@type\":\"ReadAction\",\"target\":[\"https:\/\/www.oadc.cz\/index.php\/2023\/08\/22\/podzimni-termin-didaktickych-testu\/\"]}]},{\"@type\":\"BreadcrumbList\",\"@id\":\"https:\/\/www.oadc.cz\/index.php\/2023\/08\/22\/podzimni-termin-didaktickych-testu\/#breadcrumb\",\"itemListElement\":[{\"@type\":\"ListItem\",\"position\":1,\"name\":\"Dom\u016f\",\"item\":\"https:\/\/www.oadc.cz\/\"},{\"@type\":\"ListItem\",\"position\":2,\"name\":\"Podzimn\u00ed term\u00edn didaktick\u00fdch test\u016f\"}]},{\"@type\":\"WebSite\",\"@id\":\"https:\/\/www.oadc.cz\/#website\",\"url\":\"https:\/\/www.oadc.cz\/\",\"name\":\"Evropsk\u00e1 obchodn\u00ed akademie\",\"description\":\"st\u0159edn\u00ed odborn\u00e1 \u0161kola v D\u011b\u010d\u00edn\u011b\",\"publisher\":{\"@id\":\"https:\/\/www.oadc.cz\/#organization\"},\"potentialAction\":[{\"@type\":\"SearchAction\",\"target\":{\"@type\":\"EntryPoint\",\"urlTemplate\":\"https:\/\/www.oadc.cz\/?s={search_term_string}\"},\"query-input\":\"required name=search_term_string\"}],\"inLanguage\":\"cs\"},{\"@type\":\"Organization\",\"@id\":\"https:\/\/www.oadc.cz\/#organization\",\"name\":\"Evropsk\u00e1 Obchodn\u00ed Akademie\",\"url\":\"https:\/\/www.oadc.cz\/\",\"logo\":{\"@type\":\"ImageObject\",\"inLanguage\":\"cs\",\"@id\":\"https:\/\/www.oadc.cz\/#\/schema\/logo\/image\/\",\"url\":\"https:\/\/www.oadc.cz\/wp-content\/uploads\/2020\/12\/EOA-logo_upr.png\",\"contentUrl\":\"https:\/\/www.oadc.cz\/wp-content\/uploads\/2020\/12\/EOA-logo_upr.png\",\"width\":850,\"height\":632,\"caption\":\"Evropsk\u00e1 Obchodn\u00ed Akademie\"},\"image\":{\"@id\":\"https:\/\/www.oadc.cz\/#\/schema\/logo\/image\/\"},\"sameAs\":[\"https:\/\/www.facebook.com\/eoadc\",\"https:\/\/www.instagram.com\/eoa.dc\/\"]},{\"@type\":\"Person\",\"@id\":\"https:\/\/www.oadc.cz\/#\/schema\/person\/114954177cdcfa49e728ffb3849ea18c\",\"name\":\"Jan Horais\",\"image\":{\"@type\":\"ImageObject\",\"inLanguage\":\"cs\",\"@id\":\"https:\/\/www.oadc.cz\/#\/schema\/person\/image\/\",\"url\":\"https:\/\/secure.gravatar.com\/avatar\/9f747f57fda48eee4f40361de292e2b6?s=96&d=mm&r=g\",\"contentUrl\":\"https:\/\/secure.gravatar.com\/avatar\/9f747f57fda48eee4f40361de292e2b6?s=96&d=mm&r=g\",\"caption\":\"Jan Horais\"},\"url\":\"https:\/\/www.oadc.cz\/index.php\/author\/jhorais\/\"}]}<\/script>\n<!-- \/ Yoast SEO plugin. -->","yoast_head_json":{"title":"Podzimn\u00ed term\u00edn didaktick\u00fdch test\u016f - Evropsk\u00e1 obchodn\u00ed akademie","robots":{"index":"index","follow":"follow","max-snippet":"max-snippet:-1","max-image-preview":"max-image-preview:large","max-video-preview":"max-video-preview:-1"},"canonical":"https:\/\/www.oadc.cz\/index.php\/2023\/08\/22\/podzimni-termin-didaktickych-testu\/","og_locale":"cs_CZ","og_type":"article","og_title":"Podzimn\u00ed term\u00edn didaktick\u00fdch test\u016f - Evropsk\u00e1 obchodn\u00ed akademie","og_description":"V knihovn\u011b \u0161koly si \u017e\u00e1ci, kte\u0159\u00ed budou konat didaktick\u00e9 testy v podzimn\u00edm term\u00ednu, p\u0159evezmou proti podpisu pozv\u00e1nky se v\u0161emi pot\u0159ebn\u00fdmi informacemi. \u00da\u0159edn\u00ed hodiny jsou od 8 do 12 hodin.","og_url":"https:\/\/www.oadc.cz\/index.php\/2023\/08\/22\/podzimni-termin-didaktickych-testu\/","og_site_name":"Evropsk\u00e1 obchodn\u00ed akademie","article_publisher":"https:\/\/www.facebook.com\/eoadc","article_published_time":"2023-08-22T12:51:49+00:00","article_modified_time":"2023-08-22T12:59:05+00:00","og_image":[{"width":360,"height":360,"url":"https:\/\/www.oadc.cz\/wp-content\/uploads\/2022\/08\/Maturita_03.jpg","type":"image\/jpeg"}],"author":"Jan Horais","twitter_card":"summary_large_image","twitter_misc":{"Napsal(a)":"Jan Horais","Odhadovan\u00e1 doba \u010dten\u00ed":"1 minuta"},"schema":{"@context":"https:\/\/schema.org","@graph":[{"@type":"Article","@id":"https:\/\/www.oadc.cz\/index.php\/2023\/08\/22\/podzimni-termin-didaktickych-testu\/#article","isPartOf":{"@id":"https:\/\/www.oadc.cz\/index.php\/2023\/08\/22\/podzimni-termin-didaktickych-testu\/"},"author":{"name":"Jan Horais","@id":"https:\/\/www.oadc.cz\/#\/schema\/person\/114954177cdcfa49e728ffb3849ea18c"},"headline":"Podzimn\u00ed term\u00edn didaktick\u00fdch test\u016f","datePublished":"2023-08-22T12:51:49+00:00","dateModified":"2023-08-22T12:59:05+00:00","mainEntityOfPage":{"@id":"https:\/\/www.oadc.cz\/index.php\/2023\/08\/22\/podzimni-termin-didaktickych-testu\/"},"wordCount":40,"publisher":{"@id":"https:\/\/www.oadc.cz\/#organization"},"articleSection":["informace k maturit\u00e1m"],"inLanguage":"cs"},{"@type":"WebPage","@id":"https:\/\/www.oadc.cz\/index.php\/2023\/08\/22\/podzimni-termin-didaktickych-testu\/","url":"https:\/\/www.oadc.cz\/index.php\/2023\/08\/22\/podzimni-termin-didaktickych-testu\/","name":"Podzimn\u00ed term\u00edn didaktick\u00fdch test\u016f - Evropsk\u00e1 obchodn\u00ed akademie","isPartOf":{"@id":"https:\/\/www.oadc.cz\/#website"},"datePublished":"2023-08-22T12:51:49+00:00","dateModified":"2023-08-22T12:59:05+00:00","breadcrumb":{"@id":"https:\/\/www.oadc.cz\/index.php\/2023\/08\/22\/podzimni-termin-didaktickych-testu\/#breadcrumb"},"inLanguage":"cs","potentialAction":[{"@type":"ReadAction","target":["https:\/\/www.oadc.cz\/index.php\/2023\/08\/22\/podzimni-termin-didaktickych-testu\/"]}]},{"@type":"BreadcrumbList","@id":"https:\/\/www.oadc.cz\/index.php\/2023\/08\/22\/podzimni-termin-didaktickych-testu\/#breadcrumb","itemListElement":[{"@type":"ListItem","position":1,"name":"Dom\u016f","item":"https:\/\/www.oadc.cz\/"},{"@type":"ListItem","position":2,"name":"Podzimn\u00ed term\u00edn didaktick\u00fdch test\u016f"}]},{"@type":"WebSite","@id":"https:\/\/www.oadc.cz\/#website","url":"https:\/\/www.oadc.cz\/","name":"Evropsk\u00e1 obchodn\u00ed akademie","description":"st\u0159edn\u00ed odborn\u00e1 \u0161kola v D\u011b\u010d\u00edn\u011b","publisher":{"@id":"https:\/\/www.oadc.cz\/#organization"},"potentialAction":[{"@type":"SearchAction","target":{"@type":"EntryPoint","urlTemplate":"https:\/\/www.oadc.cz\/?s={search_term_string}"},"query-input":"required name=search_term_string"}],"inLanguage":"cs"},{"@type":"Organization","@id":"https:\/\/www.oadc.cz\/#organization","name":"Evropsk\u00e1 Obchodn\u00ed Akademie","url":"https:\/\/www.oadc.cz\/","logo":{"@type":"ImageObject","inLanguage":"cs","@id":"https:\/\/www.oadc.cz\/#\/schema\/logo\/image\/","url":"https:\/\/www.oadc.cz\/wp-content\/uploads\/2020\/12\/EOA-logo_upr.png","contentUrl":"https:\/\/www.oadc.cz\/wp-content\/uploads\/2020\/12\/EOA-logo_upr.png","width":850,"height":632,"caption":"Evropsk\u00e1 Obchodn\u00ed Akademie"},"image":{"@id":"https:\/\/www.oadc.cz\/#\/schema\/logo\/image\/"},"sameAs":["https:\/\/www.facebook.com\/eoadc","https:\/\/www.instagram.com\/eoa.dc\/"]},{"@type":"Person","@id":"https:\/\/www.oadc.cz\/#\/schema\/person\/114954177cdcfa49e728ffb3849ea18c","name":"Jan Horais","image":{"@type":"ImageObject","inLanguage":"cs","@id":"https:\/\/www.oadc.cz\/#\/schema\/person\/image\/","url":"https:\/\/secure.gravatar.com\/avatar\/9f747f57fda48eee4f40361de292e2b6?s=96&d=mm&r=g","contentUrl":"https:\/\/secure.gravatar.com\/avatar\/9f747f57fda48eee4f40361de292e2b6?s=96&d=mm&r=g","caption":"Jan Horais"},"url":"https:\/\/www.oadc.cz\/index.php\/author\/jhorais\/"}]}},"_links":{"self":[{"href":"https:\/\/www.oadc.cz\/index.php\/wp-json\/wp\/v2\/posts\/6657"}],"collection":[{"href":"https:\/\/www.oadc.cz\/index.php\/wp-json\/wp\/v2\/posts"}],"about":[{"href":"https:\/\/www.oadc.cz\/index.php\/wp-json\/wp\/v2\/types\/post"}],"author":[{"embeddable":true,"href":"https:\/\/www.oadc.cz\/index.php\/wp-json\/wp\/v2\/users\/2"}],"replies":[{"embeddable":true,"href":"https:\/\/www.oadc.cz\/index.php\/wp-json\/wp\/v2\/comments?post=6657"}],"version-history":[{"count":5,"href":"https:\/\/www.oadc.cz\/index.php\/wp-json\/wp\/v2\/posts\/6657\/revisions"}],"predecessor-version":[{"id":6662,"href":"https:\/\/www.oadc.cz\/index.php\/wp-json\/wp\/v2\/posts\/6657\/revisions\/6662"}],"wp:featuredmedia":[{"embeddable":true,"href":"https:\/\/www.oadc.cz\/index.php\/wp-json\/wp\/v2\/media\/4299"}],"wp:attachment":[{"href":"https:\/\/www.oadc.cz\/index.php\/wp-json\/wp\/v2\/media?parent=6657"}],"wp:term":[{"taxonomy":"category","embeddable":true,"href":"https:\/\/www.oadc.cz\/index.php\/wp-json\/wp\/v2\/categories?post=6657"},{"taxonomy":"post_tag","embeddable":true,"href":"https:\/\/www.oadc.cz\/index.php\/wp-json\/wp\/v2\/tags?post=6657"}],"curies":[{"name":"wp","href":"https:\/\/api.w.org\/{rel}","templated":true}]}}