{"id":6578,"date":"2023-06-20T21:16:43","date_gmt":"2023-06-20T20:16:43","guid":{"rendered":"https:\/\/www.oadc.cz\/?p=6578"},"modified":"2023-06-22T12:54:02","modified_gmt":"2023-06-22T11:54:02","slug":"informace-pro-maturanty-absolventy-kteri-nebyli-uspesni-pri-nektere-casti-mz-2","status":"publish","type":"post","link":"https:\/\/www.oadc.cz\/index.php\/2023\/06\/20\/informace-pro-maturanty-absolventy-kteri-nebyli-uspesni-pri-nektere-casti-mz-2\/","title":{"rendered":"Informace pro maturanty &#8211; absolventy, kte\u0159\u00ed nebyli \u00fasp\u011b\u0161n\u00ed p\u0159i n\u011bkter\u00e9 \u010d\u00e1sti MZ"},"content":{"rendered":"\t\t<div data-elementor-type=\"wp-post\" data-elementor-id=\"6578\" class=\"elementor elementor-6578\" data-elementor-post-type=\"post\">\n\t\t\t\t<div class=\"elementor-element elementor-element-8ec7e91 e-flex e-con-boxed e-con e-parent\" data-id=\"8ec7e91\" data-element_type=\"container\" data-settings=\"{&quot;content_width&quot;:&quot;boxed&quot;}\" data-core-v316-plus=\"true\">\n\t\t\t\t\t<div class=\"e-con-inner\">\n\t\t\t\t<div class=\"elementor-element elementor-element-a6e3cd5 elementor-widget elementor-widget-text-editor\" data-id=\"a6e3cd5\" data-element_type=\"widget\" data-widget_type=\"text-editor.default\">\n\t\t\t\t<div class=\"elementor-widget-container\">\n\t\t\t<style>\/*! elementor - v3.19.0 - 26-02-2024 *\/\n.elementor-widget-text-editor.elementor-drop-cap-view-stacked .elementor-drop-cap{background-color:#69727d;color:#fff}.elementor-widget-text-editor.elementor-drop-cap-view-framed .elementor-drop-cap{color:#69727d;border:3px solid;background-color:transparent}.elementor-widget-text-editor:not(.elementor-drop-cap-view-default) .elementor-drop-cap{margin-top:8px}.elementor-widget-text-editor:not(.elementor-drop-cap-view-default) .elementor-drop-cap-letter{width:1em;height:1em}.elementor-widget-text-editor .elementor-drop-cap{float:left;text-align:center;line-height:1;font-size:50px}.elementor-widget-text-editor .elementor-drop-cap-letter{display:inline-block}<\/style>\t\t\t\t<p style=\"font-weight: 400;\">P\u0159ihl\u00e1\u0161ku pro podzimn\u00ed term\u00edn maturit je nutno podat nejpozd\u011bji do 26. \u010dervna 2023 do kancel\u00e1\u0159e z\u00e1stupc\u016f \u0159editele nebo knihovny \u0161koly.<\/p><p style=\"font-weight: 400;\">Kdo nebyl \u00fasp\u011b\u0161n\u00fd p\u0159i \u00fastn\u00ed zkou\u0161ce z\u00a0\u010desk\u00e9ho jazyka a literatury, mus\u00ed znovu odevzdat i seznam liter\u00e1rn\u00edch d\u011bl.<\/p><p style=\"font-weight: 400;\">DT budou prob\u00edhat od 4. 9. do 8. 9. 2023 na ur\u010den\u00e9 \u0161kole \u2013 podrobn\u011bj\u0161\u00ed informace v pozv\u00e1nce v druh\u00e9 polovin\u011b srpna. V\u0161echny materi\u00e1ly budou chodit na V\u00e1mi uvedenou mailovou adresu (zkontrolujte si funk\u010dnost).<\/p><p style=\"font-weight: 400;\">Podzimn\u00ed \u00fastn\u00ed zkou\u0161ky a p\u00edsemn\u00e9 pr\u00e1ce prob\u011bhnou na na\u0161\u00ed \u0161kole od 11. 9. do 12. 9. 2023 (vyhrazujeme si pr\u00e1vo na up\u0159esn\u011bn\u00ed a p\u0159\u00edpadnou zm\u011bnu term\u00ednu).<\/p><p style=\"font-weight: 400;\">Dotazy a \u017e\u00e1dosti sm\u011b\u0159ujte na\u00a0<a href=\"mailto:hsyslova@oadc.cz\">hsyslova@oadc.cz<\/a>, v dob\u011b hlavn\u00edch pr\u00e1zdnin na\u00a0<a href=\"mailto:skola@oadc.cz\">skola@oadc.cz<\/a>.<\/p>\t\t\t\t\t\t<\/div>\n\t\t\t\t<\/div>\n\t\t\t\t\t<\/div>\n\t\t\t\t<\/div>\n\t\t\t\t<\/div>\n\t\t","protected":false},"excerpt":{"rendered":"<p>P\u0159ihl\u00e1\u0161ku pro podzimn\u00ed term\u00edn maturit je nutno podat nejpozd\u011bji do 26. \u010dervna 2023 do kancel\u00e1\u0159e z\u00e1stupc\u016f \u0159editele nebo knihovny \u0161koly. Kdo nebyl \u00fasp\u011b\u0161n\u00fd p\u0159i \u00fastn\u00ed zkou\u0161ce z\u00a0\u010desk\u00e9ho jazyka a literatury, mus\u00ed znovu odevzdat i seznam liter\u00e1rn\u00edch d\u011bl. DT budou prob\u00edhat od 4. 9. do 8. 9. 2023 na ur\u010den\u00e9 \u0161kole \u2013 podrobn\u011bj\u0161\u00ed informace v pozv\u00e1nce [&hellip;]<\/p>\n","protected":false},"author":2,"featured_media":1774,"comment_status":"closed","ping_status":"closed","sticky":false,"template":"","format":"standard","meta":{"footnotes":""},"categories":[10],"tags":[],"yoast_head":"<!-- This site is optimized with the Yoast SEO plugin v22.1 - https:\/\/yoast.com\/wordpress\/plugins\/seo\/ -->\n<title>Informace pro maturanty - absolventy, kte\u0159\u00ed nebyli \u00fasp\u011b\u0161n\u00ed p\u0159i n\u011bkter\u00e9 \u010d\u00e1sti MZ - Evropsk\u00e1 obchodn\u00ed akademie<\/title>\n<meta name=\"robots\" content=\"index, follow, max-snippet:-1, max-image-preview:large, max-video-preview:-1\" \/>\n<link rel=\"canonical\" href=\"https:\/\/www.oadc.cz\/index.php\/2023\/06\/20\/informace-pro-maturanty-absolventy-kteri-nebyli-uspesni-pri-nektere-casti-mz-2\/\" \/>\n<meta property=\"og:locale\" content=\"cs_CZ\" \/>\n<meta property=\"og:type\" content=\"article\" \/>\n<meta property=\"og:title\" content=\"Informace pro maturanty - absolventy, kte\u0159\u00ed nebyli \u00fasp\u011b\u0161n\u00ed p\u0159i n\u011bkter\u00e9 \u010d\u00e1sti MZ - Evropsk\u00e1 obchodn\u00ed akademie\" \/>\n<meta property=\"og:description\" content=\"P\u0159ihl\u00e1\u0161ku pro podzimn\u00ed term\u00edn maturit je nutno podat nejpozd\u011bji do 26. \u010dervna 2023 do kancel\u00e1\u0159e z\u00e1stupc\u016f \u0159editele nebo knihovny \u0161koly. Kdo nebyl \u00fasp\u011b\u0161n\u00fd p\u0159i \u00fastn\u00ed zkou\u0161ce z\u00a0\u010desk\u00e9ho jazyka a literatury, mus\u00ed znovu odevzdat i seznam liter\u00e1rn\u00edch d\u011bl. DT budou prob\u00edhat od 4. 9. do 8. 9. 2023 na ur\u010den\u00e9 \u0161kole \u2013 podrobn\u011bj\u0161\u00ed informace v pozv\u00e1nce [&hellip;]\" \/>\n<meta property=\"og:url\" content=\"https:\/\/www.oadc.cz\/index.php\/2023\/06\/20\/informace-pro-maturanty-absolventy-kteri-nebyli-uspesni-pri-nektere-casti-mz-2\/\" \/>\n<meta property=\"og:site_name\" content=\"Evropsk\u00e1 obchodn\u00ed akademie\" \/>\n<meta property=\"article:publisher\" content=\"https:\/\/www.facebook.com\/eoadc\" \/>\n<meta property=\"article:published_time\" content=\"2023-06-20T20:16:43+00:00\" \/>\n<meta property=\"article:modified_time\" content=\"2023-06-22T11:54:02+00:00\" \/>\n<meta property=\"og:image\" content=\"https:\/\/www.oadc.cz\/wp-content\/uploads\/2021\/01\/test-01v1.jpg\" \/>\n\t<meta property=\"og:image:width\" content=\"1280\" \/>\n\t<meta property=\"og:image:height\" content=\"683\" \/>\n\t<meta property=\"og:image:type\" content=\"image\/jpeg\" \/>\n<meta name=\"author\" content=\"Jan Horais\" \/>\n<meta name=\"twitter:card\" content=\"summary_large_image\" \/>\n<meta name=\"twitter:label1\" content=\"Napsal(a)\" \/>\n\t<meta name=\"twitter:data1\" content=\"Jan Horais\" \/>\n\t<meta name=\"twitter:label2\" content=\"Odhadovan\u00e1 doba \u010dten\u00ed\" \/>\n\t<meta name=\"twitter:data2\" content=\"1 minuta\" \/>\n<script type=\"application\/ld+json\" class=\"yoast-schema-graph\">{\"@context\":\"https:\/\/schema.org\",\"@graph\":[{\"@type\":\"Article\",\"@id\":\"https:\/\/www.oadc.cz\/index.php\/2023\/06\/20\/informace-pro-maturanty-absolventy-kteri-nebyli-uspesni-pri-nektere-casti-mz-2\/#article\",\"isPartOf\":{\"@id\":\"https:\/\/www.oadc.cz\/index.php\/2023\/06\/20\/informace-pro-maturanty-absolventy-kteri-nebyli-uspesni-pri-nektere-casti-mz-2\/\"},\"author\":{\"name\":\"Jan Horais\",\"@id\":\"https:\/\/www.oadc.cz\/#\/schema\/person\/114954177cdcfa49e728ffb3849ea18c\"},\"headline\":\"Informace pro maturanty &#8211; absolventy, kte\u0159\u00ed nebyli \u00fasp\u011b\u0161n\u00ed p\u0159i n\u011bkter\u00e9 \u010d\u00e1sti MZ\",\"datePublished\":\"2023-06-20T20:16:43+00:00\",\"dateModified\":\"2023-06-22T11:54:02+00:00\",\"mainEntityOfPage\":{\"@id\":\"https:\/\/www.oadc.cz\/index.php\/2023\/06\/20\/informace-pro-maturanty-absolventy-kteri-nebyli-uspesni-pri-nektere-casti-mz-2\/\"},\"wordCount\":150,\"publisher\":{\"@id\":\"https:\/\/www.oadc.cz\/#organization\"},\"articleSection\":[\"informace k maturit\u00e1m\"],\"inLanguage\":\"cs\"},{\"@type\":\"WebPage\",\"@id\":\"https:\/\/www.oadc.cz\/index.php\/2023\/06\/20\/informace-pro-maturanty-absolventy-kteri-nebyli-uspesni-pri-nektere-casti-mz-2\/\",\"url\":\"https:\/\/www.oadc.cz\/index.php\/2023\/06\/20\/informace-pro-maturanty-absolventy-kteri-nebyli-uspesni-pri-nektere-casti-mz-2\/\",\"name\":\"Informace pro maturanty - absolventy, kte\u0159\u00ed nebyli \u00fasp\u011b\u0161n\u00ed p\u0159i n\u011bkter\u00e9 \u010d\u00e1sti MZ - Evropsk\u00e1 obchodn\u00ed akademie\",\"isPartOf\":{\"@id\":\"https:\/\/www.oadc.cz\/#website\"},\"datePublished\":\"2023-06-20T20:16:43+00:00\",\"dateModified\":\"2023-06-22T11:54:02+00:00\",\"breadcrumb\":{\"@id\":\"https:\/\/www.oadc.cz\/index.php\/2023\/06\/20\/informace-pro-maturanty-absolventy-kteri-nebyli-uspesni-pri-nektere-casti-mz-2\/#breadcrumb\"},\"inLanguage\":\"cs\",\"potentialAction\":[{\"@type\":\"ReadAction\",\"target\":[\"https:\/\/www.oadc.cz\/index.php\/2023\/06\/20\/informace-pro-maturanty-absolventy-kteri-nebyli-uspesni-pri-nektere-casti-mz-2\/\"]}]},{\"@type\":\"BreadcrumbList\",\"@id\":\"https:\/\/www.oadc.cz\/index.php\/2023\/06\/20\/informace-pro-maturanty-absolventy-kteri-nebyli-uspesni-pri-nektere-casti-mz-2\/#breadcrumb\",\"itemListElement\":[{\"@type\":\"ListItem\",\"position\":1,\"name\":\"Dom\u016f\",\"item\":\"https:\/\/www.oadc.cz\/\"},{\"@type\":\"ListItem\",\"position\":2,\"name\":\"Informace pro maturanty &#8211; absolventy, kte\u0159\u00ed nebyli \u00fasp\u011b\u0161n\u00ed p\u0159i n\u011bkter\u00e9 \u010d\u00e1sti MZ\"}]},{\"@type\":\"WebSite\",\"@id\":\"https:\/\/www.oadc.cz\/#website\",\"url\":\"https:\/\/www.oadc.cz\/\",\"name\":\"Evropsk\u00e1 obchodn\u00ed akademie\",\"description\":\"st\u0159edn\u00ed odborn\u00e1 \u0161kola v D\u011b\u010d\u00edn\u011b\",\"publisher\":{\"@id\":\"https:\/\/www.oadc.cz\/#organization\"},\"potentialAction\":[{\"@type\":\"SearchAction\",\"target\":{\"@type\":\"EntryPoint\",\"urlTemplate\":\"https:\/\/www.oadc.cz\/?s={search_term_string}\"},\"query-input\":\"required name=search_term_string\"}],\"inLanguage\":\"cs\"},{\"@type\":\"Organization\",\"@id\":\"https:\/\/www.oadc.cz\/#organization\",\"name\":\"Evropsk\u00e1 Obchodn\u00ed Akademie\",\"url\":\"https:\/\/www.oadc.cz\/\",\"logo\":{\"@type\":\"ImageObject\",\"inLanguage\":\"cs\",\"@id\":\"https:\/\/www.oadc.cz\/#\/schema\/logo\/image\/\",\"url\":\"https:\/\/www.oadc.cz\/wp-content\/uploads\/2020\/12\/EOA-logo_upr.png\",\"contentUrl\":\"https:\/\/www.oadc.cz\/wp-content\/uploads\/2020\/12\/EOA-logo_upr.png\",\"width\":850,\"height\":632,\"caption\":\"Evropsk\u00e1 Obchodn\u00ed Akademie\"},\"image\":{\"@id\":\"https:\/\/www.oadc.cz\/#\/schema\/logo\/image\/\"},\"sameAs\":[\"https:\/\/www.facebook.com\/eoadc\",\"https:\/\/www.instagram.com\/eoa.dc\/\"]},{\"@type\":\"Person\",\"@id\":\"https:\/\/www.oadc.cz\/#\/schema\/person\/114954177cdcfa49e728ffb3849ea18c\",\"name\":\"Jan Horais\",\"image\":{\"@type\":\"ImageObject\",\"inLanguage\":\"cs\",\"@id\":\"https:\/\/www.oadc.cz\/#\/schema\/person\/image\/\",\"url\":\"https:\/\/secure.gravatar.com\/avatar\/9f747f57fda48eee4f40361de292e2b6?s=96&d=mm&r=g\",\"contentUrl\":\"https:\/\/secure.gravatar.com\/avatar\/9f747f57fda48eee4f40361de292e2b6?s=96&d=mm&r=g\",\"caption\":\"Jan Horais\"},\"url\":\"https:\/\/www.oadc.cz\/index.php\/author\/jhorais\/\"}]}<\/script>\n<!-- \/ Yoast SEO plugin. -->","yoast_head_json":{"title":"Informace pro maturanty - absolventy, kte\u0159\u00ed nebyli \u00fasp\u011b\u0161n\u00ed p\u0159i n\u011bkter\u00e9 \u010d\u00e1sti MZ - Evropsk\u00e1 obchodn\u00ed akademie","robots":{"index":"index","follow":"follow","max-snippet":"max-snippet:-1","max-image-preview":"max-image-preview:large","max-video-preview":"max-video-preview:-1"},"canonical":"https:\/\/www.oadc.cz\/index.php\/2023\/06\/20\/informace-pro-maturanty-absolventy-kteri-nebyli-uspesni-pri-nektere-casti-mz-2\/","og_locale":"cs_CZ","og_type":"article","og_title":"Informace pro maturanty - absolventy, kte\u0159\u00ed nebyli \u00fasp\u011b\u0161n\u00ed p\u0159i n\u011bkter\u00e9 \u010d\u00e1sti MZ - Evropsk\u00e1 obchodn\u00ed akademie","og_description":"P\u0159ihl\u00e1\u0161ku pro podzimn\u00ed term\u00edn maturit je nutno podat nejpozd\u011bji do 26. \u010dervna 2023 do kancel\u00e1\u0159e z\u00e1stupc\u016f \u0159editele nebo knihovny \u0161koly. Kdo nebyl \u00fasp\u011b\u0161n\u00fd p\u0159i \u00fastn\u00ed zkou\u0161ce z\u00a0\u010desk\u00e9ho jazyka a literatury, mus\u00ed znovu odevzdat i seznam liter\u00e1rn\u00edch d\u011bl. DT budou prob\u00edhat od 4. 9. do 8. 9. 2023 na ur\u010den\u00e9 \u0161kole \u2013 podrobn\u011bj\u0161\u00ed informace v pozv\u00e1nce [&hellip;]","og_url":"https:\/\/www.oadc.cz\/index.php\/2023\/06\/20\/informace-pro-maturanty-absolventy-kteri-nebyli-uspesni-pri-nektere-casti-mz-2\/","og_site_name":"Evropsk\u00e1 obchodn\u00ed akademie","article_publisher":"https:\/\/www.facebook.com\/eoadc","article_published_time":"2023-06-20T20:16:43+00:00","article_modified_time":"2023-06-22T11:54:02+00:00","og_image":[{"width":1280,"height":683,"url":"https:\/\/www.oadc.cz\/wp-content\/uploads\/2021\/01\/test-01v1.jpg","type":"image\/jpeg"}],"author":"Jan Horais","twitter_card":"summary_large_image","twitter_misc":{"Napsal(a)":"Jan Horais","Odhadovan\u00e1 doba \u010dten\u00ed":"1 minuta"},"schema":{"@context":"https:\/\/schema.org","@graph":[{"@type":"Article","@id":"https:\/\/www.oadc.cz\/index.php\/2023\/06\/20\/informace-pro-maturanty-absolventy-kteri-nebyli-uspesni-pri-nektere-casti-mz-2\/#article","isPartOf":{"@id":"https:\/\/www.oadc.cz\/index.php\/2023\/06\/20\/informace-pro-maturanty-absolventy-kteri-nebyli-uspesni-pri-nektere-casti-mz-2\/"},"author":{"name":"Jan Horais","@id":"https:\/\/www.oadc.cz\/#\/schema\/person\/114954177cdcfa49e728ffb3849ea18c"},"headline":"Informace pro maturanty &#8211; absolventy, kte\u0159\u00ed nebyli \u00fasp\u011b\u0161n\u00ed p\u0159i n\u011bkter\u00e9 \u010d\u00e1sti MZ","datePublished":"2023-06-20T20:16:43+00:00","dateModified":"2023-06-22T11:54:02+00:00","mainEntityOfPage":{"@id":"https:\/\/www.oadc.cz\/index.php\/2023\/06\/20\/informace-pro-maturanty-absolventy-kteri-nebyli-uspesni-pri-nektere-casti-mz-2\/"},"wordCount":150,"publisher":{"@id":"https:\/\/www.oadc.cz\/#organization"},"articleSection":["informace k maturit\u00e1m"],"inLanguage":"cs"},{"@type":"WebPage","@id":"https:\/\/www.oadc.cz\/index.php\/2023\/06\/20\/informace-pro-maturanty-absolventy-kteri-nebyli-uspesni-pri-nektere-casti-mz-2\/","url":"https:\/\/www.oadc.cz\/index.php\/2023\/06\/20\/informace-pro-maturanty-absolventy-kteri-nebyli-uspesni-pri-nektere-casti-mz-2\/","name":"Informace pro maturanty - absolventy, kte\u0159\u00ed nebyli \u00fasp\u011b\u0161n\u00ed p\u0159i n\u011bkter\u00e9 \u010d\u00e1sti MZ - Evropsk\u00e1 obchodn\u00ed akademie","isPartOf":{"@id":"https:\/\/www.oadc.cz\/#website"},"datePublished":"2023-06-20T20:16:43+00:00","dateModified":"2023-06-22T11:54:02+00:00","breadcrumb":{"@id":"https:\/\/www.oadc.cz\/index.php\/2023\/06\/20\/informace-pro-maturanty-absolventy-kteri-nebyli-uspesni-pri-nektere-casti-mz-2\/#breadcrumb"},"inLanguage":"cs","potentialAction":[{"@type":"ReadAction","target":["https:\/\/www.oadc.cz\/index.php\/2023\/06\/20\/informace-pro-maturanty-absolventy-kteri-nebyli-uspesni-pri-nektere-casti-mz-2\/"]}]},{"@type":"BreadcrumbList","@id":"https:\/\/www.oadc.cz\/index.php\/2023\/06\/20\/informace-pro-maturanty-absolventy-kteri-nebyli-uspesni-pri-nektere-casti-mz-2\/#breadcrumb","itemListElement":[{"@type":"ListItem","position":1,"name":"Dom\u016f","item":"https:\/\/www.oadc.cz\/"},{"@type":"ListItem","position":2,"name":"Informace pro maturanty &#8211; absolventy, kte\u0159\u00ed nebyli \u00fasp\u011b\u0161n\u00ed p\u0159i n\u011bkter\u00e9 \u010d\u00e1sti MZ"}]},{"@type":"WebSite","@id":"https:\/\/www.oadc.cz\/#website","url":"https:\/\/www.oadc.cz\/","name":"Evropsk\u00e1 obchodn\u00ed akademie","description":"st\u0159edn\u00ed odborn\u00e1 \u0161kola v D\u011b\u010d\u00edn\u011b","publisher":{"@id":"https:\/\/www.oadc.cz\/#organization"},"potentialAction":[{"@type":"SearchAction","target":{"@type":"EntryPoint","urlTemplate":"https:\/\/www.oadc.cz\/?s={search_term_string}"},"query-input":"required name=search_term_string"}],"inLanguage":"cs"},{"@type":"Organization","@id":"https:\/\/www.oadc.cz\/#organization","name":"Evropsk\u00e1 Obchodn\u00ed Akademie","url":"https:\/\/www.oadc.cz\/","logo":{"@type":"ImageObject","inLanguage":"cs","@id":"https:\/\/www.oadc.cz\/#\/schema\/logo\/image\/","url":"https:\/\/www.oadc.cz\/wp-content\/uploads\/2020\/12\/EOA-logo_upr.png","contentUrl":"https:\/\/www.oadc.cz\/wp-content\/uploads\/2020\/12\/EOA-logo_upr.png","width":850,"height":632,"caption":"Evropsk\u00e1 Obchodn\u00ed Akademie"},"image":{"@id":"https:\/\/www.oadc.cz\/#\/schema\/logo\/image\/"},"sameAs":["https:\/\/www.facebook.com\/eoadc","https:\/\/www.instagram.com\/eoa.dc\/"]},{"@type":"Person","@id":"https:\/\/www.oadc.cz\/#\/schema\/person\/114954177cdcfa49e728ffb3849ea18c","name":"Jan Horais","image":{"@type":"ImageObject","inLanguage":"cs","@id":"https:\/\/www.oadc.cz\/#\/schema\/person\/image\/","url":"https:\/\/secure.gravatar.com\/avatar\/9f747f57fda48eee4f40361de292e2b6?s=96&d=mm&r=g","contentUrl":"https:\/\/secure.gravatar.com\/avatar\/9f747f57fda48eee4f40361de292e2b6?s=96&d=mm&r=g","caption":"Jan Horais"},"url":"https:\/\/www.oadc.cz\/index.php\/author\/jhorais\/"}]}},"_links":{"self":[{"href":"https:\/\/www.oadc.cz\/index.php\/wp-json\/wp\/v2\/posts\/6578"}],"collection":[{"href":"https:\/\/www.oadc.cz\/index.php\/wp-json\/wp\/v2\/posts"}],"about":[{"href":"https:\/\/www.oadc.cz\/index.php\/wp-json\/wp\/v2\/types\/post"}],"author":[{"embeddable":true,"href":"https:\/\/www.oadc.cz\/index.php\/wp-json\/wp\/v2\/users\/2"}],"replies":[{"embeddable":true,"href":"https:\/\/www.oadc.cz\/index.php\/wp-json\/wp\/v2\/comments?post=6578"}],"version-history":[{"count":8,"href":"https:\/\/www.oadc.cz\/index.php\/wp-json\/wp\/v2\/posts\/6578\/revisions"}],"predecessor-version":[{"id":6600,"href":"https:\/\/www.oadc.cz\/index.php\/wp-json\/wp\/v2\/posts\/6578\/revisions\/6600"}],"wp:featuredmedia":[{"embeddable":true,"href":"https:\/\/www.oadc.cz\/index.php\/wp-json\/wp\/v2\/media\/1774"}],"wp:attachment":[{"href":"https:\/\/www.oadc.cz\/index.php\/wp-json\/wp\/v2\/media?parent=6578"}],"wp:term":[{"taxonomy":"category","embeddable":true,"href":"https:\/\/www.oadc.cz\/index.php\/wp-json\/wp\/v2\/categories?post=6578"},{"taxonomy":"post_tag","embeddable":true,"href":"https:\/\/www.oadc.cz\/index.php\/wp-json\/wp\/v2\/tags?post=6578"}],"curies":[{"name":"wp","href":"https:\/\/api.w.org\/{rel}","templated":true}]}}