{"id":6415,"date":"2023-05-09T11:17:46","date_gmt":"2023-05-09T10:17:46","guid":{"rendered":"https:\/\/www.oadc.cz\/?p=6415"},"modified":"2023-05-09T12:25:10","modified_gmt":"2023-05-09T11:25:10","slug":"jak-si-vedli-ucastnici-letosnich-kratkodobych-stazi","status":"publish","type":"post","link":"https:\/\/www.oadc.cz\/index.php\/2023\/05\/09\/jak-si-vedli-ucastnici-letosnich-kratkodobych-stazi\/","title":{"rendered":"Jak si vedli \u00fa\u010dastn\u00edci leto\u0161n\u00edch kr\u00e1tkodob\u00fdch st\u00e1\u017e\u00ed?"},"content":{"rendered":"\t\t<div data-elementor-type=\"wp-post\" data-elementor-id=\"6415\" class=\"elementor elementor-6415\" data-elementor-post-type=\"post\">\n\t\t\t\t<div class=\"elementor-element elementor-element-1d54b5c e-flex e-con-boxed e-con e-parent\" data-id=\"1d54b5c\" data-element_type=\"container\" data-settings=\"{&quot;content_width&quot;:&quot;boxed&quot;}\" data-core-v316-plus=\"true\">\n\t\t\t\t\t<div class=\"e-con-inner\">\n\t\t\t\t<div class=\"elementor-element elementor-element-b3b92d8 elementor-widget elementor-widget-text-editor\" data-id=\"b3b92d8\" data-element_type=\"widget\" data-widget_type=\"text-editor.default\">\n\t\t\t\t<div class=\"elementor-widget-container\">\n\t\t\t<style>\/*! elementor - v3.19.0 - 26-02-2024 *\/\n.elementor-widget-text-editor.elementor-drop-cap-view-stacked .elementor-drop-cap{background-color:#69727d;color:#fff}.elementor-widget-text-editor.elementor-drop-cap-view-framed .elementor-drop-cap{color:#69727d;border:3px solid;background-color:transparent}.elementor-widget-text-editor:not(.elementor-drop-cap-view-default) .elementor-drop-cap{margin-top:8px}.elementor-widget-text-editor:not(.elementor-drop-cap-view-default) .elementor-drop-cap-letter{width:1em;height:1em}.elementor-widget-text-editor .elementor-drop-cap{float:left;text-align:center;line-height:1;font-size:50px}.elementor-widget-text-editor .elementor-drop-cap-letter{display:inline-block}<\/style>\t\t\t\t<p><span style=\"font-weight: 400;\">\u0160koln\u00ed rok se kr\u00e1t\u00ed a studenti, kte\u0159\u00ed se vr\u00e1tili z leto\u0161n\u00ed kr\u00e1tkodob\u00e9 st\u00e1\u017ee v Dublinu, jsou ji\u017e m\u011bs\u00edc doma a tak\u00e9 zp\u011bt ve \u0161koln\u00ed lavici. Na profilech EOA na soci\u00e1ln\u00edch s\u00edt\u00edch jist\u011b sledujete p\u0159\u00edsp\u011bvky, kter\u00e9 pro v\u00e1s st\u00e1\u017eist\u00e9 sami p\u0159ipravili a kter\u00e9 v\u00e1m zprost\u0159edkov\u00e1vaj\u00ed jejich autentick\u00e9 pro\u017eitky. Mohli jste se tak ji\u017e dozv\u011bd\u011bt, co jednotliv\u00fdm student\u016fm EOA Dublin dal, za co byly v pr\u016fb\u011bhu st\u00e1\u017e\u00ed student\u016fm ud\u011blov\u00e1ny \u201eleprikorny\u201c a na FB a IG pokra\u010dujeme tak\u00e9 v seri\u00e1lu \u201eV \u010dem jsem se nejv\u00edce posunul\u201c. Doporu\u010dujeme!\u00a0<\/span><\/p><p><span style=\"font-weight: 400;\">Jen nam\u00e1tkou v\u00e1m vyb\u00edr\u00e1me p\u00e1r hodnot\u00edc\u00edch koment\u00e1\u0159\u016f od mentor\u016f n\u011bkter\u00fdch st\u00e1\u017eist\u016f. Ur\u010dit\u011b d\u00edky nim pochop\u00edte, pro\u010d a jak moc jsme na leto\u0161n\u00ed skupinu student\u016f vyj\u00ed\u017ed\u011bj\u00edc\u00edch do zahrani\u010d\u00ed py\u0161n\u00ed!<\/span><\/p>\t\t\t\t\t\t<\/div>\n\t\t\t\t<\/div>\n\t\t\t\t<div class=\"elementor-element elementor-element-a570ee5 elementor-widget elementor-widget-heading\" data-id=\"a570ee5\" data-element_type=\"widget\" data-widget_type=\"heading.default\">\n\t\t\t\t<div class=\"elementor-widget-container\">\n\t\t\t<style>\/*! elementor - v3.19.0 - 26-02-2024 *\/\n.elementor-heading-title{padding:0;margin:0;line-height:1}.elementor-widget-heading .elementor-heading-title[class*=elementor-size-]>a{color:inherit;font-size:inherit;line-height:inherit}.elementor-widget-heading .elementor-heading-title.elementor-size-small{font-size:15px}.elementor-widget-heading .elementor-heading-title.elementor-size-medium{font-size:19px}.elementor-widget-heading .elementor-heading-title.elementor-size-large{font-size:29px}.elementor-widget-heading .elementor-heading-title.elementor-size-xl{font-size:39px}.elementor-widget-heading .elementor-heading-title.elementor-size-xxl{font-size:59px}<\/style><h4 class=\"elementor-heading-title elementor-size-default\">MCS Case Management<\/h4>\t\t<\/div>\n\t\t\t\t<\/div>\n\t\t\t\t<div class=\"elementor-element elementor-element-300ce5c elementor-widget elementor-widget-text-editor\" data-id=\"300ce5c\" data-element_type=\"widget\" data-widget_type=\"text-editor.default\">\n\t\t\t\t<div class=\"elementor-widget-container\">\n\t\t\t\t\t\t\t<p><i><span style=\"font-weight: 400;\">\u201cEliska is an amazing person. She is very hard-working. She completed task in a timely manner. She is reliable, friendly, efficient, a good time-keeper. I would love to employ her during the summer 2023.\u201c<\/span><\/i><\/p>\t\t\t\t\t\t<\/div>\n\t\t\t\t<\/div>\n\t\t\t\t<div class=\"elementor-element elementor-element-1d5a760 elementor-widget elementor-widget-heading\" data-id=\"1d5a760\" data-element_type=\"widget\" data-widget_type=\"heading.default\">\n\t\t\t\t<div class=\"elementor-widget-container\">\n\t\t\t<h4 class=\"elementor-heading-title elementor-size-default\">JW Accountants<\/h4>\t\t<\/div>\n\t\t\t\t<\/div>\n\t\t\t\t<div class=\"elementor-element elementor-element-b3b0dfc elementor-widget elementor-widget-text-editor\" data-id=\"b3b0dfc\" data-element_type=\"widget\" data-widget_type=\"text-editor.default\">\n\t\t\t\t<div class=\"elementor-widget-container\">\n\t\t\t\t\t\t\t<p><i><span style=\"font-weight: 400;\">\u201cAdam was very eager to learn and demonstrated a great ability to interact with colleagues. We were very happy with his work ethic.\u201c<\/span><\/i><\/p>\t\t\t\t\t\t<\/div>\n\t\t\t\t<\/div>\n\t\t\t\t<div class=\"elementor-element elementor-element-1954d9f elementor-widget elementor-widget-heading\" data-id=\"1954d9f\" data-element_type=\"widget\" data-widget_type=\"heading.default\">\n\t\t\t\t<div class=\"elementor-widget-container\">\n\t\t\t<h4 class=\"elementor-heading-title elementor-size-default\">GSLS<\/h4>\t\t<\/div>\n\t\t\t\t<\/div>\n\t\t\t\t<div class=\"elementor-element elementor-element-a8683a5 elementor-widget elementor-widget-text-editor\" data-id=\"a8683a5\" data-element_type=\"widget\" data-widget_type=\"text-editor.default\">\n\t\t\t\t<div class=\"elementor-widget-container\">\n\t\t\t\t\t\t\t<p><i><span style=\"font-weight: 400;\">\u201cPavlina was very friendly and fitted in well with our staff team. She took on any task asked of her and was a fantastic help.\u201c<\/span><\/i><\/p>\t\t\t\t\t\t<\/div>\n\t\t\t\t<\/div>\n\t\t\t\t<div class=\"elementor-element elementor-element-c59efcb elementor-widget elementor-widget-heading\" data-id=\"c59efcb\" data-element_type=\"widget\" data-widget_type=\"heading.default\">\n\t\t\t\t<div class=\"elementor-widget-container\">\n\t\t\t<h4 class=\"elementor-heading-title elementor-size-default\">The Blink Group<\/h4>\t\t<\/div>\n\t\t\t\t<\/div>\n\t\t\t\t<div class=\"elementor-element elementor-element-ca05287 elementor-widget elementor-widget-text-editor\" data-id=\"ca05287\" data-element_type=\"widget\" data-widget_type=\"text-editor.default\">\n\t\t\t\t<div class=\"elementor-widget-container\">\n\t\t\t\t\t\t\t<p><em><span style=\"font-weight: 400;\">\u201cNina is truly an amazing young lady. She is very talented and creative. If she was staying in Ireland, we would offer her a job. Great attitude, great energy, amazing with people. She spent 2 days out working on an event and she was magic. Nina will be missed.\u201c<\/span><\/em><\/p>\t\t\t\t\t\t<\/div>\n\t\t\t\t<\/div>\n\t\t\t\t<div class=\"elementor-element elementor-element-cc3448b elementor-widget elementor-widget-heading\" data-id=\"cc3448b\" data-element_type=\"widget\" data-widget_type=\"heading.default\">\n\t\t\t\t<div class=\"elementor-widget-container\">\n\t\t\t<h4 class=\"elementor-heading-title elementor-size-default\">ReCreate<\/h4>\t\t<\/div>\n\t\t\t\t<\/div>\n\t\t\t\t<div class=\"elementor-element elementor-element-a797c65 elementor-widget elementor-widget-text-editor\" data-id=\"a797c65\" data-element_type=\"widget\" data-widget_type=\"text-editor.default\">\n\t\t\t\t<div class=\"elementor-widget-container\">\n\t\t\t\t\t\t\t<p><i><span style=\"font-weight: 400;\">\u201cLibor is positive, efficient and hard-working. He has been an enormous help to ReCreate team. He takes instruction very well, is a strong team player and is well-liked. Libor added a lot of value to ReCreate through his interpersonal and professional skills. I would highly recommend him as an employee.\u201c<\/span><\/i><\/p>\t\t\t\t\t\t<\/div>\n\t\t\t\t<\/div>\n\t\t\t\t<div class=\"elementor-element elementor-element-ca1c0d5 elementor-widget elementor-widget-heading\" data-id=\"ca1c0d5\" data-element_type=\"widget\" data-widget_type=\"heading.default\">\n\t\t\t\t<div class=\"elementor-widget-container\">\n\t\t\t<h4 class=\"elementor-heading-title elementor-size-default\">JW Accountants<\/h4>\t\t<\/div>\n\t\t\t\t<\/div>\n\t\t\t\t<div class=\"elementor-element elementor-element-4852d36 elementor-widget elementor-widget-text-editor\" data-id=\"4852d36\" data-element_type=\"widget\" data-widget_type=\"text-editor.default\">\n\t\t\t\t<div class=\"elementor-widget-container\">\n\t\t\t\t\t\t\t<p><i><span style=\"font-weight: 400;\">\u201cValentina had a very good understanding of accounting principles. She conducted herself in a very professional manner. She was not shy when she had a question and her level of English is very good.\u201c<\/span><\/i><\/p>\t\t\t\t\t\t<\/div>\n\t\t\t\t<\/div>\n\t\t\t\t<div class=\"elementor-element elementor-element-3af857a elementor-widget elementor-widget-text-editor\" data-id=\"3af857a\" data-element_type=\"widget\" data-widget_type=\"text-editor.default\">\n\t\t\t\t<div class=\"elementor-widget-container\">\n\t\t\t\t\t\t\t<p><span style=\"font-weight: 400;\">Pr\u00e1ce st\u00e1\u017eist\u016f v\u0161ak st\u00e1le nekon\u010d\u00ed, proto\u017ee jsou kv\u016fli\u00a0 tzv. EUROPASS MOBILITY dokumentu \u010d\u00e1ste\u010dn\u011b je\u0161t\u011b ve spojen\u00ed se sv\u00fdmi firmami. V tomto dokumentu mentor sv\u00fdm podpisem potvrzuje, jak\u00e9 \u010dinnosti student v irsk\u00e9 firm\u011b vykon\u00e1val, s jakou m\u00edrou samostatnosti, jak\u00e9 jazykov\u00e9, IT a odborn\u00e9 znalosti a dovednosti prokazoval, jak se mu da\u0159ilo, \u010deho dos\u00e1hl a v jak\u00e9m sm\u011bru se posunul po odborn\u00e9 i lidsk\u00e9 str\u00e1nce. V\u011b\u0159\u00edme, \u017ee tento dokument jist\u011b poslou\u017e\u00ed jako neoby\u010dejn\u00e1 p\u0159\u00edloha \u017eivotopisu ka\u017ed\u00e9ho leto\u0161n\u00edho st\u00e1\u017eisty. Pova\u017ete, kdo z v\u00e1s se m\u016f\u017ee na prahu dosp\u011blosti pochlubit odbornou zahrani\u010dn\u00ed pracovn\u00ed zku\u0161enost\u00ed?<\/span><\/p><p><span style=\"font-weight: 400;\">Tento projekt je financov\u00e1n z prost\u0159edk\u016f EU.<br \/><\/span><span style=\"font-weight: 400;\">Za skv\u011blou p\u0159\u00edle\u017eitost pro na\u0161e studenty d\u011bkujeme<\/span> <a href=\"https:\/\/www.dzs.cz\/\"><span style=\"font-weight: 400;\">D\u016fm zahrani\u010dn\u00ed spolupr\u00e1ce<\/span><\/a> <span style=\"font-weight: 400;\">a<\/span> <a href=\"http:\/\/adccollege.eu\/\"><span style=\"font-weight: 400;\">ADC College Dublin<\/span><\/a><span style=\"font-weight: 400;\">.<\/span><\/p>\t\t\t\t\t\t<\/div>\n\t\t\t\t<\/div>\n\t\t\t\t\t<\/div>\n\t\t\t\t<\/div>\n\t\t\t\t<\/div>\n\t\t","protected":false},"excerpt":{"rendered":"<p>Jak hodnotili na\u0161e \u017e\u00e1ky jejich zam\u011bstnavatel\u00e9 v Irsk\u00e9m Dublinu.<\/p>\n","protected":false},"author":2,"featured_media":6414,"comment_status":"closed","ping_status":"closed","sticky":false,"template":"","format":"standard","meta":{"footnotes":""},"categories":[17],"tags":[],"yoast_head":"<!-- This site is optimized with the Yoast SEO plugin v22.1 - https:\/\/yoast.com\/wordpress\/plugins\/seo\/ -->\n<title>Jak si vedli \u00fa\u010dastn\u00edci leto\u0161n\u00edch kr\u00e1tkodob\u00fdch st\u00e1\u017e\u00ed? - Evropsk\u00e1 obchodn\u00ed akademie<\/title>\n<meta name=\"description\" content=\"Jak hodnotili na\u0161e \u017e\u00e1ky jejich zam\u011bstnavatel\u00e9 v Irsk\u00e9m Dublinu.\" \/>\n<meta name=\"robots\" content=\"index, follow, max-snippet:-1, max-image-preview:large, max-video-preview:-1\" \/>\n<link rel=\"canonical\" href=\"https:\/\/www.oadc.cz\/index.php\/2023\/05\/09\/jak-si-vedli-ucastnici-letosnich-kratkodobych-stazi\/\" \/>\n<meta property=\"og:locale\" content=\"cs_CZ\" \/>\n<meta property=\"og:type\" content=\"article\" \/>\n<meta property=\"og:title\" content=\"Jak si vedli \u00fa\u010dastn\u00edci leto\u0161n\u00edch kr\u00e1tkodob\u00fdch st\u00e1\u017e\u00ed? - Evropsk\u00e1 obchodn\u00ed akademie\" \/>\n<meta property=\"og:description\" content=\"Jak hodnotili na\u0161e \u017e\u00e1ky jejich zam\u011bstnavatel\u00e9 v Irsk\u00e9m Dublinu.\" \/>\n<meta property=\"og:url\" content=\"https:\/\/www.oadc.cz\/index.php\/2023\/05\/09\/jak-si-vedli-ucastnici-letosnich-kratkodobych-stazi\/\" \/>\n<meta property=\"og:site_name\" content=\"Evropsk\u00e1 obchodn\u00ed akademie\" \/>\n<meta property=\"article:publisher\" content=\"https:\/\/www.facebook.com\/eoadc\" \/>\n<meta property=\"article:published_time\" content=\"2023-05-09T10:17:46+00:00\" \/>\n<meta property=\"article:modified_time\" content=\"2023-05-09T11:25:10+00:00\" \/>\n<meta property=\"og:image\" content=\"https:\/\/www.oadc.cz\/wp-content\/uploads\/2023\/05\/ErasmusDublin-5.jpg\" \/>\n\t<meta property=\"og:image:width\" content=\"1024\" \/>\n\t<meta property=\"og:image:height\" content=\"837\" \/>\n\t<meta property=\"og:image:type\" content=\"image\/jpeg\" \/>\n<meta name=\"author\" content=\"Jan Horais\" \/>\n<meta name=\"twitter:card\" content=\"summary_large_image\" \/>\n<meta name=\"twitter:label1\" content=\"Napsal(a)\" \/>\n\t<meta name=\"twitter:data1\" content=\"Jan Horais\" \/>\n\t<meta name=\"twitter:label2\" content=\"Odhadovan\u00e1 doba \u010dten\u00ed\" \/>\n\t<meta name=\"twitter:data2\" content=\"3 minuty\" \/>\n<script type=\"application\/ld+json\" class=\"yoast-schema-graph\">{\"@context\":\"https:\/\/schema.org\",\"@graph\":[{\"@type\":\"Article\",\"@id\":\"https:\/\/www.oadc.cz\/index.php\/2023\/05\/09\/jak-si-vedli-ucastnici-letosnich-kratkodobych-stazi\/#article\",\"isPartOf\":{\"@id\":\"https:\/\/www.oadc.cz\/index.php\/2023\/05\/09\/jak-si-vedli-ucastnici-letosnich-kratkodobych-stazi\/\"},\"author\":{\"name\":\"Jan Horais\",\"@id\":\"https:\/\/www.oadc.cz\/#\/schema\/person\/114954177cdcfa49e728ffb3849ea18c\"},\"headline\":\"Jak si vedli \u00fa\u010dastn\u00edci leto\u0161n\u00edch kr\u00e1tkodob\u00fdch st\u00e1\u017e\u00ed?\",\"datePublished\":\"2023-05-09T10:17:46+00:00\",\"dateModified\":\"2023-05-09T11:25:10+00:00\",\"mainEntityOfPage\":{\"@id\":\"https:\/\/www.oadc.cz\/index.php\/2023\/05\/09\/jak-si-vedli-ucastnici-letosnich-kratkodobych-stazi\/\"},\"wordCount\":556,\"publisher\":{\"@id\":\"https:\/\/www.oadc.cz\/#organization\"},\"articleSection\":[\"Zahrani\u010dn\u00ed st\u00e1\u017ee\"],\"inLanguage\":\"cs\"},{\"@type\":\"WebPage\",\"@id\":\"https:\/\/www.oadc.cz\/index.php\/2023\/05\/09\/jak-si-vedli-ucastnici-letosnich-kratkodobych-stazi\/\",\"url\":\"https:\/\/www.oadc.cz\/index.php\/2023\/05\/09\/jak-si-vedli-ucastnici-letosnich-kratkodobych-stazi\/\",\"name\":\"Jak si vedli \u00fa\u010dastn\u00edci leto\u0161n\u00edch kr\u00e1tkodob\u00fdch st\u00e1\u017e\u00ed? - Evropsk\u00e1 obchodn\u00ed akademie\",\"isPartOf\":{\"@id\":\"https:\/\/www.oadc.cz\/#website\"},\"datePublished\":\"2023-05-09T10:17:46+00:00\",\"dateModified\":\"2023-05-09T11:25:10+00:00\",\"description\":\"Jak hodnotili na\u0161e \u017e\u00e1ky jejich zam\u011bstnavatel\u00e9 v Irsk\u00e9m Dublinu.\",\"breadcrumb\":{\"@id\":\"https:\/\/www.oadc.cz\/index.php\/2023\/05\/09\/jak-si-vedli-ucastnici-letosnich-kratkodobych-stazi\/#breadcrumb\"},\"inLanguage\":\"cs\",\"potentialAction\":[{\"@type\":\"ReadAction\",\"target\":[\"https:\/\/www.oadc.cz\/index.php\/2023\/05\/09\/jak-si-vedli-ucastnici-letosnich-kratkodobych-stazi\/\"]}]},{\"@type\":\"BreadcrumbList\",\"@id\":\"https:\/\/www.oadc.cz\/index.php\/2023\/05\/09\/jak-si-vedli-ucastnici-letosnich-kratkodobych-stazi\/#breadcrumb\",\"itemListElement\":[{\"@type\":\"ListItem\",\"position\":1,\"name\":\"Dom\u016f\",\"item\":\"https:\/\/www.oadc.cz\/\"},{\"@type\":\"ListItem\",\"position\":2,\"name\":\"Jak si vedli \u00fa\u010dastn\u00edci leto\u0161n\u00edch kr\u00e1tkodob\u00fdch st\u00e1\u017e\u00ed?\"}]},{\"@type\":\"WebSite\",\"@id\":\"https:\/\/www.oadc.cz\/#website\",\"url\":\"https:\/\/www.oadc.cz\/\",\"name\":\"Evropsk\u00e1 obchodn\u00ed akademie\",\"description\":\"st\u0159edn\u00ed odborn\u00e1 \u0161kola v D\u011b\u010d\u00edn\u011b\",\"publisher\":{\"@id\":\"https:\/\/www.oadc.cz\/#organization\"},\"potentialAction\":[{\"@type\":\"SearchAction\",\"target\":{\"@type\":\"EntryPoint\",\"urlTemplate\":\"https:\/\/www.oadc.cz\/?s={search_term_string}\"},\"query-input\":\"required name=search_term_string\"}],\"inLanguage\":\"cs\"},{\"@type\":\"Organization\",\"@id\":\"https:\/\/www.oadc.cz\/#organization\",\"name\":\"Evropsk\u00e1 Obchodn\u00ed Akademie\",\"url\":\"https:\/\/www.oadc.cz\/\",\"logo\":{\"@type\":\"ImageObject\",\"inLanguage\":\"cs\",\"@id\":\"https:\/\/www.oadc.cz\/#\/schema\/logo\/image\/\",\"url\":\"https:\/\/www.oadc.cz\/wp-content\/uploads\/2020\/12\/EOA-logo_upr.png\",\"contentUrl\":\"https:\/\/www.oadc.cz\/wp-content\/uploads\/2020\/12\/EOA-logo_upr.png\",\"width\":850,\"height\":632,\"caption\":\"Evropsk\u00e1 Obchodn\u00ed Akademie\"},\"image\":{\"@id\":\"https:\/\/www.oadc.cz\/#\/schema\/logo\/image\/\"},\"sameAs\":[\"https:\/\/www.facebook.com\/eoadc\",\"https:\/\/www.instagram.com\/eoa.dc\/\"]},{\"@type\":\"Person\",\"@id\":\"https:\/\/www.oadc.cz\/#\/schema\/person\/114954177cdcfa49e728ffb3849ea18c\",\"name\":\"Jan Horais\",\"image\":{\"@type\":\"ImageObject\",\"inLanguage\":\"cs\",\"@id\":\"https:\/\/www.oadc.cz\/#\/schema\/person\/image\/\",\"url\":\"https:\/\/secure.gravatar.com\/avatar\/9f747f57fda48eee4f40361de292e2b6?s=96&d=mm&r=g\",\"contentUrl\":\"https:\/\/secure.gravatar.com\/avatar\/9f747f57fda48eee4f40361de292e2b6?s=96&d=mm&r=g\",\"caption\":\"Jan Horais\"},\"url\":\"https:\/\/www.oadc.cz\/index.php\/author\/jhorais\/\"}]}<\/script>\n<!-- \/ Yoast SEO plugin. -->","yoast_head_json":{"title":"Jak si vedli \u00fa\u010dastn\u00edci leto\u0161n\u00edch kr\u00e1tkodob\u00fdch st\u00e1\u017e\u00ed? - Evropsk\u00e1 obchodn\u00ed akademie","description":"Jak hodnotili na\u0161e \u017e\u00e1ky jejich zam\u011bstnavatel\u00e9 v Irsk\u00e9m Dublinu.","robots":{"index":"index","follow":"follow","max-snippet":"max-snippet:-1","max-image-preview":"max-image-preview:large","max-video-preview":"max-video-preview:-1"},"canonical":"https:\/\/www.oadc.cz\/index.php\/2023\/05\/09\/jak-si-vedli-ucastnici-letosnich-kratkodobych-stazi\/","og_locale":"cs_CZ","og_type":"article","og_title":"Jak si vedli \u00fa\u010dastn\u00edci leto\u0161n\u00edch kr\u00e1tkodob\u00fdch st\u00e1\u017e\u00ed? - Evropsk\u00e1 obchodn\u00ed akademie","og_description":"Jak hodnotili na\u0161e \u017e\u00e1ky jejich zam\u011bstnavatel\u00e9 v Irsk\u00e9m Dublinu.","og_url":"https:\/\/www.oadc.cz\/index.php\/2023\/05\/09\/jak-si-vedli-ucastnici-letosnich-kratkodobych-stazi\/","og_site_name":"Evropsk\u00e1 obchodn\u00ed akademie","article_publisher":"https:\/\/www.facebook.com\/eoadc","article_published_time":"2023-05-09T10:17:46+00:00","article_modified_time":"2023-05-09T11:25:10+00:00","og_image":[{"width":1024,"height":837,"url":"https:\/\/www.oadc.cz\/wp-content\/uploads\/2023\/05\/ErasmusDublin-5.jpg","type":"image\/jpeg"}],"author":"Jan Horais","twitter_card":"summary_large_image","twitter_misc":{"Napsal(a)":"Jan Horais","Odhadovan\u00e1 doba \u010dten\u00ed":"3 minuty"},"schema":{"@context":"https:\/\/schema.org","@graph":[{"@type":"Article","@id":"https:\/\/www.oadc.cz\/index.php\/2023\/05\/09\/jak-si-vedli-ucastnici-letosnich-kratkodobych-stazi\/#article","isPartOf":{"@id":"https:\/\/www.oadc.cz\/index.php\/2023\/05\/09\/jak-si-vedli-ucastnici-letosnich-kratkodobych-stazi\/"},"author":{"name":"Jan Horais","@id":"https:\/\/www.oadc.cz\/#\/schema\/person\/114954177cdcfa49e728ffb3849ea18c"},"headline":"Jak si vedli \u00fa\u010dastn\u00edci leto\u0161n\u00edch kr\u00e1tkodob\u00fdch st\u00e1\u017e\u00ed?","datePublished":"2023-05-09T10:17:46+00:00","dateModified":"2023-05-09T11:25:10+00:00","mainEntityOfPage":{"@id":"https:\/\/www.oadc.cz\/index.php\/2023\/05\/09\/jak-si-vedli-ucastnici-letosnich-kratkodobych-stazi\/"},"wordCount":556,"publisher":{"@id":"https:\/\/www.oadc.cz\/#organization"},"articleSection":["Zahrani\u010dn\u00ed st\u00e1\u017ee"],"inLanguage":"cs"},{"@type":"WebPage","@id":"https:\/\/www.oadc.cz\/index.php\/2023\/05\/09\/jak-si-vedli-ucastnici-letosnich-kratkodobych-stazi\/","url":"https:\/\/www.oadc.cz\/index.php\/2023\/05\/09\/jak-si-vedli-ucastnici-letosnich-kratkodobych-stazi\/","name":"Jak si vedli \u00fa\u010dastn\u00edci leto\u0161n\u00edch kr\u00e1tkodob\u00fdch st\u00e1\u017e\u00ed? - Evropsk\u00e1 obchodn\u00ed akademie","isPartOf":{"@id":"https:\/\/www.oadc.cz\/#website"},"datePublished":"2023-05-09T10:17:46+00:00","dateModified":"2023-05-09T11:25:10+00:00","description":"Jak hodnotili na\u0161e \u017e\u00e1ky jejich zam\u011bstnavatel\u00e9 v Irsk\u00e9m Dublinu.","breadcrumb":{"@id":"https:\/\/www.oadc.cz\/index.php\/2023\/05\/09\/jak-si-vedli-ucastnici-letosnich-kratkodobych-stazi\/#breadcrumb"},"inLanguage":"cs","potentialAction":[{"@type":"ReadAction","target":["https:\/\/www.oadc.cz\/index.php\/2023\/05\/09\/jak-si-vedli-ucastnici-letosnich-kratkodobych-stazi\/"]}]},{"@type":"BreadcrumbList","@id":"https:\/\/www.oadc.cz\/index.php\/2023\/05\/09\/jak-si-vedli-ucastnici-letosnich-kratkodobych-stazi\/#breadcrumb","itemListElement":[{"@type":"ListItem","position":1,"name":"Dom\u016f","item":"https:\/\/www.oadc.cz\/"},{"@type":"ListItem","position":2,"name":"Jak si vedli \u00fa\u010dastn\u00edci leto\u0161n\u00edch kr\u00e1tkodob\u00fdch st\u00e1\u017e\u00ed?"}]},{"@type":"WebSite","@id":"https:\/\/www.oadc.cz\/#website","url":"https:\/\/www.oadc.cz\/","name":"Evropsk\u00e1 obchodn\u00ed akademie","description":"st\u0159edn\u00ed odborn\u00e1 \u0161kola v D\u011b\u010d\u00edn\u011b","publisher":{"@id":"https:\/\/www.oadc.cz\/#organization"},"potentialAction":[{"@type":"SearchAction","target":{"@type":"EntryPoint","urlTemplate":"https:\/\/www.oadc.cz\/?s={search_term_string}"},"query-input":"required name=search_term_string"}],"inLanguage":"cs"},{"@type":"Organization","@id":"https:\/\/www.oadc.cz\/#organization","name":"Evropsk\u00e1 Obchodn\u00ed Akademie","url":"https:\/\/www.oadc.cz\/","logo":{"@type":"ImageObject","inLanguage":"cs","@id":"https:\/\/www.oadc.cz\/#\/schema\/logo\/image\/","url":"https:\/\/www.oadc.cz\/wp-content\/uploads\/2020\/12\/EOA-logo_upr.png","contentUrl":"https:\/\/www.oadc.cz\/wp-content\/uploads\/2020\/12\/EOA-logo_upr.png","width":850,"height":632,"caption":"Evropsk\u00e1 Obchodn\u00ed Akademie"},"image":{"@id":"https:\/\/www.oadc.cz\/#\/schema\/logo\/image\/"},"sameAs":["https:\/\/www.facebook.com\/eoadc","https:\/\/www.instagram.com\/eoa.dc\/"]},{"@type":"Person","@id":"https:\/\/www.oadc.cz\/#\/schema\/person\/114954177cdcfa49e728ffb3849ea18c","name":"Jan Horais","image":{"@type":"ImageObject","inLanguage":"cs","@id":"https:\/\/www.oadc.cz\/#\/schema\/person\/image\/","url":"https:\/\/secure.gravatar.com\/avatar\/9f747f57fda48eee4f40361de292e2b6?s=96&d=mm&r=g","contentUrl":"https:\/\/secure.gravatar.com\/avatar\/9f747f57fda48eee4f40361de292e2b6?s=96&d=mm&r=g","caption":"Jan Horais"},"url":"https:\/\/www.oadc.cz\/index.php\/author\/jhorais\/"}]}},"_links":{"self":[{"href":"https:\/\/www.oadc.cz\/index.php\/wp-json\/wp\/v2\/posts\/6415"}],"collection":[{"href":"https:\/\/www.oadc.cz\/index.php\/wp-json\/wp\/v2\/posts"}],"about":[{"href":"https:\/\/www.oadc.cz\/index.php\/wp-json\/wp\/v2\/types\/post"}],"author":[{"embeddable":true,"href":"https:\/\/www.oadc.cz\/index.php\/wp-json\/wp\/v2\/users\/2"}],"replies":[{"embeddable":true,"href":"https:\/\/www.oadc.cz\/index.php\/wp-json\/wp\/v2\/comments?post=6415"}],"version-history":[{"count":10,"href":"https:\/\/www.oadc.cz\/index.php\/wp-json\/wp\/v2\/posts\/6415\/revisions"}],"predecessor-version":[{"id":6425,"href":"https:\/\/www.oadc.cz\/index.php\/wp-json\/wp\/v2\/posts\/6415\/revisions\/6425"}],"wp:featuredmedia":[{"embeddable":true,"href":"https:\/\/www.oadc.cz\/index.php\/wp-json\/wp\/v2\/media\/6414"}],"wp:attachment":[{"href":"https:\/\/www.oadc.cz\/index.php\/wp-json\/wp\/v2\/media?parent=6415"}],"wp:term":[{"taxonomy":"category","embeddable":true,"href":"https:\/\/www.oadc.cz\/index.php\/wp-json\/wp\/v2\/categories?post=6415"},{"taxonomy":"post_tag","embeddable":true,"href":"https:\/\/www.oadc.cz\/index.php\/wp-json\/wp\/v2\/tags?post=6415"}],"curies":[{"name":"wp","href":"https:\/\/api.w.org\/{rel}","templated":true}]}}