{"id":6179,"date":"2023-04-23T14:24:50","date_gmt":"2023-04-23T13:24:50","guid":{"rendered":"https:\/\/www.oadc.cz\/?p=6179"},"modified":"2023-05-09T12:27:40","modified_gmt":"2023-05-09T11:27:40","slug":"nasi-studenti-a-leprechaun","status":"publish","type":"post","link":"https:\/\/www.oadc.cz\/index.php\/2023\/04\/23\/nasi-studenti-a-leprechaun\/","title":{"rendered":"Na\u0161i studenti a Leprechaun"},"content":{"rendered":"\t\t<div data-elementor-type=\"wp-post\" data-elementor-id=\"6179\" class=\"elementor elementor-6179\" data-elementor-post-type=\"post\">\n\t\t\t\t<div class=\"elementor-element elementor-element-6035e99 e-flex e-con-boxed e-con e-parent\" data-id=\"6035e99\" data-element_type=\"container\" data-settings=\"{&quot;content_width&quot;:&quot;boxed&quot;}\" data-core-v316-plus=\"true\">\n\t\t\t\t\t<div class=\"e-con-inner\">\n\t\t\t\t<div class=\"elementor-element elementor-element-1a4633c elementor-widget elementor-widget-text-editor\" data-id=\"1a4633c\" data-element_type=\"widget\" data-widget_type=\"text-editor.default\">\n\t\t\t\t<div class=\"elementor-widget-container\">\n\t\t\t<style>\/*! elementor - v3.19.0 - 26-02-2024 *\/\n.elementor-widget-text-editor.elementor-drop-cap-view-stacked .elementor-drop-cap{background-color:#69727d;color:#fff}.elementor-widget-text-editor.elementor-drop-cap-view-framed .elementor-drop-cap{color:#69727d;border:3px solid;background-color:transparent}.elementor-widget-text-editor:not(.elementor-drop-cap-view-default) .elementor-drop-cap{margin-top:8px}.elementor-widget-text-editor:not(.elementor-drop-cap-view-default) .elementor-drop-cap-letter{width:1em;height:1em}.elementor-widget-text-editor .elementor-drop-cap{float:left;text-align:center;line-height:1;font-size:50px}.elementor-widget-text-editor .elementor-drop-cap-letter{display:inline-block}<\/style>\t\t\t\t<div class=\"gmail_default\">Leprechaun je trpasl\u00edk, kter\u00fd se vyzna\u010duje sv\u00fdm od\u011bvem a kloboukem, a je \u010dasto spojov\u00e1n s p\u0159\u00edb\u011bhy o hled\u00e1n\u00ed poklad\u016f.<\/div><div class=\"gmail_default\">D\u00e1le je Leprechaun spojov\u00e1n s irsk\u00fdm \u0161t\u011bst\u00edm a m\u016f\u017ee tedy symbolizovat \u0161t\u011bst\u00ed a \u00fasp\u011bch. Na\u0161i studenti na pracovn\u00ed st\u00e1\u017ei v Dublinu byli velice \u00fasp\u011b\u0161n\u00ed. Ji\u017e po prvn\u00edm pracovn\u00edm dni, z\u00edskal jeden z nich &#8222;Leprechauna&#8220; za v\u00fdjime\u010dn\u00fd po\u010din. Pak byl Leprechaun dne ud\u011blov\u00e1n pravideln\u011b. Ale&#8230; oni byli skv\u011bl\u00ed v\u0161ichni, a tak ho tak\u00e9 nakonec v\u0161ichni dostali. A\u0165 jim nos\u00ed \u0161t\u011bst\u00ed i nad\u00e1le.<\/div><div><p dir=\"ltr\">D\u011bkujeme za tuto mo\u017enost <a href=\"https:\/\/www.dzs.cz\/\" target=\"_blank\" rel=\"noopener\" data-saferedirecturl=\"https:\/\/www.google.com\/url?q=https:\/\/www.dzs.cz\/&amp;source=gmail&amp;ust=1681929990601000&amp;usg=AOvVaw0XSm7zRhCSeb7-9d3ANoWe\">D\u016fm zahrani\u010dn\u00ed spolupr\u00e1ce<\/a> a <a href=\"https:\/\/www.facebook.com\/ADCCollegeDublin\/\" target=\"_blank\" rel=\"noopener\" data-saferedirecturl=\"https:\/\/www.google.com\/url?q=https:\/\/www.facebook.com\/ADCCollegeDublin\/&amp;source=gmail&amp;ust=1681929990601000&amp;usg=AOvVaw2i0F4TmOdw1U3AdrwYdaUX\">ADC College Dublin<\/a>\u00a0<\/p><p dir=\"ltr\">Tento projekt je financov\u00e1n z prost\u0159edk\u016f EU.<\/p><\/div>\t\t\t\t\t\t<\/div>\n\t\t\t\t<\/div>\n\t\t\t\t\t<\/div>\n\t\t\t\t<\/div>\n\t\t<div class=\"elementor-element elementor-element-d58fc9c e-flex e-con-boxed e-con e-parent\" data-id=\"d58fc9c\" data-element_type=\"container\" data-settings=\"{&quot;content_width&quot;:&quot;boxed&quot;}\" data-core-v316-plus=\"true\">\n\t\t\t\t\t<div class=\"e-con-inner\">\n\t\t\t\t<div class=\"elementor-element elementor-element-502a92c elementor-widget elementor-widget-html\" data-id=\"502a92c\" data-element_type=\"widget\" data-widget_type=\"html.default\">\n\t\t\t\t<div class=\"elementor-widget-container\">\n\t\t\t<iframe src=\"https:\/\/drive.google.com\/file\/d\/1mmTxGT0ghIUg680NSG--NJItTz53iIxZ\/preview\" width=\"640\" height=\"480\" allow=\"autoplay\"><\/iframe>\t\t<\/div>\n\t\t\t\t<\/div>\n\t\t\t\t\t<\/div>\n\t\t\t\t<\/div>\n\t\t\t\t<\/div>\n\t\t","protected":false},"excerpt":{"rendered":"<p>Leprechaun je trpasl\u00edk, kter\u00fd se vyzna\u010duje sv\u00fdm od\u011bvem a kloboukem, a je \u010dasto spojov\u00e1n s p\u0159\u00edb\u011bhy o hled\u00e1n\u00ed poklad\u016f.D\u00e1le je Leprechaun spojov\u00e1n s irsk\u00fdm \u0161t\u011bst\u00edm a m\u016f\u017ee tedy symbolizovat \u0161t\u011bst\u00ed a \u00fasp\u011bch. Na\u0161i studenti na pracovn\u00ed st\u00e1\u017ei v Dublinu byli velice \u00fasp\u011b\u0161n\u00ed. Ji\u017e po prvn\u00edm pracovn\u00edm dni, z\u00edskal jeden z nich &#8222;Leprechauna&#8220; za v\u00fdjime\u010dn\u00fd po\u010din. [&hellip;]<\/p>\n","protected":false},"author":2,"featured_media":6224,"comment_status":"closed","ping_status":"closed","sticky":false,"template":"","format":"standard","meta":{"footnotes":""},"categories":[17],"tags":[],"yoast_head":"<!-- This site is optimized with the Yoast SEO plugin v22.1 - https:\/\/yoast.com\/wordpress\/plugins\/seo\/ -->\n<title>Na\u0161i studenti a Leprechaun - Evropsk\u00e1 obchodn\u00ed akademie<\/title>\n<meta name=\"robots\" content=\"index, follow, max-snippet:-1, max-image-preview:large, max-video-preview:-1\" \/>\n<link rel=\"canonical\" href=\"https:\/\/www.oadc.cz\/index.php\/2023\/04\/23\/nasi-studenti-a-leprechaun\/\" \/>\n<meta property=\"og:locale\" content=\"cs_CZ\" \/>\n<meta property=\"og:type\" content=\"article\" \/>\n<meta property=\"og:title\" content=\"Na\u0161i studenti a Leprechaun - Evropsk\u00e1 obchodn\u00ed akademie\" \/>\n<meta property=\"og:description\" content=\"Leprechaun je trpasl\u00edk, kter\u00fd se vyzna\u010duje sv\u00fdm od\u011bvem a kloboukem, a je \u010dasto spojov\u00e1n s p\u0159\u00edb\u011bhy o hled\u00e1n\u00ed poklad\u016f.D\u00e1le je Leprechaun spojov\u00e1n s irsk\u00fdm \u0161t\u011bst\u00edm a m\u016f\u017ee tedy symbolizovat \u0161t\u011bst\u00ed a \u00fasp\u011bch. Na\u0161i studenti na pracovn\u00ed st\u00e1\u017ei v Dublinu byli velice \u00fasp\u011b\u0161n\u00ed. Ji\u017e po prvn\u00edm pracovn\u00edm dni, z\u00edskal jeden z nich &#8222;Leprechauna&#8220; za v\u00fdjime\u010dn\u00fd po\u010din. [&hellip;]\" \/>\n<meta property=\"og:url\" content=\"https:\/\/www.oadc.cz\/index.php\/2023\/04\/23\/nasi-studenti-a-leprechaun\/\" \/>\n<meta property=\"og:site_name\" content=\"Evropsk\u00e1 obchodn\u00ed akademie\" \/>\n<meta property=\"article:publisher\" content=\"https:\/\/www.facebook.com\/eoadc\" \/>\n<meta property=\"article:published_time\" content=\"2023-04-23T13:24:50+00:00\" \/>\n<meta property=\"article:modified_time\" content=\"2023-05-09T11:27:40+00:00\" \/>\n<meta property=\"og:image\" content=\"https:\/\/www.oadc.cz\/wp-content\/uploads\/2023\/04\/Leprechauna.jpg\" \/>\n\t<meta property=\"og:image:width\" content=\"1070\" \/>\n\t<meta property=\"og:image:height\" content=\"1066\" \/>\n\t<meta property=\"og:image:type\" content=\"image\/jpeg\" \/>\n<meta name=\"author\" content=\"Jan Horais\" \/>\n<meta name=\"twitter:card\" content=\"summary_large_image\" \/>\n<meta name=\"twitter:label1\" content=\"Napsal(a)\" \/>\n\t<meta name=\"twitter:data1\" content=\"Jan Horais\" \/>\n\t<meta name=\"twitter:label2\" content=\"Odhadovan\u00e1 doba \u010dten\u00ed\" \/>\n\t<meta name=\"twitter:data2\" content=\"1 minuta\" \/>\n<script type=\"application\/ld+json\" class=\"yoast-schema-graph\">{\"@context\":\"https:\/\/schema.org\",\"@graph\":[{\"@type\":\"Article\",\"@id\":\"https:\/\/www.oadc.cz\/index.php\/2023\/04\/23\/nasi-studenti-a-leprechaun\/#article\",\"isPartOf\":{\"@id\":\"https:\/\/www.oadc.cz\/index.php\/2023\/04\/23\/nasi-studenti-a-leprechaun\/\"},\"author\":{\"name\":\"Jan Horais\",\"@id\":\"https:\/\/www.oadc.cz\/#\/schema\/person\/114954177cdcfa49e728ffb3849ea18c\"},\"headline\":\"Na\u0161i studenti a Leprechaun\",\"datePublished\":\"2023-04-23T13:24:50+00:00\",\"dateModified\":\"2023-05-09T11:27:40+00:00\",\"mainEntityOfPage\":{\"@id\":\"https:\/\/www.oadc.cz\/index.php\/2023\/04\/23\/nasi-studenti-a-leprechaun\/\"},\"wordCount\":143,\"publisher\":{\"@id\":\"https:\/\/www.oadc.cz\/#organization\"},\"articleSection\":[\"Zahrani\u010dn\u00ed st\u00e1\u017ee\"],\"inLanguage\":\"cs\"},{\"@type\":\"WebPage\",\"@id\":\"https:\/\/www.oadc.cz\/index.php\/2023\/04\/23\/nasi-studenti-a-leprechaun\/\",\"url\":\"https:\/\/www.oadc.cz\/index.php\/2023\/04\/23\/nasi-studenti-a-leprechaun\/\",\"name\":\"Na\u0161i studenti a Leprechaun - Evropsk\u00e1 obchodn\u00ed akademie\",\"isPartOf\":{\"@id\":\"https:\/\/www.oadc.cz\/#website\"},\"datePublished\":\"2023-04-23T13:24:50+00:00\",\"dateModified\":\"2023-05-09T11:27:40+00:00\",\"breadcrumb\":{\"@id\":\"https:\/\/www.oadc.cz\/index.php\/2023\/04\/23\/nasi-studenti-a-leprechaun\/#breadcrumb\"},\"inLanguage\":\"cs\",\"potentialAction\":[{\"@type\":\"ReadAction\",\"target\":[\"https:\/\/www.oadc.cz\/index.php\/2023\/04\/23\/nasi-studenti-a-leprechaun\/\"]}]},{\"@type\":\"BreadcrumbList\",\"@id\":\"https:\/\/www.oadc.cz\/index.php\/2023\/04\/23\/nasi-studenti-a-leprechaun\/#breadcrumb\",\"itemListElement\":[{\"@type\":\"ListItem\",\"position\":1,\"name\":\"Dom\u016f\",\"item\":\"https:\/\/www.oadc.cz\/\"},{\"@type\":\"ListItem\",\"position\":2,\"name\":\"Na\u0161i studenti a Leprechaun\"}]},{\"@type\":\"WebSite\",\"@id\":\"https:\/\/www.oadc.cz\/#website\",\"url\":\"https:\/\/www.oadc.cz\/\",\"name\":\"Evropsk\u00e1 obchodn\u00ed akademie\",\"description\":\"st\u0159edn\u00ed odborn\u00e1 \u0161kola v D\u011b\u010d\u00edn\u011b\",\"publisher\":{\"@id\":\"https:\/\/www.oadc.cz\/#organization\"},\"potentialAction\":[{\"@type\":\"SearchAction\",\"target\":{\"@type\":\"EntryPoint\",\"urlTemplate\":\"https:\/\/www.oadc.cz\/?s={search_term_string}\"},\"query-input\":\"required name=search_term_string\"}],\"inLanguage\":\"cs\"},{\"@type\":\"Organization\",\"@id\":\"https:\/\/www.oadc.cz\/#organization\",\"name\":\"Evropsk\u00e1 Obchodn\u00ed Akademie\",\"url\":\"https:\/\/www.oadc.cz\/\",\"logo\":{\"@type\":\"ImageObject\",\"inLanguage\":\"cs\",\"@id\":\"https:\/\/www.oadc.cz\/#\/schema\/logo\/image\/\",\"url\":\"https:\/\/www.oadc.cz\/wp-content\/uploads\/2020\/12\/EOA-logo_upr.png\",\"contentUrl\":\"https:\/\/www.oadc.cz\/wp-content\/uploads\/2020\/12\/EOA-logo_upr.png\",\"width\":850,\"height\":632,\"caption\":\"Evropsk\u00e1 Obchodn\u00ed Akademie\"},\"image\":{\"@id\":\"https:\/\/www.oadc.cz\/#\/schema\/logo\/image\/\"},\"sameAs\":[\"https:\/\/www.facebook.com\/eoadc\",\"https:\/\/www.instagram.com\/eoa.dc\/\"]},{\"@type\":\"Person\",\"@id\":\"https:\/\/www.oadc.cz\/#\/schema\/person\/114954177cdcfa49e728ffb3849ea18c\",\"name\":\"Jan Horais\",\"image\":{\"@type\":\"ImageObject\",\"inLanguage\":\"cs\",\"@id\":\"https:\/\/www.oadc.cz\/#\/schema\/person\/image\/\",\"url\":\"https:\/\/secure.gravatar.com\/avatar\/9f747f57fda48eee4f40361de292e2b6?s=96&d=mm&r=g\",\"contentUrl\":\"https:\/\/secure.gravatar.com\/avatar\/9f747f57fda48eee4f40361de292e2b6?s=96&d=mm&r=g\",\"caption\":\"Jan Horais\"},\"url\":\"https:\/\/www.oadc.cz\/index.php\/author\/jhorais\/\"}]}<\/script>\n<!-- \/ Yoast SEO plugin. -->","yoast_head_json":{"title":"Na\u0161i studenti a Leprechaun - Evropsk\u00e1 obchodn\u00ed akademie","robots":{"index":"index","follow":"follow","max-snippet":"max-snippet:-1","max-image-preview":"max-image-preview:large","max-video-preview":"max-video-preview:-1"},"canonical":"https:\/\/www.oadc.cz\/index.php\/2023\/04\/23\/nasi-studenti-a-leprechaun\/","og_locale":"cs_CZ","og_type":"article","og_title":"Na\u0161i studenti a Leprechaun - Evropsk\u00e1 obchodn\u00ed akademie","og_description":"Leprechaun je trpasl\u00edk, kter\u00fd se vyzna\u010duje sv\u00fdm od\u011bvem a kloboukem, a je \u010dasto spojov\u00e1n s p\u0159\u00edb\u011bhy o hled\u00e1n\u00ed poklad\u016f.D\u00e1le je Leprechaun spojov\u00e1n s irsk\u00fdm \u0161t\u011bst\u00edm a m\u016f\u017ee tedy symbolizovat \u0161t\u011bst\u00ed a \u00fasp\u011bch. Na\u0161i studenti na pracovn\u00ed st\u00e1\u017ei v Dublinu byli velice \u00fasp\u011b\u0161n\u00ed. Ji\u017e po prvn\u00edm pracovn\u00edm dni, z\u00edskal jeden z nich &#8222;Leprechauna&#8220; za v\u00fdjime\u010dn\u00fd po\u010din. [&hellip;]","og_url":"https:\/\/www.oadc.cz\/index.php\/2023\/04\/23\/nasi-studenti-a-leprechaun\/","og_site_name":"Evropsk\u00e1 obchodn\u00ed akademie","article_publisher":"https:\/\/www.facebook.com\/eoadc","article_published_time":"2023-04-23T13:24:50+00:00","article_modified_time":"2023-05-09T11:27:40+00:00","og_image":[{"width":1070,"height":1066,"url":"https:\/\/www.oadc.cz\/wp-content\/uploads\/2023\/04\/Leprechauna.jpg","type":"image\/jpeg"}],"author":"Jan Horais","twitter_card":"summary_large_image","twitter_misc":{"Napsal(a)":"Jan Horais","Odhadovan\u00e1 doba \u010dten\u00ed":"1 minuta"},"schema":{"@context":"https:\/\/schema.org","@graph":[{"@type":"Article","@id":"https:\/\/www.oadc.cz\/index.php\/2023\/04\/23\/nasi-studenti-a-leprechaun\/#article","isPartOf":{"@id":"https:\/\/www.oadc.cz\/index.php\/2023\/04\/23\/nasi-studenti-a-leprechaun\/"},"author":{"name":"Jan Horais","@id":"https:\/\/www.oadc.cz\/#\/schema\/person\/114954177cdcfa49e728ffb3849ea18c"},"headline":"Na\u0161i studenti a Leprechaun","datePublished":"2023-04-23T13:24:50+00:00","dateModified":"2023-05-09T11:27:40+00:00","mainEntityOfPage":{"@id":"https:\/\/www.oadc.cz\/index.php\/2023\/04\/23\/nasi-studenti-a-leprechaun\/"},"wordCount":143,"publisher":{"@id":"https:\/\/www.oadc.cz\/#organization"},"articleSection":["Zahrani\u010dn\u00ed st\u00e1\u017ee"],"inLanguage":"cs"},{"@type":"WebPage","@id":"https:\/\/www.oadc.cz\/index.php\/2023\/04\/23\/nasi-studenti-a-leprechaun\/","url":"https:\/\/www.oadc.cz\/index.php\/2023\/04\/23\/nasi-studenti-a-leprechaun\/","name":"Na\u0161i studenti a Leprechaun - Evropsk\u00e1 obchodn\u00ed akademie","isPartOf":{"@id":"https:\/\/www.oadc.cz\/#website"},"datePublished":"2023-04-23T13:24:50+00:00","dateModified":"2023-05-09T11:27:40+00:00","breadcrumb":{"@id":"https:\/\/www.oadc.cz\/index.php\/2023\/04\/23\/nasi-studenti-a-leprechaun\/#breadcrumb"},"inLanguage":"cs","potentialAction":[{"@type":"ReadAction","target":["https:\/\/www.oadc.cz\/index.php\/2023\/04\/23\/nasi-studenti-a-leprechaun\/"]}]},{"@type":"BreadcrumbList","@id":"https:\/\/www.oadc.cz\/index.php\/2023\/04\/23\/nasi-studenti-a-leprechaun\/#breadcrumb","itemListElement":[{"@type":"ListItem","position":1,"name":"Dom\u016f","item":"https:\/\/www.oadc.cz\/"},{"@type":"ListItem","position":2,"name":"Na\u0161i studenti a Leprechaun"}]},{"@type":"WebSite","@id":"https:\/\/www.oadc.cz\/#website","url":"https:\/\/www.oadc.cz\/","name":"Evropsk\u00e1 obchodn\u00ed akademie","description":"st\u0159edn\u00ed odborn\u00e1 \u0161kola v D\u011b\u010d\u00edn\u011b","publisher":{"@id":"https:\/\/www.oadc.cz\/#organization"},"potentialAction":[{"@type":"SearchAction","target":{"@type":"EntryPoint","urlTemplate":"https:\/\/www.oadc.cz\/?s={search_term_string}"},"query-input":"required name=search_term_string"}],"inLanguage":"cs"},{"@type":"Organization","@id":"https:\/\/www.oadc.cz\/#organization","name":"Evropsk\u00e1 Obchodn\u00ed Akademie","url":"https:\/\/www.oadc.cz\/","logo":{"@type":"ImageObject","inLanguage":"cs","@id":"https:\/\/www.oadc.cz\/#\/schema\/logo\/image\/","url":"https:\/\/www.oadc.cz\/wp-content\/uploads\/2020\/12\/EOA-logo_upr.png","contentUrl":"https:\/\/www.oadc.cz\/wp-content\/uploads\/2020\/12\/EOA-logo_upr.png","width":850,"height":632,"caption":"Evropsk\u00e1 Obchodn\u00ed Akademie"},"image":{"@id":"https:\/\/www.oadc.cz\/#\/schema\/logo\/image\/"},"sameAs":["https:\/\/www.facebook.com\/eoadc","https:\/\/www.instagram.com\/eoa.dc\/"]},{"@type":"Person","@id":"https:\/\/www.oadc.cz\/#\/schema\/person\/114954177cdcfa49e728ffb3849ea18c","name":"Jan Horais","image":{"@type":"ImageObject","inLanguage":"cs","@id":"https:\/\/www.oadc.cz\/#\/schema\/person\/image\/","url":"https:\/\/secure.gravatar.com\/avatar\/9f747f57fda48eee4f40361de292e2b6?s=96&d=mm&r=g","contentUrl":"https:\/\/secure.gravatar.com\/avatar\/9f747f57fda48eee4f40361de292e2b6?s=96&d=mm&r=g","caption":"Jan Horais"},"url":"https:\/\/www.oadc.cz\/index.php\/author\/jhorais\/"}]}},"_links":{"self":[{"href":"https:\/\/www.oadc.cz\/index.php\/wp-json\/wp\/v2\/posts\/6179"}],"collection":[{"href":"https:\/\/www.oadc.cz\/index.php\/wp-json\/wp\/v2\/posts"}],"about":[{"href":"https:\/\/www.oadc.cz\/index.php\/wp-json\/wp\/v2\/types\/post"}],"author":[{"embeddable":true,"href":"https:\/\/www.oadc.cz\/index.php\/wp-json\/wp\/v2\/users\/2"}],"replies":[{"embeddable":true,"href":"https:\/\/www.oadc.cz\/index.php\/wp-json\/wp\/v2\/comments?post=6179"}],"version-history":[{"count":9,"href":"https:\/\/www.oadc.cz\/index.php\/wp-json\/wp\/v2\/posts\/6179\/revisions"}],"predecessor-version":[{"id":6427,"href":"https:\/\/www.oadc.cz\/index.php\/wp-json\/wp\/v2\/posts\/6179\/revisions\/6427"}],"wp:featuredmedia":[{"embeddable":true,"href":"https:\/\/www.oadc.cz\/index.php\/wp-json\/wp\/v2\/media\/6224"}],"wp:attachment":[{"href":"https:\/\/www.oadc.cz\/index.php\/wp-json\/wp\/v2\/media?parent=6179"}],"wp:term":[{"taxonomy":"category","embeddable":true,"href":"https:\/\/www.oadc.cz\/index.php\/wp-json\/wp\/v2\/categories?post=6179"},{"taxonomy":"post_tag","embeddable":true,"href":"https:\/\/www.oadc.cz\/index.php\/wp-json\/wp\/v2\/tags?post=6179"}],"curies":[{"name":"wp","href":"https:\/\/api.w.org\/{rel}","templated":true}]}}