{"id":4098,"date":"2022-06-29T07:28:22","date_gmt":"2022-06-29T06:28:22","guid":{"rendered":"https:\/\/www.oadc.cz\/?p=4098"},"modified":"2022-06-29T07:33:22","modified_gmt":"2022-06-29T06:33:22","slug":"skolni-kola-md-dal-v-ucetnictvi-pro-2-a-3-rocnik","status":"publish","type":"post","link":"https:\/\/www.oadc.cz\/index.php\/2022\/06\/29\/skolni-kola-md-dal-v-ucetnictvi-pro-2-a-3-rocnik\/","title":{"rendered":"\u0160koln\u00ed kola MD Dal v\u00a0\u00fa\u010detnictv\u00ed pro 2. a 3. ro\u010dn\u00edk"},"content":{"rendered":"\t\t<div data-elementor-type=\"wp-post\" data-elementor-id=\"4098\" class=\"elementor elementor-4098\" data-elementor-post-type=\"post\">\n\t\t\t\t\t\t<section class=\"elementor-section elementor-top-section elementor-element elementor-element-55f2624 elementor-section-boxed elementor-section-height-default elementor-section-height-default\" data-id=\"55f2624\" data-element_type=\"section\">\n\t\t\t\t\t\t<div class=\"elementor-container elementor-column-gap-default\">\n\t\t\t\t\t<div class=\"elementor-column elementor-col-100 elementor-top-column elementor-element elementor-element-61eee11\" data-id=\"61eee11\" data-element_type=\"column\">\n\t\t\t<div class=\"elementor-widget-wrap elementor-element-populated\">\n\t\t\t\t\t\t<div class=\"elementor-element elementor-element-4a20c0f elementor-widget elementor-widget-text-editor\" data-id=\"4a20c0f\" data-element_type=\"widget\" data-widget_type=\"text-editor.default\">\n\t\t\t\t<div class=\"elementor-widget-container\">\n\t\t\t<style>\/*! elementor - v3.19.0 - 26-02-2024 *\/\n.elementor-widget-text-editor.elementor-drop-cap-view-stacked .elementor-drop-cap{background-color:#69727d;color:#fff}.elementor-widget-text-editor.elementor-drop-cap-view-framed .elementor-drop-cap{color:#69727d;border:3px solid;background-color:transparent}.elementor-widget-text-editor:not(.elementor-drop-cap-view-default) .elementor-drop-cap{margin-top:8px}.elementor-widget-text-editor:not(.elementor-drop-cap-view-default) .elementor-drop-cap-letter{width:1em;height:1em}.elementor-widget-text-editor .elementor-drop-cap{float:left;text-align:center;line-height:1;font-size:50px}.elementor-widget-text-editor .elementor-drop-cap-letter{display:inline-block}<\/style>\t\t\t\t<p>V\u00a0\u00fater\u00fd 21. \u010dervna 2022 se na EOA v\u00a0D\u011b\u010d\u00edn\u011b konala \u0161koln\u00ed kola sout\u011b\u017ee MD Dal pro 2. a 3. ro\u010dn\u00edk. Celkem se z\u00fa\u010dastnilo dev\u011bt \u017e\u00e1k\u016f z\u00a02 ro\u010dn\u00edk\u016f a deset ze 3. ro\u010dn\u00edk\u016f. V\u0161ichni absolvovali Testy \u00fa\u010detn\u00edch znalost\u00ed.<\/p><p>A kdo jsou tedy ti nejlep\u0161\u00ed?<\/p><p><u>2. ro\u010dn\u00edk:<\/u><\/p><ol><li>m\u00edsto \u2013 Valent\u00fdna Poulov\u00e1 2. A<\/li><li>m\u00edsto \u2013 Luk\u00e1\u0161 G\u00f6rner 2. E<\/li><li>m\u00edsto \u2013 Eli\u0161ka Slav\u00edkov\u00e1 2. A<\/li><\/ol><p><u>3. ro\u010dn\u00edk:<\/u><\/p><ol><li>m\u00edsto \u2013 Petr Kandler 3. A<\/li><li>m\u00edsto \u2013 Martin Albrecht 3. A<\/li><li>m\u00edsto \u2013 Michaela Kopeck\u00e1 3. E<\/li><\/ol><p>\u00a0<\/p><p>V\u0161em gratulujeme<\/p>\t\t\t\t\t\t<\/div>\n\t\t\t\t<\/div>\n\t\t\t\t\t<\/div>\n\t\t<\/div>\n\t\t\t\t\t<\/div>\n\t\t<\/section>\n\t\t\t\t<section class=\"elementor-section elementor-top-section elementor-element elementor-element-0a1d14f elementor-section-boxed elementor-section-height-default elementor-section-height-default\" data-id=\"0a1d14f\" data-element_type=\"section\">\n\t\t\t\t\t\t<div class=\"elementor-container elementor-column-gap-default\">\n\t\t\t\t\t<div class=\"elementor-column elementor-col-100 elementor-top-column elementor-element elementor-element-8e169d0\" data-id=\"8e169d0\" data-element_type=\"column\">\n\t\t\t<div class=\"elementor-widget-wrap elementor-element-populated\">\n\t\t\t\t\t\t<div class=\"elementor-element elementor-element-2c05e95 elementor-widget elementor-widget-image\" data-id=\"2c05e95\" data-element_type=\"widget\" data-widget_type=\"image.default\">\n\t\t\t\t<div class=\"elementor-widget-container\">\n\t\t\t<style>\/*! elementor - v3.19.0 - 26-02-2024 *\/\n.elementor-widget-image{text-align:center}.elementor-widget-image a{display:inline-block}.elementor-widget-image a img[src$=\".svg\"]{width:48px}.elementor-widget-image img{vertical-align:middle;display:inline-block}<\/style>\t\t\t\t\t\t\t\t\t\t<img fetchpriority=\"high\" decoding=\"async\" width=\"1024\" height=\"768\" src=\"https:\/\/www.oadc.cz\/wp-content\/uploads\/2022\/06\/20220627-MD-D-Vitezove.jpg\" class=\"attachment-large size-large wp-image-4097\" alt=\"\" srcset=\"https:\/\/www.oadc.cz\/wp-content\/uploads\/2022\/06\/20220627-MD-D-Vitezove.jpg 1024w, https:\/\/www.oadc.cz\/wp-content\/uploads\/2022\/06\/20220627-MD-D-Vitezove-300x225.jpg 300w, https:\/\/www.oadc.cz\/wp-content\/uploads\/2022\/06\/20220627-MD-D-Vitezove-768x576.jpg 768w\" sizes=\"(max-width: 1024px) 100vw, 1024px\" \/>\t\t\t\t\t\t\t\t\t\t\t\t\t<\/div>\n\t\t\t\t<\/div>\n\t\t\t\t\t<\/div>\n\t\t<\/div>\n\t\t\t\t\t<\/div>\n\t\t<\/section>\n\t\t\t\t<\/div>\n\t\t","protected":false},"excerpt":{"rendered":"<p>V&nbsp;\u00fater\u00fd 21. \u010dervna 2022 se na EOA v&nbsp;D\u011b\u010d\u00edn\u011b konala \u0161koln\u00ed kola sout\u011b\u017ee MD Dal pro 2. a 3. ro\u010dn\u00edk. Celkem se z\u00fa\u010dastnilo dev\u011bt \u017e\u00e1k\u016f z&nbsp;2 ro\u010dn\u00edk\u016f a deset ze 3. ro\u010dn\u00edk\u016f. V\u0161ichni absolvovali Testy \u00fa\u010detn\u00edch znalost\u00ed. A kdo jsou tedy ti nejlep\u0161\u00ed? 2. ro\u010dn\u00edk: m\u00edsto \u2013 Valent\u00fdna Poulov\u00e1 2. A m\u00edsto \u2013 Luk\u00e1\u0161 G\u00f6rner 2. [&hellip;]<\/p>\n","protected":false},"author":2,"featured_media":4097,"comment_status":"closed","ping_status":"closed","sticky":false,"template":"","format":"standard","meta":{"footnotes":""},"categories":[13],"tags":[],"yoast_head":"<!-- This site is optimized with the Yoast SEO plugin v22.1 - https:\/\/yoast.com\/wordpress\/plugins\/seo\/ -->\n<title>\u0160koln\u00ed kola MD Dal v\u00a0\u00fa\u010detnictv\u00ed pro 2. a 3. ro\u010dn\u00edk - Evropsk\u00e1 obchodn\u00ed akademie<\/title>\n<meta name=\"robots\" content=\"index, follow, max-snippet:-1, max-image-preview:large, max-video-preview:-1\" \/>\n<link rel=\"canonical\" href=\"https:\/\/www.oadc.cz\/index.php\/2022\/06\/29\/skolni-kola-md-dal-v-ucetnictvi-pro-2-a-3-rocnik\/\" \/>\n<meta property=\"og:locale\" content=\"cs_CZ\" \/>\n<meta property=\"og:type\" content=\"article\" \/>\n<meta property=\"og:title\" content=\"\u0160koln\u00ed kola MD Dal v\u00a0\u00fa\u010detnictv\u00ed pro 2. a 3. ro\u010dn\u00edk - Evropsk\u00e1 obchodn\u00ed akademie\" \/>\n<meta property=\"og:description\" content=\"V&nbsp;\u00fater\u00fd 21. \u010dervna 2022 se na EOA v&nbsp;D\u011b\u010d\u00edn\u011b konala \u0161koln\u00ed kola sout\u011b\u017ee MD Dal pro 2. a 3. ro\u010dn\u00edk. Celkem se z\u00fa\u010dastnilo dev\u011bt \u017e\u00e1k\u016f z&nbsp;2 ro\u010dn\u00edk\u016f a deset ze 3. ro\u010dn\u00edk\u016f. V\u0161ichni absolvovali Testy \u00fa\u010detn\u00edch znalost\u00ed. A kdo jsou tedy ti nejlep\u0161\u00ed? 2. ro\u010dn\u00edk: m\u00edsto \u2013 Valent\u00fdna Poulov\u00e1 2. A m\u00edsto \u2013 Luk\u00e1\u0161 G\u00f6rner 2. [&hellip;]\" \/>\n<meta property=\"og:url\" content=\"https:\/\/www.oadc.cz\/index.php\/2022\/06\/29\/skolni-kola-md-dal-v-ucetnictvi-pro-2-a-3-rocnik\/\" \/>\n<meta property=\"og:site_name\" content=\"Evropsk\u00e1 obchodn\u00ed akademie\" \/>\n<meta property=\"article:publisher\" content=\"https:\/\/www.facebook.com\/eoadc\" \/>\n<meta property=\"article:published_time\" content=\"2022-06-29T06:28:22+00:00\" \/>\n<meta property=\"article:modified_time\" content=\"2022-06-29T06:33:22+00:00\" \/>\n<meta property=\"og:image\" content=\"https:\/\/www.oadc.cz\/wp-content\/uploads\/2022\/06\/20220627-MD-D-Vitezove.jpg\" \/>\n\t<meta property=\"og:image:width\" content=\"1024\" \/>\n\t<meta property=\"og:image:height\" content=\"768\" \/>\n\t<meta property=\"og:image:type\" content=\"image\/jpeg\" \/>\n<meta name=\"author\" content=\"Jan Horais\" \/>\n<meta name=\"twitter:card\" content=\"summary_large_image\" \/>\n<meta name=\"twitter:label1\" content=\"Napsal(a)\" \/>\n\t<meta name=\"twitter:data1\" content=\"Jan Horais\" \/>\n\t<meta name=\"twitter:label2\" content=\"Odhadovan\u00e1 doba \u010dten\u00ed\" \/>\n\t<meta name=\"twitter:data2\" content=\"1 minuta\" \/>\n<script type=\"application\/ld+json\" class=\"yoast-schema-graph\">{\"@context\":\"https:\/\/schema.org\",\"@graph\":[{\"@type\":\"Article\",\"@id\":\"https:\/\/www.oadc.cz\/index.php\/2022\/06\/29\/skolni-kola-md-dal-v-ucetnictvi-pro-2-a-3-rocnik\/#article\",\"isPartOf\":{\"@id\":\"https:\/\/www.oadc.cz\/index.php\/2022\/06\/29\/skolni-kola-md-dal-v-ucetnictvi-pro-2-a-3-rocnik\/\"},\"author\":{\"name\":\"Jan Horais\",\"@id\":\"https:\/\/www.oadc.cz\/#\/schema\/person\/114954177cdcfa49e728ffb3849ea18c\"},\"headline\":\"\u0160koln\u00ed kola MD Dal v\u00a0\u00fa\u010detnictv\u00ed pro 2. a 3. ro\u010dn\u00edk\",\"datePublished\":\"2022-06-29T06:28:22+00:00\",\"dateModified\":\"2022-06-29T06:33:22+00:00\",\"mainEntityOfPage\":{\"@id\":\"https:\/\/www.oadc.cz\/index.php\/2022\/06\/29\/skolni-kola-md-dal-v-ucetnictvi-pro-2-a-3-rocnik\/\"},\"wordCount\":108,\"publisher\":{\"@id\":\"https:\/\/www.oadc.cz\/#organization\"},\"articleSection\":[\"sout\u011b\u017ee a olympi\u00e1dy\"],\"inLanguage\":\"cs\"},{\"@type\":\"WebPage\",\"@id\":\"https:\/\/www.oadc.cz\/index.php\/2022\/06\/29\/skolni-kola-md-dal-v-ucetnictvi-pro-2-a-3-rocnik\/\",\"url\":\"https:\/\/www.oadc.cz\/index.php\/2022\/06\/29\/skolni-kola-md-dal-v-ucetnictvi-pro-2-a-3-rocnik\/\",\"name\":\"\u0160koln\u00ed kola MD Dal v\u00a0\u00fa\u010detnictv\u00ed pro 2. a 3. ro\u010dn\u00edk - Evropsk\u00e1 obchodn\u00ed akademie\",\"isPartOf\":{\"@id\":\"https:\/\/www.oadc.cz\/#website\"},\"datePublished\":\"2022-06-29T06:28:22+00:00\",\"dateModified\":\"2022-06-29T06:33:22+00:00\",\"breadcrumb\":{\"@id\":\"https:\/\/www.oadc.cz\/index.php\/2022\/06\/29\/skolni-kola-md-dal-v-ucetnictvi-pro-2-a-3-rocnik\/#breadcrumb\"},\"inLanguage\":\"cs\",\"potentialAction\":[{\"@type\":\"ReadAction\",\"target\":[\"https:\/\/www.oadc.cz\/index.php\/2022\/06\/29\/skolni-kola-md-dal-v-ucetnictvi-pro-2-a-3-rocnik\/\"]}]},{\"@type\":\"BreadcrumbList\",\"@id\":\"https:\/\/www.oadc.cz\/index.php\/2022\/06\/29\/skolni-kola-md-dal-v-ucetnictvi-pro-2-a-3-rocnik\/#breadcrumb\",\"itemListElement\":[{\"@type\":\"ListItem\",\"position\":1,\"name\":\"Dom\u016f\",\"item\":\"https:\/\/www.oadc.cz\/\"},{\"@type\":\"ListItem\",\"position\":2,\"name\":\"\u0160koln\u00ed kola MD Dal v\u00a0\u00fa\u010detnictv\u00ed pro 2. a 3. ro\u010dn\u00edk\"}]},{\"@type\":\"WebSite\",\"@id\":\"https:\/\/www.oadc.cz\/#website\",\"url\":\"https:\/\/www.oadc.cz\/\",\"name\":\"Evropsk\u00e1 obchodn\u00ed akademie\",\"description\":\"st\u0159edn\u00ed odborn\u00e1 \u0161kola v D\u011b\u010d\u00edn\u011b\",\"publisher\":{\"@id\":\"https:\/\/www.oadc.cz\/#organization\"},\"potentialAction\":[{\"@type\":\"SearchAction\",\"target\":{\"@type\":\"EntryPoint\",\"urlTemplate\":\"https:\/\/www.oadc.cz\/?s={search_term_string}\"},\"query-input\":\"required name=search_term_string\"}],\"inLanguage\":\"cs\"},{\"@type\":\"Organization\",\"@id\":\"https:\/\/www.oadc.cz\/#organization\",\"name\":\"Evropsk\u00e1 Obchodn\u00ed Akademie\",\"url\":\"https:\/\/www.oadc.cz\/\",\"logo\":{\"@type\":\"ImageObject\",\"inLanguage\":\"cs\",\"@id\":\"https:\/\/www.oadc.cz\/#\/schema\/logo\/image\/\",\"url\":\"https:\/\/www.oadc.cz\/wp-content\/uploads\/2020\/12\/EOA-logo_upr.png\",\"contentUrl\":\"https:\/\/www.oadc.cz\/wp-content\/uploads\/2020\/12\/EOA-logo_upr.png\",\"width\":850,\"height\":632,\"caption\":\"Evropsk\u00e1 Obchodn\u00ed Akademie\"},\"image\":{\"@id\":\"https:\/\/www.oadc.cz\/#\/schema\/logo\/image\/\"},\"sameAs\":[\"https:\/\/www.facebook.com\/eoadc\",\"https:\/\/www.instagram.com\/eoa.dc\/\"]},{\"@type\":\"Person\",\"@id\":\"https:\/\/www.oadc.cz\/#\/schema\/person\/114954177cdcfa49e728ffb3849ea18c\",\"name\":\"Jan Horais\",\"image\":{\"@type\":\"ImageObject\",\"inLanguage\":\"cs\",\"@id\":\"https:\/\/www.oadc.cz\/#\/schema\/person\/image\/\",\"url\":\"https:\/\/secure.gravatar.com\/avatar\/9f747f57fda48eee4f40361de292e2b6?s=96&d=mm&r=g\",\"contentUrl\":\"https:\/\/secure.gravatar.com\/avatar\/9f747f57fda48eee4f40361de292e2b6?s=96&d=mm&r=g\",\"caption\":\"Jan Horais\"},\"url\":\"https:\/\/www.oadc.cz\/index.php\/author\/jhorais\/\"}]}<\/script>\n<!-- \/ Yoast SEO plugin. -->","yoast_head_json":{"title":"\u0160koln\u00ed kola MD Dal v\u00a0\u00fa\u010detnictv\u00ed pro 2. a 3. ro\u010dn\u00edk - Evropsk\u00e1 obchodn\u00ed akademie","robots":{"index":"index","follow":"follow","max-snippet":"max-snippet:-1","max-image-preview":"max-image-preview:large","max-video-preview":"max-video-preview:-1"},"canonical":"https:\/\/www.oadc.cz\/index.php\/2022\/06\/29\/skolni-kola-md-dal-v-ucetnictvi-pro-2-a-3-rocnik\/","og_locale":"cs_CZ","og_type":"article","og_title":"\u0160koln\u00ed kola MD Dal v\u00a0\u00fa\u010detnictv\u00ed pro 2. a 3. ro\u010dn\u00edk - Evropsk\u00e1 obchodn\u00ed akademie","og_description":"V&nbsp;\u00fater\u00fd 21. \u010dervna 2022 se na EOA v&nbsp;D\u011b\u010d\u00edn\u011b konala \u0161koln\u00ed kola sout\u011b\u017ee MD Dal pro 2. a 3. ro\u010dn\u00edk. Celkem se z\u00fa\u010dastnilo dev\u011bt \u017e\u00e1k\u016f z&nbsp;2 ro\u010dn\u00edk\u016f a deset ze 3. ro\u010dn\u00edk\u016f. V\u0161ichni absolvovali Testy \u00fa\u010detn\u00edch znalost\u00ed. A kdo jsou tedy ti nejlep\u0161\u00ed? 2. ro\u010dn\u00edk: m\u00edsto \u2013 Valent\u00fdna Poulov\u00e1 2. A m\u00edsto \u2013 Luk\u00e1\u0161 G\u00f6rner 2. [&hellip;]","og_url":"https:\/\/www.oadc.cz\/index.php\/2022\/06\/29\/skolni-kola-md-dal-v-ucetnictvi-pro-2-a-3-rocnik\/","og_site_name":"Evropsk\u00e1 obchodn\u00ed akademie","article_publisher":"https:\/\/www.facebook.com\/eoadc","article_published_time":"2022-06-29T06:28:22+00:00","article_modified_time":"2022-06-29T06:33:22+00:00","og_image":[{"width":1024,"height":768,"url":"https:\/\/www.oadc.cz\/wp-content\/uploads\/2022\/06\/20220627-MD-D-Vitezove.jpg","type":"image\/jpeg"}],"author":"Jan Horais","twitter_card":"summary_large_image","twitter_misc":{"Napsal(a)":"Jan Horais","Odhadovan\u00e1 doba \u010dten\u00ed":"1 minuta"},"schema":{"@context":"https:\/\/schema.org","@graph":[{"@type":"Article","@id":"https:\/\/www.oadc.cz\/index.php\/2022\/06\/29\/skolni-kola-md-dal-v-ucetnictvi-pro-2-a-3-rocnik\/#article","isPartOf":{"@id":"https:\/\/www.oadc.cz\/index.php\/2022\/06\/29\/skolni-kola-md-dal-v-ucetnictvi-pro-2-a-3-rocnik\/"},"author":{"name":"Jan Horais","@id":"https:\/\/www.oadc.cz\/#\/schema\/person\/114954177cdcfa49e728ffb3849ea18c"},"headline":"\u0160koln\u00ed kola MD Dal v\u00a0\u00fa\u010detnictv\u00ed pro 2. a 3. ro\u010dn\u00edk","datePublished":"2022-06-29T06:28:22+00:00","dateModified":"2022-06-29T06:33:22+00:00","mainEntityOfPage":{"@id":"https:\/\/www.oadc.cz\/index.php\/2022\/06\/29\/skolni-kola-md-dal-v-ucetnictvi-pro-2-a-3-rocnik\/"},"wordCount":108,"publisher":{"@id":"https:\/\/www.oadc.cz\/#organization"},"articleSection":["sout\u011b\u017ee a olympi\u00e1dy"],"inLanguage":"cs"},{"@type":"WebPage","@id":"https:\/\/www.oadc.cz\/index.php\/2022\/06\/29\/skolni-kola-md-dal-v-ucetnictvi-pro-2-a-3-rocnik\/","url":"https:\/\/www.oadc.cz\/index.php\/2022\/06\/29\/skolni-kola-md-dal-v-ucetnictvi-pro-2-a-3-rocnik\/","name":"\u0160koln\u00ed kola MD Dal v\u00a0\u00fa\u010detnictv\u00ed pro 2. a 3. ro\u010dn\u00edk - Evropsk\u00e1 obchodn\u00ed akademie","isPartOf":{"@id":"https:\/\/www.oadc.cz\/#website"},"datePublished":"2022-06-29T06:28:22+00:00","dateModified":"2022-06-29T06:33:22+00:00","breadcrumb":{"@id":"https:\/\/www.oadc.cz\/index.php\/2022\/06\/29\/skolni-kola-md-dal-v-ucetnictvi-pro-2-a-3-rocnik\/#breadcrumb"},"inLanguage":"cs","potentialAction":[{"@type":"ReadAction","target":["https:\/\/www.oadc.cz\/index.php\/2022\/06\/29\/skolni-kola-md-dal-v-ucetnictvi-pro-2-a-3-rocnik\/"]}]},{"@type":"BreadcrumbList","@id":"https:\/\/www.oadc.cz\/index.php\/2022\/06\/29\/skolni-kola-md-dal-v-ucetnictvi-pro-2-a-3-rocnik\/#breadcrumb","itemListElement":[{"@type":"ListItem","position":1,"name":"Dom\u016f","item":"https:\/\/www.oadc.cz\/"},{"@type":"ListItem","position":2,"name":"\u0160koln\u00ed kola MD Dal v\u00a0\u00fa\u010detnictv\u00ed pro 2. a 3. ro\u010dn\u00edk"}]},{"@type":"WebSite","@id":"https:\/\/www.oadc.cz\/#website","url":"https:\/\/www.oadc.cz\/","name":"Evropsk\u00e1 obchodn\u00ed akademie","description":"st\u0159edn\u00ed odborn\u00e1 \u0161kola v D\u011b\u010d\u00edn\u011b","publisher":{"@id":"https:\/\/www.oadc.cz\/#organization"},"potentialAction":[{"@type":"SearchAction","target":{"@type":"EntryPoint","urlTemplate":"https:\/\/www.oadc.cz\/?s={search_term_string}"},"query-input":"required name=search_term_string"}],"inLanguage":"cs"},{"@type":"Organization","@id":"https:\/\/www.oadc.cz\/#organization","name":"Evropsk\u00e1 Obchodn\u00ed Akademie","url":"https:\/\/www.oadc.cz\/","logo":{"@type":"ImageObject","inLanguage":"cs","@id":"https:\/\/www.oadc.cz\/#\/schema\/logo\/image\/","url":"https:\/\/www.oadc.cz\/wp-content\/uploads\/2020\/12\/EOA-logo_upr.png","contentUrl":"https:\/\/www.oadc.cz\/wp-content\/uploads\/2020\/12\/EOA-logo_upr.png","width":850,"height":632,"caption":"Evropsk\u00e1 Obchodn\u00ed Akademie"},"image":{"@id":"https:\/\/www.oadc.cz\/#\/schema\/logo\/image\/"},"sameAs":["https:\/\/www.facebook.com\/eoadc","https:\/\/www.instagram.com\/eoa.dc\/"]},{"@type":"Person","@id":"https:\/\/www.oadc.cz\/#\/schema\/person\/114954177cdcfa49e728ffb3849ea18c","name":"Jan Horais","image":{"@type":"ImageObject","inLanguage":"cs","@id":"https:\/\/www.oadc.cz\/#\/schema\/person\/image\/","url":"https:\/\/secure.gravatar.com\/avatar\/9f747f57fda48eee4f40361de292e2b6?s=96&d=mm&r=g","contentUrl":"https:\/\/secure.gravatar.com\/avatar\/9f747f57fda48eee4f40361de292e2b6?s=96&d=mm&r=g","caption":"Jan Horais"},"url":"https:\/\/www.oadc.cz\/index.php\/author\/jhorais\/"}]}},"_links":{"self":[{"href":"https:\/\/www.oadc.cz\/index.php\/wp-json\/wp\/v2\/posts\/4098"}],"collection":[{"href":"https:\/\/www.oadc.cz\/index.php\/wp-json\/wp\/v2\/posts"}],"about":[{"href":"https:\/\/www.oadc.cz\/index.php\/wp-json\/wp\/v2\/types\/post"}],"author":[{"embeddable":true,"href":"https:\/\/www.oadc.cz\/index.php\/wp-json\/wp\/v2\/users\/2"}],"replies":[{"embeddable":true,"href":"https:\/\/www.oadc.cz\/index.php\/wp-json\/wp\/v2\/comments?post=4098"}],"version-history":[{"count":8,"href":"https:\/\/www.oadc.cz\/index.php\/wp-json\/wp\/v2\/posts\/4098\/revisions"}],"predecessor-version":[{"id":4106,"href":"https:\/\/www.oadc.cz\/index.php\/wp-json\/wp\/v2\/posts\/4098\/revisions\/4106"}],"wp:featuredmedia":[{"embeddable":true,"href":"https:\/\/www.oadc.cz\/index.php\/wp-json\/wp\/v2\/media\/4097"}],"wp:attachment":[{"href":"https:\/\/www.oadc.cz\/index.php\/wp-json\/wp\/v2\/media?parent=4098"}],"wp:term":[{"taxonomy":"category","embeddable":true,"href":"https:\/\/www.oadc.cz\/index.php\/wp-json\/wp\/v2\/categories?post=4098"},{"taxonomy":"post_tag","embeddable":true,"href":"https:\/\/www.oadc.cz\/index.php\/wp-json\/wp\/v2\/tags?post=4098"}],"curies":[{"name":"wp","href":"https:\/\/api.w.org\/{rel}","templated":true}]}}