{"id":3444,"date":"2021-12-15T15:31:46","date_gmt":"2021-12-15T14:31:46","guid":{"rendered":"https:\/\/www.oadc.cz\/?p=3444"},"modified":"2021-12-15T15:33:03","modified_gmt":"2021-12-15T14:33:03","slug":"ekonomicka-olympiada-skolni-kolo","status":"publish","type":"post","link":"https:\/\/www.oadc.cz\/index.php\/2021\/12\/15\/ekonomicka-olympiada-skolni-kolo\/","title":{"rendered":"Ekonomick\u00e1 olympi\u00e1da &#8211; \u0161koln\u00ed kolo"},"content":{"rendered":"\t\t<div data-elementor-type=\"wp-post\" data-elementor-id=\"3444\" class=\"elementor elementor-3444\" data-elementor-post-type=\"post\">\n\t\t\t\t\t\t<section class=\"elementor-section elementor-top-section elementor-element elementor-element-0e19a59 elementor-section-boxed elementor-section-height-default elementor-section-height-default\" data-id=\"0e19a59\" data-element_type=\"section\">\n\t\t\t\t\t\t<div class=\"elementor-container elementor-column-gap-default\">\n\t\t\t\t\t<div class=\"elementor-column elementor-col-100 elementor-top-column elementor-element elementor-element-cc21324\" data-id=\"cc21324\" data-element_type=\"column\">\n\t\t\t<div class=\"elementor-widget-wrap elementor-element-populated\">\n\t\t\t\t\t\t<div class=\"elementor-element elementor-element-2cd5b5d elementor-widget elementor-widget-text-editor\" data-id=\"2cd5b5d\" data-element_type=\"widget\" data-widget_type=\"text-editor.default\">\n\t\t\t\t<div class=\"elementor-widget-container\">\n\t\t\t<style>\/*! elementor - v3.19.0 - 26-02-2024 *\/\n.elementor-widget-text-editor.elementor-drop-cap-view-stacked .elementor-drop-cap{background-color:#69727d;color:#fff}.elementor-widget-text-editor.elementor-drop-cap-view-framed .elementor-drop-cap{color:#69727d;border:3px solid;background-color:transparent}.elementor-widget-text-editor:not(.elementor-drop-cap-view-default) .elementor-drop-cap{margin-top:8px}.elementor-widget-text-editor:not(.elementor-drop-cap-view-default) .elementor-drop-cap-letter{width:1em;height:1em}.elementor-widget-text-editor .elementor-drop-cap{float:left;text-align:center;line-height:1;font-size:50px}.elementor-widget-text-editor .elementor-drop-cap-letter{display:inline-block}<\/style>\t\t\t\t<p><b>Ekonomick\u00e1 olympi\u00e1da \u2013 \u0161koln\u00ed kolo<\/b><\/p><p><span style=\"font-weight: 400;\">Institut ekonomick\u00e9ho vzd\u011bl\u00e1v\u00e1n\u00ed po\u0159\u00e1d\u00e1 v\u202fleto\u0161n\u00edm \u0161koln\u00edm roce ji\u017e VI. ro\u010dn\u00edk Ekonomick\u00e9 olympi\u00e1dy, do kter\u00e9 se ka\u017edoro\u010dn\u011b zapojuje i na\u0161e \u0161kola. Na p\u0159elomu listopadu a prosince se uskute\u010dnila \u0161koln\u00ed kola, do kter\u00fdch se zapojilo celkem 417 \u0161kol z cel\u00e9 \u010cesk\u00e9 republiky, sv\u00e9 znalosti z ekonomie a\u00a0financ\u00ed prov\u011b\u0159ilo 21 165 student\u016f. Testov\u00e1n\u00ed prob\u011bhlo formou online, sout\u011b\u017en\u00ed test obsahoval 25 ot\u00e1zek z\u202fmikro a makroekonomie, d\u011bjin ekonomick\u00e9ho my\u0161len\u00ed, finan\u010dn\u00ed gramotnosti a mezin\u00e1rodn\u00ed ekonomie.<\/span><span style=\"font-weight: 400;\">\u00a0<\/span><\/p><p><span style=\"font-weight: 400;\">Do krajsk\u00e9ho kola, kter\u00e9 se uskute\u010dn\u00ed 26. ledna 2022,<\/span> <span style=\"font-weight: 400;\">postupuj\u00ed a EOA budou reprezentovat tito \u017e\u00e1ci: Mat\u011bj Koberec ze t\u0159\u00eddy 3. E, V\u00e1clav Ho\u0161ek ze t\u0159\u00eddy 4. A, Denisa Sch\u00e1n\u011blov\u00e1 ze t\u0159\u00eddy 4. E a Krist\u00fdna Dvo\u0159\u00e1kov\u00e1 ze t\u0159\u00eddy 4. S.\u00a0<\/span><\/p><p><span style=\"font-weight: 400;\">Postupuj\u00edc\u00edm moc gratulujeme!\u00a0<\/span><\/p><p><span style=\"font-weight: 400;\">Ing. Bohuslava Varadinov\u00e1<br \/><\/span><span style=\"font-weight: 400;\"> \u00a0 \u00a0 \u00a0 koordin\u00e1tor EO<\/span><\/p><p><span style=\"font-weight: 400;\"><a href=\"https:\/\/www.oadc.cz\/wp-content\/uploads\/2021\/12\/EO-SK-analyza-nejlepsich-skol-EO-21-22.pdf\" class=\"pdfemb-viewer\" style=\"\" data-width=\"max\" data-height=\"max\" data-toolbar=\"bottom\" data-toolbar-fixed=\"off\">EO-\u0160K-anal\u00fdza-nejlep\u0161\u00edch-\u0161kol-EO-21-22<\/a><\/span><\/p><p><a href=\"https:\/\/ekonomickaolympiada.cz\/\"><b>https:\/\/ekonomickaolympiada.cz\/<\/b><\/a><\/p>\t\t\t\t\t\t<\/div>\n\t\t\t\t<\/div>\n\t\t\t\t\t<\/div>\n\t\t<\/div>\n\t\t\t\t\t<\/div>\n\t\t<\/section>\n\t\t\t\t<\/div>\n\t\t","protected":false},"excerpt":{"rendered":"<p>Ekonomick\u00e1 olympi\u00e1da \u2013 \u0161koln\u00ed kolo Institut ekonomick\u00e9ho vzd\u011bl\u00e1v\u00e1n\u00ed po\u0159\u00e1d\u00e1 v\u202fleto\u0161n\u00edm \u0161koln\u00edm roce ji\u017e VI. ro\u010dn\u00edk Ekonomick\u00e9 olympi\u00e1dy, do kter\u00e9 se ka\u017edoro\u010dn\u011b zapojuje i na\u0161e \u0161kola. Na p\u0159elomu listopadu a prosince se uskute\u010dnila \u0161koln\u00ed kola, do kter\u00fdch se zapojilo celkem 417 \u0161kol z cel\u00e9 \u010cesk\u00e9 republiky, sv\u00e9 znalosti z ekonomie a&nbsp;financ\u00ed prov\u011b\u0159ilo 21 165 student\u016f. Testov\u00e1n\u00ed [&hellip;]<\/p>\n","protected":false},"author":2,"featured_media":1686,"comment_status":"closed","ping_status":"","sticky":false,"template":"","format":"standard","meta":{"footnotes":""},"categories":[13],"tags":[],"yoast_head":"<!-- This site is optimized with the Yoast SEO plugin v22.1 - https:\/\/yoast.com\/wordpress\/plugins\/seo\/ -->\n<title>Ekonomick\u00e1 olympi\u00e1da - \u0161koln\u00ed kolo - Evropsk\u00e1 obchodn\u00ed akademie<\/title>\n<meta name=\"robots\" content=\"index, follow, max-snippet:-1, max-image-preview:large, max-video-preview:-1\" \/>\n<link rel=\"canonical\" href=\"https:\/\/www.oadc.cz\/index.php\/2021\/12\/15\/ekonomicka-olympiada-skolni-kolo\/\" \/>\n<meta property=\"og:locale\" content=\"cs_CZ\" \/>\n<meta property=\"og:type\" content=\"article\" \/>\n<meta property=\"og:title\" content=\"Ekonomick\u00e1 olympi\u00e1da - \u0161koln\u00ed kolo - Evropsk\u00e1 obchodn\u00ed akademie\" \/>\n<meta property=\"og:description\" content=\"Ekonomick\u00e1 olympi\u00e1da \u2013 \u0161koln\u00ed kolo Institut ekonomick\u00e9ho vzd\u011bl\u00e1v\u00e1n\u00ed po\u0159\u00e1d\u00e1 v\u202fleto\u0161n\u00edm \u0161koln\u00edm roce ji\u017e VI. ro\u010dn\u00edk Ekonomick\u00e9 olympi\u00e1dy, do kter\u00e9 se ka\u017edoro\u010dn\u011b zapojuje i na\u0161e \u0161kola. Na p\u0159elomu listopadu a prosince se uskute\u010dnila \u0161koln\u00ed kola, do kter\u00fdch se zapojilo celkem 417 \u0161kol z cel\u00e9 \u010cesk\u00e9 republiky, sv\u00e9 znalosti z ekonomie a&nbsp;financ\u00ed prov\u011b\u0159ilo 21 165 student\u016f. Testov\u00e1n\u00ed [&hellip;]\" \/>\n<meta property=\"og:url\" content=\"https:\/\/www.oadc.cz\/index.php\/2021\/12\/15\/ekonomicka-olympiada-skolni-kolo\/\" \/>\n<meta property=\"og:site_name\" content=\"Evropsk\u00e1 obchodn\u00ed akademie\" \/>\n<meta property=\"article:publisher\" content=\"https:\/\/www.facebook.com\/eoadc\" \/>\n<meta property=\"article:published_time\" content=\"2021-12-15T14:31:46+00:00\" \/>\n<meta property=\"article:modified_time\" content=\"2021-12-15T14:33:03+00:00\" \/>\n<meta property=\"og:image\" content=\"https:\/\/www.oadc.cz\/wp-content\/uploads\/2021\/01\/Ekonomicka-olympiada3.jpg\" \/>\n\t<meta property=\"og:image:width\" content=\"885\" \/>\n\t<meta property=\"og:image:height\" content=\"586\" \/>\n\t<meta property=\"og:image:type\" content=\"image\/jpeg\" \/>\n<meta name=\"author\" content=\"Jan Horais\" \/>\n<meta name=\"twitter:card\" content=\"summary_large_image\" \/>\n<meta name=\"twitter:label1\" content=\"Napsal(a)\" \/>\n\t<meta name=\"twitter:data1\" content=\"Jan Horais\" \/>\n\t<meta name=\"twitter:label2\" content=\"Odhadovan\u00e1 doba \u010dten\u00ed\" \/>\n\t<meta name=\"twitter:data2\" content=\"1 minuta\" \/>\n<script type=\"application\/ld+json\" class=\"yoast-schema-graph\">{\"@context\":\"https:\/\/schema.org\",\"@graph\":[{\"@type\":\"Article\",\"@id\":\"https:\/\/www.oadc.cz\/index.php\/2021\/12\/15\/ekonomicka-olympiada-skolni-kolo\/#article\",\"isPartOf\":{\"@id\":\"https:\/\/www.oadc.cz\/index.php\/2021\/12\/15\/ekonomicka-olympiada-skolni-kolo\/\"},\"author\":{\"name\":\"Jan Horais\",\"@id\":\"https:\/\/www.oadc.cz\/#\/schema\/person\/114954177cdcfa49e728ffb3849ea18c\"},\"headline\":\"Ekonomick\u00e1 olympi\u00e1da &#8211; \u0161koln\u00ed kolo\",\"datePublished\":\"2021-12-15T14:31:46+00:00\",\"dateModified\":\"2021-12-15T14:33:03+00:00\",\"mainEntityOfPage\":{\"@id\":\"https:\/\/www.oadc.cz\/index.php\/2021\/12\/15\/ekonomicka-olympiada-skolni-kolo\/\"},\"wordCount\":193,\"publisher\":{\"@id\":\"https:\/\/www.oadc.cz\/#organization\"},\"articleSection\":[\"sout\u011b\u017ee a olympi\u00e1dy\"],\"inLanguage\":\"cs\"},{\"@type\":\"WebPage\",\"@id\":\"https:\/\/www.oadc.cz\/index.php\/2021\/12\/15\/ekonomicka-olympiada-skolni-kolo\/\",\"url\":\"https:\/\/www.oadc.cz\/index.php\/2021\/12\/15\/ekonomicka-olympiada-skolni-kolo\/\",\"name\":\"Ekonomick\u00e1 olympi\u00e1da - \u0161koln\u00ed kolo - Evropsk\u00e1 obchodn\u00ed akademie\",\"isPartOf\":{\"@id\":\"https:\/\/www.oadc.cz\/#website\"},\"datePublished\":\"2021-12-15T14:31:46+00:00\",\"dateModified\":\"2021-12-15T14:33:03+00:00\",\"breadcrumb\":{\"@id\":\"https:\/\/www.oadc.cz\/index.php\/2021\/12\/15\/ekonomicka-olympiada-skolni-kolo\/#breadcrumb\"},\"inLanguage\":\"cs\",\"potentialAction\":[{\"@type\":\"ReadAction\",\"target\":[\"https:\/\/www.oadc.cz\/index.php\/2021\/12\/15\/ekonomicka-olympiada-skolni-kolo\/\"]}]},{\"@type\":\"BreadcrumbList\",\"@id\":\"https:\/\/www.oadc.cz\/index.php\/2021\/12\/15\/ekonomicka-olympiada-skolni-kolo\/#breadcrumb\",\"itemListElement\":[{\"@type\":\"ListItem\",\"position\":1,\"name\":\"Dom\u016f\",\"item\":\"https:\/\/www.oadc.cz\/\"},{\"@type\":\"ListItem\",\"position\":2,\"name\":\"Ekonomick\u00e1 olympi\u00e1da &#8211; \u0161koln\u00ed kolo\"}]},{\"@type\":\"WebSite\",\"@id\":\"https:\/\/www.oadc.cz\/#website\",\"url\":\"https:\/\/www.oadc.cz\/\",\"name\":\"Evropsk\u00e1 obchodn\u00ed akademie\",\"description\":\"st\u0159edn\u00ed odborn\u00e1 \u0161kola v D\u011b\u010d\u00edn\u011b\",\"publisher\":{\"@id\":\"https:\/\/www.oadc.cz\/#organization\"},\"potentialAction\":[{\"@type\":\"SearchAction\",\"target\":{\"@type\":\"EntryPoint\",\"urlTemplate\":\"https:\/\/www.oadc.cz\/?s={search_term_string}\"},\"query-input\":\"required name=search_term_string\"}],\"inLanguage\":\"cs\"},{\"@type\":\"Organization\",\"@id\":\"https:\/\/www.oadc.cz\/#organization\",\"name\":\"Evropsk\u00e1 Obchodn\u00ed Akademie\",\"url\":\"https:\/\/www.oadc.cz\/\",\"logo\":{\"@type\":\"ImageObject\",\"inLanguage\":\"cs\",\"@id\":\"https:\/\/www.oadc.cz\/#\/schema\/logo\/image\/\",\"url\":\"https:\/\/www.oadc.cz\/wp-content\/uploads\/2020\/12\/EOA-logo_upr.png\",\"contentUrl\":\"https:\/\/www.oadc.cz\/wp-content\/uploads\/2020\/12\/EOA-logo_upr.png\",\"width\":850,\"height\":632,\"caption\":\"Evropsk\u00e1 Obchodn\u00ed Akademie\"},\"image\":{\"@id\":\"https:\/\/www.oadc.cz\/#\/schema\/logo\/image\/\"},\"sameAs\":[\"https:\/\/www.facebook.com\/eoadc\",\"https:\/\/www.instagram.com\/eoa.dc\/\"]},{\"@type\":\"Person\",\"@id\":\"https:\/\/www.oadc.cz\/#\/schema\/person\/114954177cdcfa49e728ffb3849ea18c\",\"name\":\"Jan Horais\",\"image\":{\"@type\":\"ImageObject\",\"inLanguage\":\"cs\",\"@id\":\"https:\/\/www.oadc.cz\/#\/schema\/person\/image\/\",\"url\":\"https:\/\/secure.gravatar.com\/avatar\/9f747f57fda48eee4f40361de292e2b6?s=96&d=mm&r=g\",\"contentUrl\":\"https:\/\/secure.gravatar.com\/avatar\/9f747f57fda48eee4f40361de292e2b6?s=96&d=mm&r=g\",\"caption\":\"Jan Horais\"},\"url\":\"https:\/\/www.oadc.cz\/index.php\/author\/jhorais\/\"}]}<\/script>\n<!-- \/ Yoast SEO plugin. -->","yoast_head_json":{"title":"Ekonomick\u00e1 olympi\u00e1da - \u0161koln\u00ed kolo - Evropsk\u00e1 obchodn\u00ed akademie","robots":{"index":"index","follow":"follow","max-snippet":"max-snippet:-1","max-image-preview":"max-image-preview:large","max-video-preview":"max-video-preview:-1"},"canonical":"https:\/\/www.oadc.cz\/index.php\/2021\/12\/15\/ekonomicka-olympiada-skolni-kolo\/","og_locale":"cs_CZ","og_type":"article","og_title":"Ekonomick\u00e1 olympi\u00e1da - \u0161koln\u00ed kolo - Evropsk\u00e1 obchodn\u00ed akademie","og_description":"Ekonomick\u00e1 olympi\u00e1da \u2013 \u0161koln\u00ed kolo Institut ekonomick\u00e9ho vzd\u011bl\u00e1v\u00e1n\u00ed po\u0159\u00e1d\u00e1 v\u202fleto\u0161n\u00edm \u0161koln\u00edm roce ji\u017e VI. ro\u010dn\u00edk Ekonomick\u00e9 olympi\u00e1dy, do kter\u00e9 se ka\u017edoro\u010dn\u011b zapojuje i na\u0161e \u0161kola. Na p\u0159elomu listopadu a prosince se uskute\u010dnila \u0161koln\u00ed kola, do kter\u00fdch se zapojilo celkem 417 \u0161kol z cel\u00e9 \u010cesk\u00e9 republiky, sv\u00e9 znalosti z ekonomie a&nbsp;financ\u00ed prov\u011b\u0159ilo 21 165 student\u016f. Testov\u00e1n\u00ed [&hellip;]","og_url":"https:\/\/www.oadc.cz\/index.php\/2021\/12\/15\/ekonomicka-olympiada-skolni-kolo\/","og_site_name":"Evropsk\u00e1 obchodn\u00ed akademie","article_publisher":"https:\/\/www.facebook.com\/eoadc","article_published_time":"2021-12-15T14:31:46+00:00","article_modified_time":"2021-12-15T14:33:03+00:00","og_image":[{"width":885,"height":586,"url":"https:\/\/www.oadc.cz\/wp-content\/uploads\/2021\/01\/Ekonomicka-olympiada3.jpg","type":"image\/jpeg"}],"author":"Jan Horais","twitter_card":"summary_large_image","twitter_misc":{"Napsal(a)":"Jan Horais","Odhadovan\u00e1 doba \u010dten\u00ed":"1 minuta"},"schema":{"@context":"https:\/\/schema.org","@graph":[{"@type":"Article","@id":"https:\/\/www.oadc.cz\/index.php\/2021\/12\/15\/ekonomicka-olympiada-skolni-kolo\/#article","isPartOf":{"@id":"https:\/\/www.oadc.cz\/index.php\/2021\/12\/15\/ekonomicka-olympiada-skolni-kolo\/"},"author":{"name":"Jan Horais","@id":"https:\/\/www.oadc.cz\/#\/schema\/person\/114954177cdcfa49e728ffb3849ea18c"},"headline":"Ekonomick\u00e1 olympi\u00e1da &#8211; \u0161koln\u00ed kolo","datePublished":"2021-12-15T14:31:46+00:00","dateModified":"2021-12-15T14:33:03+00:00","mainEntityOfPage":{"@id":"https:\/\/www.oadc.cz\/index.php\/2021\/12\/15\/ekonomicka-olympiada-skolni-kolo\/"},"wordCount":193,"publisher":{"@id":"https:\/\/www.oadc.cz\/#organization"},"articleSection":["sout\u011b\u017ee a olympi\u00e1dy"],"inLanguage":"cs"},{"@type":"WebPage","@id":"https:\/\/www.oadc.cz\/index.php\/2021\/12\/15\/ekonomicka-olympiada-skolni-kolo\/","url":"https:\/\/www.oadc.cz\/index.php\/2021\/12\/15\/ekonomicka-olympiada-skolni-kolo\/","name":"Ekonomick\u00e1 olympi\u00e1da - \u0161koln\u00ed kolo - Evropsk\u00e1 obchodn\u00ed akademie","isPartOf":{"@id":"https:\/\/www.oadc.cz\/#website"},"datePublished":"2021-12-15T14:31:46+00:00","dateModified":"2021-12-15T14:33:03+00:00","breadcrumb":{"@id":"https:\/\/www.oadc.cz\/index.php\/2021\/12\/15\/ekonomicka-olympiada-skolni-kolo\/#breadcrumb"},"inLanguage":"cs","potentialAction":[{"@type":"ReadAction","target":["https:\/\/www.oadc.cz\/index.php\/2021\/12\/15\/ekonomicka-olympiada-skolni-kolo\/"]}]},{"@type":"BreadcrumbList","@id":"https:\/\/www.oadc.cz\/index.php\/2021\/12\/15\/ekonomicka-olympiada-skolni-kolo\/#breadcrumb","itemListElement":[{"@type":"ListItem","position":1,"name":"Dom\u016f","item":"https:\/\/www.oadc.cz\/"},{"@type":"ListItem","position":2,"name":"Ekonomick\u00e1 olympi\u00e1da &#8211; \u0161koln\u00ed kolo"}]},{"@type":"WebSite","@id":"https:\/\/www.oadc.cz\/#website","url":"https:\/\/www.oadc.cz\/","name":"Evropsk\u00e1 obchodn\u00ed akademie","description":"st\u0159edn\u00ed odborn\u00e1 \u0161kola v D\u011b\u010d\u00edn\u011b","publisher":{"@id":"https:\/\/www.oadc.cz\/#organization"},"potentialAction":[{"@type":"SearchAction","target":{"@type":"EntryPoint","urlTemplate":"https:\/\/www.oadc.cz\/?s={search_term_string}"},"query-input":"required name=search_term_string"}],"inLanguage":"cs"},{"@type":"Organization","@id":"https:\/\/www.oadc.cz\/#organization","name":"Evropsk\u00e1 Obchodn\u00ed Akademie","url":"https:\/\/www.oadc.cz\/","logo":{"@type":"ImageObject","inLanguage":"cs","@id":"https:\/\/www.oadc.cz\/#\/schema\/logo\/image\/","url":"https:\/\/www.oadc.cz\/wp-content\/uploads\/2020\/12\/EOA-logo_upr.png","contentUrl":"https:\/\/www.oadc.cz\/wp-content\/uploads\/2020\/12\/EOA-logo_upr.png","width":850,"height":632,"caption":"Evropsk\u00e1 Obchodn\u00ed Akademie"},"image":{"@id":"https:\/\/www.oadc.cz\/#\/schema\/logo\/image\/"},"sameAs":["https:\/\/www.facebook.com\/eoadc","https:\/\/www.instagram.com\/eoa.dc\/"]},{"@type":"Person","@id":"https:\/\/www.oadc.cz\/#\/schema\/person\/114954177cdcfa49e728ffb3849ea18c","name":"Jan Horais","image":{"@type":"ImageObject","inLanguage":"cs","@id":"https:\/\/www.oadc.cz\/#\/schema\/person\/image\/","url":"https:\/\/secure.gravatar.com\/avatar\/9f747f57fda48eee4f40361de292e2b6?s=96&d=mm&r=g","contentUrl":"https:\/\/secure.gravatar.com\/avatar\/9f747f57fda48eee4f40361de292e2b6?s=96&d=mm&r=g","caption":"Jan Horais"},"url":"https:\/\/www.oadc.cz\/index.php\/author\/jhorais\/"}]}},"_links":{"self":[{"href":"https:\/\/www.oadc.cz\/index.php\/wp-json\/wp\/v2\/posts\/3444"}],"collection":[{"href":"https:\/\/www.oadc.cz\/index.php\/wp-json\/wp\/v2\/posts"}],"about":[{"href":"https:\/\/www.oadc.cz\/index.php\/wp-json\/wp\/v2\/types\/post"}],"author":[{"embeddable":true,"href":"https:\/\/www.oadc.cz\/index.php\/wp-json\/wp\/v2\/users\/2"}],"replies":[{"embeddable":true,"href":"https:\/\/www.oadc.cz\/index.php\/wp-json\/wp\/v2\/comments?post=3444"}],"version-history":[{"count":5,"href":"https:\/\/www.oadc.cz\/index.php\/wp-json\/wp\/v2\/posts\/3444\/revisions"}],"predecessor-version":[{"id":3450,"href":"https:\/\/www.oadc.cz\/index.php\/wp-json\/wp\/v2\/posts\/3444\/revisions\/3450"}],"wp:featuredmedia":[{"embeddable":true,"href":"https:\/\/www.oadc.cz\/index.php\/wp-json\/wp\/v2\/media\/1686"}],"wp:attachment":[{"href":"https:\/\/www.oadc.cz\/index.php\/wp-json\/wp\/v2\/media?parent=3444"}],"wp:term":[{"taxonomy":"category","embeddable":true,"href":"https:\/\/www.oadc.cz\/index.php\/wp-json\/wp\/v2\/categories?post=3444"},{"taxonomy":"post_tag","embeddable":true,"href":"https:\/\/www.oadc.cz\/index.php\/wp-json\/wp\/v2\/tags?post=3444"}],"curies":[{"name":"wp","href":"https:\/\/api.w.org\/{rel}","templated":true}]}}