{"id":2999,"date":"2021-10-25T16:15:39","date_gmt":"2021-10-25T15:15:39","guid":{"rendered":"https:\/\/www.oadc.cz\/?p=2999"},"modified":"2021-10-25T16:15:39","modified_gmt":"2021-10-25T15:15:39","slug":"evropsky-den-jazyku-2021","status":"publish","type":"post","link":"https:\/\/www.oadc.cz\/index.php\/2021\/10\/25\/evropsky-den-jazyku-2021\/","title":{"rendered":"Evropsk\u00fd den jazyk\u016f 2021"},"content":{"rendered":"\t\t<div data-elementor-type=\"wp-post\" data-elementor-id=\"2999\" class=\"elementor elementor-2999\" data-elementor-post-type=\"post\">\n\t\t\t\t\t\t<section class=\"elementor-section elementor-top-section elementor-element elementor-element-d4a0d3b elementor-section-boxed elementor-section-height-default elementor-section-height-default\" data-id=\"d4a0d3b\" data-element_type=\"section\">\n\t\t\t\t\t\t<div class=\"elementor-container elementor-column-gap-default\">\n\t\t\t\t\t<div class=\"elementor-column elementor-col-100 elementor-top-column elementor-element elementor-element-ab44297\" data-id=\"ab44297\" data-element_type=\"column\">\n\t\t\t<div class=\"elementor-widget-wrap elementor-element-populated\">\n\t\t\t\t\t\t<div class=\"elementor-element elementor-element-796ed20 elementor-widget elementor-widget-text-editor\" data-id=\"796ed20\" data-element_type=\"widget\" data-widget_type=\"text-editor.default\">\n\t\t\t\t<div class=\"elementor-widget-container\">\n\t\t\t<style>\/*! elementor - v3.19.0 - 26-02-2024 *\/\n.elementor-widget-text-editor.elementor-drop-cap-view-stacked .elementor-drop-cap{background-color:#69727d;color:#fff}.elementor-widget-text-editor.elementor-drop-cap-view-framed .elementor-drop-cap{color:#69727d;border:3px solid;background-color:transparent}.elementor-widget-text-editor:not(.elementor-drop-cap-view-default) .elementor-drop-cap{margin-top:8px}.elementor-widget-text-editor:not(.elementor-drop-cap-view-default) .elementor-drop-cap-letter{width:1em;height:1em}.elementor-widget-text-editor .elementor-drop-cap{float:left;text-align:center;line-height:1;font-size:50px}.elementor-widget-text-editor .elementor-drop-cap-letter{display:inline-block}<\/style>\t\t\t\t<p><b>Evropsk\u00fd den jazyk\u016f 2021<\/b><\/p><p><span style=\"font-weight: 400;\">Po dlouh\u00e9m obdob\u00ed nepl\u00e1novan\u00e9ho klidu m\u00e1me velkou radost, \u017ee jsme mohli uspo\u0159\u00e1dat jubilejn\u00ed 10. ro\u010dn\u00edk sout\u011b\u017ee k Evropsk\u00e9mu dni jazyk\u016f.\u00a0<\/span><\/p><p><span style=\"font-weight: 400;\">Tato akce prob\u011bhla letos zcela nov\u011b. Propojili jsme jazykovou sout\u011b\u017e se sportovn\u00edm dnem, a tak se pod z\u00e1mkem dne 30.9.2021 se\u0161lo 56 t\u00fdm\u016f slo\u017een\u00fdch ze \u017e\u00e1k\u016f z\u00e1kladn\u00edch \u0161kol a prvn\u00edch ro\u010dn\u00edk\u016f EOA. Sout\u011b\u017eilo se v jazykov\u00fdch a sportovn\u00edch discipl\u00edn\u00e1ch, do hodnocen\u00ed se po\u010d\u00edtaly body za spln\u011bn\u00e9 \u00fakoly i kone\u010dn\u00fd \u010das.<\/span><\/p><p><span style=\"font-weight: 400;\">Na startu bylo tak\u00e9 12 t\u00fdm\u016f ryze sportovn\u00edch. Tvo\u0159ili je studenti vy\u0161\u0161\u00edch ro\u010dn\u00edk\u016f EOA. Jejich \u00fakoly byly jin\u00e9, museli prob\u011bhnout v\u0161emi stanovi\u0161ti a na t\u011bch sportovn\u00edch podat v\u00fdkony hodn\u00e9 sportovc\u016f.<\/span><\/p><p><b>V\u00fdsledky<\/b><span style=\"font-weight: 400;\"> sout\u011b\u017ee byly velmi t\u011bsn\u00e9 a na vedouc\u00ed pozice se nakonec probojovaly n\u00e1sleduj\u00edc\u00ed t\u00fdmy:<\/span><\/p><p><b>Jazykov\u00e1 sout\u011b\u017e:<\/b><\/p><ol><li style=\"font-weight: 400;\" aria-level=\"1\"><span style=\"font-weight: 400;\">\u0160imon Kub\u00ed\u010dek, Adrian Herink (EOA), Nat\u00e1lie Schielov\u00e1, Ad\u00e9la Rindtov\u00e1 (Z\u0160 Komensk\u00e9ho)<\/span><\/li><li style=\"font-weight: 400;\" aria-level=\"1\"><span style=\"font-weight: 400;\">Krist\u00fdna Mal\u00e1, Kl\u00e1ra Kon\u00e1\u0161ov\u00e1 (EOA), Boris Babichuk, Milo\u0161 H\u00e1jek (Z\u0160 Vojanova)<\/span><\/li><li style=\"font-weight: 400;\" aria-level=\"1\"><span style=\"font-weight: 400;\">Tereza Fafl\u00edkov\u00e1, Hana Ha\u0161kov\u00e1 (EOA), Ad\u00e9la \u0160ubrtov\u00e1, \u0160t\u011bp\u00e1nka Pytl\u00edkov\u00e1 (Z\u0160 M\u00e1chova)<\/span><\/li><\/ol><p><b>Sportovci:<\/b><\/p><ol><li style=\"font-weight: 400;\" aria-level=\"1\"><span style=\"font-weight: 400;\">Trapani, Vojt\u00ed\u0161ek, K\u00e1rolyi, L\u017e\u00ed\u010da\u0159 (3.S)<\/span><\/li><li style=\"font-weight: 400;\" aria-level=\"1\"><span style=\"font-weight: 400;\">M\u00fcller, Doubrava, Gorner, Pantilimon (2.E)<\/span><\/li><li style=\"font-weight: 400;\" aria-level=\"1\"><span style=\"font-weight: 400;\">Kurelov\u00e1, Netuka, Pi\u00e1lek (4.E)<\/span><\/li><\/ol><p><span style=\"font-weight: 400;\">Cel\u00e1 akce byla umocn\u011bna kr\u00e1sn\u00fdm slune\u010dn\u00fdm po\u010das\u00edm.<\/span><\/p><p><span style=\"font-weight: 400;\">Sponzorem jazykov\u00e9 \u010d\u00e1sti sout\u011b\u017ee byla spole\u010dnost Latudio, kter\u00e1 v\u011bnovala tak\u00e9 ceny pro \u017e\u00e1ky v podob\u011b jazykov\u00e9 aplikace zdarma, a to pro 1. m\u00edsto do\u017eivotn\u011b, pro 2. m\u00edsto na p\u016fl roku a pro 3. m\u00edsto na 3 m\u011bs\u00edce.<\/span><\/p><p><span style=\"font-weight: 400;\">D\u011bkujeme v\u0161em, kte\u0159\u00ed p\u0159i\u0161li sout\u011b\u017eit, a budeme se t\u011b\u0161it na p\u0159\u00ed\u0161t\u00ed ro\u010dn\u00edk.<\/span><\/p><p><span style=\"font-weight: 400;\">Pod\u011bkov\u00e1n\u00ed pat\u0159\u00ed tak\u00e9 v\u0161em, kte\u0159\u00ed se pod\u00edleli na p\u0159\u00edprav\u011b a realizaci sout\u011b\u017ee.<\/span><\/p><p><b>Ohlasy z\u00fa\u010dastn\u011bn\u00fdch z\u00e1kladn\u00edch \u0161kol:<\/b><b><br \/><\/b><span style=\"font-weight: 400;\"><br \/><\/span><i><span style=\"font-weight: 400;\">\u201c&#8230;<\/span><\/i><i><span style=\"font-weight: 400;\">d\u011bkujeme za v\u00fdsledky a hezky str\u00e1ven\u00e9 dopoledne a budeme se t\u011b\u0161it na dal\u0161\u00ed ro\u010dn\u00edk.\u201d<\/span><\/i><\/p><p><i><span style=\"font-weight: 400;\">\u201cJe\u0161t\u011b jednou d\u011bkujeme za p\u0159\u00edjemnou sout\u011b\u017e v &#8222;nov\u00e9m kab\u00e1t\u011b&#8220; a celkov\u011b za mil\u00e9 dopoledne.\u201d<\/span><\/i><\/p><p><i><span style=\"font-weight: 400;\">\u201cD\u011bkujeme za skv\u011bl\u00e9 zpr\u00e1vy. M\u00e1me velkou radost. Je skv\u011bl\u00e9, \u017ee m\u00e1te i t\u00e9matick\u00e9 a origin\u00e1ln\u00ed ceny! Bu\u010fte zdr\u00e1va a gratuluji k \u00fasp\u011b\u0161n\u00e9mu zvl\u00e1dnut\u00ed v\u00fdborn\u00e9 akce. Ostatn\u011b jako ka\u017ed\u00fd rok\u2026\u201d<\/span><\/i><\/p><p>\u00a0<\/p><p><span style=\"font-weight: 400;\">Mgr. Liana Cihelkov\u00e1\u00a0<br \/><\/span><span style=\"font-weight: 400;\">Mgr. Veronika Hole\u010dkov\u00e1<\/span><\/p>\t\t\t\t\t\t<\/div>\n\t\t\t\t<\/div>\n\t\t\t\t\t<\/div>\n\t\t<\/div>\n\t\t\t\t\t<\/div>\n\t\t<\/section>\n\t\t\t\t<section class=\"elementor-section elementor-top-section elementor-element elementor-element-2d19676 elementor-section-boxed elementor-section-height-default elementor-section-height-default\" data-id=\"2d19676\" data-element_type=\"section\">\n\t\t\t\t\t\t<div class=\"elementor-container elementor-column-gap-default\">\n\t\t\t\t\t<div class=\"elementor-column elementor-col-100 elementor-top-column elementor-element elementor-element-05cb656\" data-id=\"05cb656\" data-element_type=\"column\">\n\t\t\t<div class=\"elementor-widget-wrap elementor-element-populated\">\n\t\t\t\t\t\t<div class=\"elementor-element elementor-element-03cc385 elementor-widget elementor-widget-image\" data-id=\"03cc385\" data-element_type=\"widget\" data-widget_type=\"image.default\">\n\t\t\t\t<div class=\"elementor-widget-container\">\n\t\t\t<style>\/*! elementor - v3.19.0 - 26-02-2024 *\/\n.elementor-widget-image{text-align:center}.elementor-widget-image a{display:inline-block}.elementor-widget-image a img[src$=\".svg\"]{width:48px}.elementor-widget-image img{vertical-align:middle;display:inline-block}<\/style>\t\t\t\t\t\t\t\t\t\t<img fetchpriority=\"high\" decoding=\"async\" width=\"1024\" height=\"768\" src=\"https:\/\/www.oadc.cz\/wp-content\/uploads\/2021\/10\/EDJ-predavaniCen.jpg\" class=\"attachment-large size-large wp-image-3004\" alt=\"P\u0159ed\u00e1v\u00e1n\u00ed cen\" srcset=\"https:\/\/www.oadc.cz\/wp-content\/uploads\/2021\/10\/EDJ-predavaniCen.jpg 1024w, https:\/\/www.oadc.cz\/wp-content\/uploads\/2021\/10\/EDJ-predavaniCen-300x225.jpg 300w, https:\/\/www.oadc.cz\/wp-content\/uploads\/2021\/10\/EDJ-predavaniCen-768x576.jpg 768w\" sizes=\"(max-width: 1024px) 100vw, 1024px\" \/>\t\t\t\t\t\t\t\t\t\t\t\t\t<\/div>\n\t\t\t\t<\/div>\n\t\t\t\t\t<\/div>\n\t\t<\/div>\n\t\t\t\t\t<\/div>\n\t\t<\/section>\n\t\t\t\t<\/div>\n\t\t","protected":false},"excerpt":{"rendered":"<p>Evropsk\u00fd den jazyk\u016f 2021 Po dlouh\u00e9m obdob\u00ed nepl\u00e1novan\u00e9ho klidu m\u00e1me velkou radost, \u017ee jsme mohli uspo\u0159\u00e1dat jubilejn\u00ed 10. ro\u010dn\u00edk sout\u011b\u017ee k Evropsk\u00e9mu dni jazyk\u016f.&nbsp; Tato akce prob\u011bhla letos zcela nov\u011b. Propojili jsme jazykovou sout\u011b\u017e se sportovn\u00edm dnem, a tak se pod z\u00e1mkem dne 30.9.2021 se\u0161lo 56 t\u00fdm\u016f slo\u017een\u00fdch ze \u017e\u00e1k\u016f z\u00e1kladn\u00edch \u0161kol a prvn\u00edch ro\u010dn\u00edk\u016f [&hellip;]<\/p>\n","protected":false},"author":2,"featured_media":3004,"comment_status":"closed","ping_status":"","sticky":false,"template":"","format":"standard","meta":{"footnotes":""},"categories":[13],"tags":[],"yoast_head":"<!-- This site is optimized with the Yoast SEO plugin v22.1 - https:\/\/yoast.com\/wordpress\/plugins\/seo\/ -->\n<title>Evropsk\u00fd den jazyk\u016f 2021 - Evropsk\u00e1 obchodn\u00ed akademie<\/title>\n<meta name=\"robots\" content=\"index, follow, max-snippet:-1, max-image-preview:large, max-video-preview:-1\" \/>\n<link rel=\"canonical\" href=\"https:\/\/www.oadc.cz\/index.php\/2021\/10\/25\/evropsky-den-jazyku-2021\/\" \/>\n<meta property=\"og:locale\" content=\"cs_CZ\" \/>\n<meta property=\"og:type\" content=\"article\" \/>\n<meta property=\"og:title\" content=\"Evropsk\u00fd den jazyk\u016f 2021 - Evropsk\u00e1 obchodn\u00ed akademie\" \/>\n<meta property=\"og:description\" content=\"Evropsk\u00fd den jazyk\u016f 2021 Po dlouh\u00e9m obdob\u00ed nepl\u00e1novan\u00e9ho klidu m\u00e1me velkou radost, \u017ee jsme mohli uspo\u0159\u00e1dat jubilejn\u00ed 10. ro\u010dn\u00edk sout\u011b\u017ee k Evropsk\u00e9mu dni jazyk\u016f.&nbsp; Tato akce prob\u011bhla letos zcela nov\u011b. Propojili jsme jazykovou sout\u011b\u017e se sportovn\u00edm dnem, a tak se pod z\u00e1mkem dne 30.9.2021 se\u0161lo 56 t\u00fdm\u016f slo\u017een\u00fdch ze \u017e\u00e1k\u016f z\u00e1kladn\u00edch \u0161kol a prvn\u00edch ro\u010dn\u00edk\u016f [&hellip;]\" \/>\n<meta property=\"og:url\" content=\"https:\/\/www.oadc.cz\/index.php\/2021\/10\/25\/evropsky-den-jazyku-2021\/\" \/>\n<meta property=\"og:site_name\" content=\"Evropsk\u00e1 obchodn\u00ed akademie\" \/>\n<meta property=\"article:publisher\" content=\"https:\/\/www.facebook.com\/eoadc\" \/>\n<meta property=\"article:published_time\" content=\"2021-10-25T15:15:39+00:00\" \/>\n<meta property=\"og:image\" content=\"https:\/\/www.oadc.cz\/wp-content\/uploads\/2021\/10\/EDJ-predavaniCen.jpg\" \/>\n\t<meta property=\"og:image:width\" content=\"1024\" \/>\n\t<meta property=\"og:image:height\" content=\"768\" \/>\n\t<meta property=\"og:image:type\" content=\"image\/jpeg\" \/>\n<meta name=\"author\" content=\"Jan Horais\" \/>\n<meta name=\"twitter:card\" content=\"summary_large_image\" \/>\n<meta name=\"twitter:label1\" content=\"Napsal(a)\" \/>\n\t<meta name=\"twitter:data1\" content=\"Jan Horais\" \/>\n\t<meta name=\"twitter:label2\" content=\"Odhadovan\u00e1 doba \u010dten\u00ed\" \/>\n\t<meta name=\"twitter:data2\" content=\"2 minuty\" \/>\n<script type=\"application\/ld+json\" class=\"yoast-schema-graph\">{\"@context\":\"https:\/\/schema.org\",\"@graph\":[{\"@type\":\"Article\",\"@id\":\"https:\/\/www.oadc.cz\/index.php\/2021\/10\/25\/evropsky-den-jazyku-2021\/#article\",\"isPartOf\":{\"@id\":\"https:\/\/www.oadc.cz\/index.php\/2021\/10\/25\/evropsky-den-jazyku-2021\/\"},\"author\":{\"name\":\"Jan Horais\",\"@id\":\"https:\/\/www.oadc.cz\/#\/schema\/person\/114954177cdcfa49e728ffb3849ea18c\"},\"headline\":\"Evropsk\u00fd den jazyk\u016f 2021\",\"datePublished\":\"2021-10-25T15:15:39+00:00\",\"dateModified\":\"2021-10-25T15:15:39+00:00\",\"mainEntityOfPage\":{\"@id\":\"https:\/\/www.oadc.cz\/index.php\/2021\/10\/25\/evropsky-den-jazyku-2021\/\"},\"wordCount\":430,\"publisher\":{\"@id\":\"https:\/\/www.oadc.cz\/#organization\"},\"articleSection\":[\"sout\u011b\u017ee a olympi\u00e1dy\"],\"inLanguage\":\"cs\"},{\"@type\":\"WebPage\",\"@id\":\"https:\/\/www.oadc.cz\/index.php\/2021\/10\/25\/evropsky-den-jazyku-2021\/\",\"url\":\"https:\/\/www.oadc.cz\/index.php\/2021\/10\/25\/evropsky-den-jazyku-2021\/\",\"name\":\"Evropsk\u00fd den jazyk\u016f 2021 - Evropsk\u00e1 obchodn\u00ed akademie\",\"isPartOf\":{\"@id\":\"https:\/\/www.oadc.cz\/#website\"},\"datePublished\":\"2021-10-25T15:15:39+00:00\",\"dateModified\":\"2021-10-25T15:15:39+00:00\",\"breadcrumb\":{\"@id\":\"https:\/\/www.oadc.cz\/index.php\/2021\/10\/25\/evropsky-den-jazyku-2021\/#breadcrumb\"},\"inLanguage\":\"cs\",\"potentialAction\":[{\"@type\":\"ReadAction\",\"target\":[\"https:\/\/www.oadc.cz\/index.php\/2021\/10\/25\/evropsky-den-jazyku-2021\/\"]}]},{\"@type\":\"BreadcrumbList\",\"@id\":\"https:\/\/www.oadc.cz\/index.php\/2021\/10\/25\/evropsky-den-jazyku-2021\/#breadcrumb\",\"itemListElement\":[{\"@type\":\"ListItem\",\"position\":1,\"name\":\"Dom\u016f\",\"item\":\"https:\/\/www.oadc.cz\/\"},{\"@type\":\"ListItem\",\"position\":2,\"name\":\"Evropsk\u00fd den jazyk\u016f 2021\"}]},{\"@type\":\"WebSite\",\"@id\":\"https:\/\/www.oadc.cz\/#website\",\"url\":\"https:\/\/www.oadc.cz\/\",\"name\":\"Evropsk\u00e1 obchodn\u00ed akademie\",\"description\":\"st\u0159edn\u00ed odborn\u00e1 \u0161kola v D\u011b\u010d\u00edn\u011b\",\"publisher\":{\"@id\":\"https:\/\/www.oadc.cz\/#organization\"},\"potentialAction\":[{\"@type\":\"SearchAction\",\"target\":{\"@type\":\"EntryPoint\",\"urlTemplate\":\"https:\/\/www.oadc.cz\/?s={search_term_string}\"},\"query-input\":\"required name=search_term_string\"}],\"inLanguage\":\"cs\"},{\"@type\":\"Organization\",\"@id\":\"https:\/\/www.oadc.cz\/#organization\",\"name\":\"Evropsk\u00e1 Obchodn\u00ed Akademie\",\"url\":\"https:\/\/www.oadc.cz\/\",\"logo\":{\"@type\":\"ImageObject\",\"inLanguage\":\"cs\",\"@id\":\"https:\/\/www.oadc.cz\/#\/schema\/logo\/image\/\",\"url\":\"https:\/\/www.oadc.cz\/wp-content\/uploads\/2020\/12\/EOA-logo_upr.png\",\"contentUrl\":\"https:\/\/www.oadc.cz\/wp-content\/uploads\/2020\/12\/EOA-logo_upr.png\",\"width\":850,\"height\":632,\"caption\":\"Evropsk\u00e1 Obchodn\u00ed Akademie\"},\"image\":{\"@id\":\"https:\/\/www.oadc.cz\/#\/schema\/logo\/image\/\"},\"sameAs\":[\"https:\/\/www.facebook.com\/eoadc\",\"https:\/\/www.instagram.com\/eoa.dc\/\"]},{\"@type\":\"Person\",\"@id\":\"https:\/\/www.oadc.cz\/#\/schema\/person\/114954177cdcfa49e728ffb3849ea18c\",\"name\":\"Jan Horais\",\"image\":{\"@type\":\"ImageObject\",\"inLanguage\":\"cs\",\"@id\":\"https:\/\/www.oadc.cz\/#\/schema\/person\/image\/\",\"url\":\"https:\/\/secure.gravatar.com\/avatar\/9f747f57fda48eee4f40361de292e2b6?s=96&d=mm&r=g\",\"contentUrl\":\"https:\/\/secure.gravatar.com\/avatar\/9f747f57fda48eee4f40361de292e2b6?s=96&d=mm&r=g\",\"caption\":\"Jan Horais\"},\"url\":\"https:\/\/www.oadc.cz\/index.php\/author\/jhorais\/\"}]}<\/script>\n<!-- \/ Yoast SEO plugin. -->","yoast_head_json":{"title":"Evropsk\u00fd den jazyk\u016f 2021 - Evropsk\u00e1 obchodn\u00ed akademie","robots":{"index":"index","follow":"follow","max-snippet":"max-snippet:-1","max-image-preview":"max-image-preview:large","max-video-preview":"max-video-preview:-1"},"canonical":"https:\/\/www.oadc.cz\/index.php\/2021\/10\/25\/evropsky-den-jazyku-2021\/","og_locale":"cs_CZ","og_type":"article","og_title":"Evropsk\u00fd den jazyk\u016f 2021 - Evropsk\u00e1 obchodn\u00ed akademie","og_description":"Evropsk\u00fd den jazyk\u016f 2021 Po dlouh\u00e9m obdob\u00ed nepl\u00e1novan\u00e9ho klidu m\u00e1me velkou radost, \u017ee jsme mohli uspo\u0159\u00e1dat jubilejn\u00ed 10. ro\u010dn\u00edk sout\u011b\u017ee k Evropsk\u00e9mu dni jazyk\u016f.&nbsp; Tato akce prob\u011bhla letos zcela nov\u011b. Propojili jsme jazykovou sout\u011b\u017e se sportovn\u00edm dnem, a tak se pod z\u00e1mkem dne 30.9.2021 se\u0161lo 56 t\u00fdm\u016f slo\u017een\u00fdch ze \u017e\u00e1k\u016f z\u00e1kladn\u00edch \u0161kol a prvn\u00edch ro\u010dn\u00edk\u016f [&hellip;]","og_url":"https:\/\/www.oadc.cz\/index.php\/2021\/10\/25\/evropsky-den-jazyku-2021\/","og_site_name":"Evropsk\u00e1 obchodn\u00ed akademie","article_publisher":"https:\/\/www.facebook.com\/eoadc","article_published_time":"2021-10-25T15:15:39+00:00","og_image":[{"width":1024,"height":768,"url":"https:\/\/www.oadc.cz\/wp-content\/uploads\/2021\/10\/EDJ-predavaniCen.jpg","type":"image\/jpeg"}],"author":"Jan Horais","twitter_card":"summary_large_image","twitter_misc":{"Napsal(a)":"Jan Horais","Odhadovan\u00e1 doba \u010dten\u00ed":"2 minuty"},"schema":{"@context":"https:\/\/schema.org","@graph":[{"@type":"Article","@id":"https:\/\/www.oadc.cz\/index.php\/2021\/10\/25\/evropsky-den-jazyku-2021\/#article","isPartOf":{"@id":"https:\/\/www.oadc.cz\/index.php\/2021\/10\/25\/evropsky-den-jazyku-2021\/"},"author":{"name":"Jan Horais","@id":"https:\/\/www.oadc.cz\/#\/schema\/person\/114954177cdcfa49e728ffb3849ea18c"},"headline":"Evropsk\u00fd den jazyk\u016f 2021","datePublished":"2021-10-25T15:15:39+00:00","dateModified":"2021-10-25T15:15:39+00:00","mainEntityOfPage":{"@id":"https:\/\/www.oadc.cz\/index.php\/2021\/10\/25\/evropsky-den-jazyku-2021\/"},"wordCount":430,"publisher":{"@id":"https:\/\/www.oadc.cz\/#organization"},"articleSection":["sout\u011b\u017ee a olympi\u00e1dy"],"inLanguage":"cs"},{"@type":"WebPage","@id":"https:\/\/www.oadc.cz\/index.php\/2021\/10\/25\/evropsky-den-jazyku-2021\/","url":"https:\/\/www.oadc.cz\/index.php\/2021\/10\/25\/evropsky-den-jazyku-2021\/","name":"Evropsk\u00fd den jazyk\u016f 2021 - Evropsk\u00e1 obchodn\u00ed akademie","isPartOf":{"@id":"https:\/\/www.oadc.cz\/#website"},"datePublished":"2021-10-25T15:15:39+00:00","dateModified":"2021-10-25T15:15:39+00:00","breadcrumb":{"@id":"https:\/\/www.oadc.cz\/index.php\/2021\/10\/25\/evropsky-den-jazyku-2021\/#breadcrumb"},"inLanguage":"cs","potentialAction":[{"@type":"ReadAction","target":["https:\/\/www.oadc.cz\/index.php\/2021\/10\/25\/evropsky-den-jazyku-2021\/"]}]},{"@type":"BreadcrumbList","@id":"https:\/\/www.oadc.cz\/index.php\/2021\/10\/25\/evropsky-den-jazyku-2021\/#breadcrumb","itemListElement":[{"@type":"ListItem","position":1,"name":"Dom\u016f","item":"https:\/\/www.oadc.cz\/"},{"@type":"ListItem","position":2,"name":"Evropsk\u00fd den jazyk\u016f 2021"}]},{"@type":"WebSite","@id":"https:\/\/www.oadc.cz\/#website","url":"https:\/\/www.oadc.cz\/","name":"Evropsk\u00e1 obchodn\u00ed akademie","description":"st\u0159edn\u00ed odborn\u00e1 \u0161kola v D\u011b\u010d\u00edn\u011b","publisher":{"@id":"https:\/\/www.oadc.cz\/#organization"},"potentialAction":[{"@type":"SearchAction","target":{"@type":"EntryPoint","urlTemplate":"https:\/\/www.oadc.cz\/?s={search_term_string}"},"query-input":"required name=search_term_string"}],"inLanguage":"cs"},{"@type":"Organization","@id":"https:\/\/www.oadc.cz\/#organization","name":"Evropsk\u00e1 Obchodn\u00ed Akademie","url":"https:\/\/www.oadc.cz\/","logo":{"@type":"ImageObject","inLanguage":"cs","@id":"https:\/\/www.oadc.cz\/#\/schema\/logo\/image\/","url":"https:\/\/www.oadc.cz\/wp-content\/uploads\/2020\/12\/EOA-logo_upr.png","contentUrl":"https:\/\/www.oadc.cz\/wp-content\/uploads\/2020\/12\/EOA-logo_upr.png","width":850,"height":632,"caption":"Evropsk\u00e1 Obchodn\u00ed Akademie"},"image":{"@id":"https:\/\/www.oadc.cz\/#\/schema\/logo\/image\/"},"sameAs":["https:\/\/www.facebook.com\/eoadc","https:\/\/www.instagram.com\/eoa.dc\/"]},{"@type":"Person","@id":"https:\/\/www.oadc.cz\/#\/schema\/person\/114954177cdcfa49e728ffb3849ea18c","name":"Jan Horais","image":{"@type":"ImageObject","inLanguage":"cs","@id":"https:\/\/www.oadc.cz\/#\/schema\/person\/image\/","url":"https:\/\/secure.gravatar.com\/avatar\/9f747f57fda48eee4f40361de292e2b6?s=96&d=mm&r=g","contentUrl":"https:\/\/secure.gravatar.com\/avatar\/9f747f57fda48eee4f40361de292e2b6?s=96&d=mm&r=g","caption":"Jan Horais"},"url":"https:\/\/www.oadc.cz\/index.php\/author\/jhorais\/"}]}},"_links":{"self":[{"href":"https:\/\/www.oadc.cz\/index.php\/wp-json\/wp\/v2\/posts\/2999"}],"collection":[{"href":"https:\/\/www.oadc.cz\/index.php\/wp-json\/wp\/v2\/posts"}],"about":[{"href":"https:\/\/www.oadc.cz\/index.php\/wp-json\/wp\/v2\/types\/post"}],"author":[{"embeddable":true,"href":"https:\/\/www.oadc.cz\/index.php\/wp-json\/wp\/v2\/users\/2"}],"replies":[{"embeddable":true,"href":"https:\/\/www.oadc.cz\/index.php\/wp-json\/wp\/v2\/comments?post=2999"}],"version-history":[{"count":8,"href":"https:\/\/www.oadc.cz\/index.php\/wp-json\/wp\/v2\/posts\/2999\/revisions"}],"predecessor-version":[{"id":3008,"href":"https:\/\/www.oadc.cz\/index.php\/wp-json\/wp\/v2\/posts\/2999\/revisions\/3008"}],"wp:featuredmedia":[{"embeddable":true,"href":"https:\/\/www.oadc.cz\/index.php\/wp-json\/wp\/v2\/media\/3004"}],"wp:attachment":[{"href":"https:\/\/www.oadc.cz\/index.php\/wp-json\/wp\/v2\/media?parent=2999"}],"wp:term":[{"taxonomy":"category","embeddable":true,"href":"https:\/\/www.oadc.cz\/index.php\/wp-json\/wp\/v2\/categories?post=2999"},{"taxonomy":"post_tag","embeddable":true,"href":"https:\/\/www.oadc.cz\/index.php\/wp-json\/wp\/v2\/tags?post=2999"}],"curies":[{"name":"wp","href":"https:\/\/api.w.org\/{rel}","templated":true}]}}