{"id":2518,"date":"2021-05-07T13:55:05","date_gmt":"2021-05-07T12:55:05","guid":{"rendered":"https:\/\/www.oadc.cz\/?p=2518"},"modified":"2021-05-07T22:17:57","modified_gmt":"2021-05-07T21:17:57","slug":"decinska-obchodka-spolupracuje-s-mistnimi-basketbalisty","status":"publish","type":"post","link":"https:\/\/www.oadc.cz\/index.php\/2021\/05\/07\/decinska-obchodka-spolupracuje-s-mistnimi-basketbalisty\/","title":{"rendered":"D\u011b\u010d\u00ednsk\u00e1 obchodka spolupracuje s m\u00edstn\u00edmi basketbalisty"},"content":{"rendered":"\t\t<div data-elementor-type=\"wp-post\" data-elementor-id=\"2518\" class=\"elementor elementor-2518\" data-elementor-post-type=\"post\">\n\t\t\t\t\t\t<section class=\"elementor-section elementor-top-section elementor-element elementor-element-94be728 elementor-section-boxed elementor-section-height-default elementor-section-height-default\" data-id=\"94be728\" data-element_type=\"section\">\n\t\t\t\t\t\t<div class=\"elementor-container elementor-column-gap-default\">\n\t\t\t\t\t<div class=\"elementor-column elementor-col-100 elementor-top-column elementor-element elementor-element-cd458aa\" data-id=\"cd458aa\" data-element_type=\"column\">\n\t\t\t<div class=\"elementor-widget-wrap elementor-element-populated\">\n\t\t\t\t\t\t<div class=\"elementor-element elementor-element-97fef59 elementor-widget elementor-widget-text-editor\" data-id=\"97fef59\" data-element_type=\"widget\" data-widget_type=\"text-editor.default\">\n\t\t\t\t<div class=\"elementor-widget-container\">\n\t\t\t<style>\/*! elementor - v3.19.0 - 26-02-2024 *\/\n.elementor-widget-text-editor.elementor-drop-cap-view-stacked .elementor-drop-cap{background-color:#69727d;color:#fff}.elementor-widget-text-editor.elementor-drop-cap-view-framed .elementor-drop-cap{color:#69727d;border:3px solid;background-color:transparent}.elementor-widget-text-editor:not(.elementor-drop-cap-view-default) .elementor-drop-cap{margin-top:8px}.elementor-widget-text-editor:not(.elementor-drop-cap-view-default) .elementor-drop-cap-letter{width:1em;height:1em}.elementor-widget-text-editor .elementor-drop-cap{float:left;text-align:center;line-height:1;font-size:50px}.elementor-widget-text-editor .elementor-drop-cap-letter{display:inline-block}<\/style>\t\t\t\t<p><span style=\"font-weight: 400;\">Evropskou obchodn\u00ed akademii D\u011b\u010d\u00edn za\u010d\u00e1tkem kv\u011btna nav\u0161t\u00edvila nov\u00e1 radn\u00ed pro oblast \u0161kolstv\u00ed, ml\u00e1de\u017ee a\u00a0sportu Ing. Jindra Zalab\u00e1kov\u00e1, kter\u00e1 se sezn\u00e1mila se \u0161kolou a jednotliv\u00fdmi studijn\u00edmi zam\u011b\u0159en\u00edmi. Zaj\u00edmala se mimo jin\u00e9 o vybaven\u00ed \u0161koly, zapojen\u00ed do projektov\u00e9 \u010dinnosti, uplatn\u011bn\u00ed absolvent\u016f nebo o spolupr\u00e1ci s\u00a0m\u00edstn\u00edmi podniky a organizacemi.\u00a0 P\u0159\u00edkladem dob\u0159e funguj\u00edc\u00ed spolupr\u00e1ce m\u016f\u017ee b\u00fdt ve studijn\u00edm zam\u011b\u0159en\u00ed Sportovn\u00ed marketing a management partnerstv\u00ed obchodn\u00ed akademie s\u00a0BK D\u011b\u010d\u00edn. \u017d\u00e1ci se tak mohou podrobn\u011b sezn\u00e1mit s\u00a0chodem profesion\u00e1ln\u00edho sportovn\u00edho klubu, s\u00a0pl\u00e1nov\u00e1n\u00edm a realizac\u00ed tr\u00e9ninkov\u00fdch \u010dinnost\u00ed nebo s\u00a0budov\u00e1n\u00edm klubov\u00e9 kultury a dal\u0161\u00edmi marketingov\u00fdmi aktivitami. Jedn\u00edm z\u00a0v\u00fdstup\u016f spolupr\u00e1ce je i \u017e\u00e1kovsk\u00fd basketbalov\u00fd turnaj, kter\u00fd s\u00a0podporou BK kompletn\u011b p\u0159ichystaj\u00ed a realizuj\u00ed sami \u017e\u00e1ci v\u00a0r\u00e1mci p\u0159edm\u011btu projektov\u00e9 \u0159\u00edzen\u00ed.<\/span><\/p><p><span style=\"font-weight: 400;\">Radn\u00ed Zalab\u00e1kovou zaujalo i nov\u00e9 atraktivn\u00ed zam\u011b\u0159en\u00ed studia \u2013 Digit\u00e1ln\u00ed marketing a komunikace, v\u00a0n\u011bm\u017e je vedle odborn\u00fdch kompetenc\u00ed kladen d\u016fraz na rozvoj digit\u00e1ln\u00ed gramotnosti a na mo\u017enosti podnik\u00e1n\u00ed v\u00a0online prost\u0159ed\u00ed.\u00a0<\/span><\/p><p><span style=\"font-weight: 400;\">Veden\u00ed EOA D\u011b\u010d\u00edn se s\u00a0radn\u00ed pro oblast \u0161kolstv\u00ed, ml\u00e1de\u017ee a\u00a0sportu shodlo na tom, \u017ee je pot\u0159eba neust\u00e1le hledat nov\u00e9 cesty pro uplatn\u011bn\u00ed absolvent\u016f na trhu pr\u00e1ce. K\u00a0tomu by mohlo v\u00e9st pr\u00e1v\u011b i \u0161ir\u0161\u00ed vyu\u017eit\u00ed IT n\u00e1stroj\u016f ve v\u00fduce odborn\u00fdch p\u0159edm\u011bt\u016f.<\/span><\/p>\t\t\t\t\t\t<\/div>\n\t\t\t\t<\/div>\n\t\t\t\t\t<\/div>\n\t\t<\/div>\n\t\t\t\t\t<\/div>\n\t\t<\/section>\n\t\t\t\t<\/div>\n\t\t","protected":false},"excerpt":{"rendered":"<p>Evropskou obchodn\u00ed akademii D\u011b\u010d\u00edn za\u010d\u00e1tkem kv\u011btna nav\u0161t\u00edvila nov\u00e1 radn\u00ed pro oblast \u0161kolstv\u00ed, ml\u00e1de\u017ee a&nbsp;sportu Ing. Jindra Zalab\u00e1kov\u00e1, kter\u00e1 se sezn\u00e1mila se \u0161kolou a jednotliv\u00fdmi studijn\u00edmi zam\u011b\u0159en\u00edmi. Zaj\u00edmala se mimo jin\u00e9 o vybaven\u00ed \u0161koly, zapojen\u00ed do projektov\u00e9 \u010dinnosti, uplatn\u011bn\u00ed absolvent\u016f nebo o spolupr\u00e1ci s&nbsp;m\u00edstn\u00edmi podniky a organizacemi.&nbsp; P\u0159\u00edkladem dob\u0159e funguj\u00edc\u00ed spolupr\u00e1ce m\u016f\u017ee b\u00fdt ve studijn\u00edm zam\u011b\u0159en\u00ed [&hellip;]<\/p>\n","protected":false},"author":2,"featured_media":2529,"comment_status":"closed","ping_status":"closed","sticky":false,"template":"","format":"standard","meta":{"footnotes":""},"categories":[15],"tags":[],"yoast_head":"<!-- This site is optimized with the Yoast SEO plugin v22.1 - https:\/\/yoast.com\/wordpress\/plugins\/seo\/ -->\n<title>D\u011b\u010d\u00ednsk\u00e1 obchodka spolupracuje s m\u00edstn\u00edmi basketbalisty - Evropsk\u00e1 obchodn\u00ed akademie<\/title>\n<meta name=\"robots\" content=\"index, follow, max-snippet:-1, max-image-preview:large, max-video-preview:-1\" \/>\n<link rel=\"canonical\" href=\"https:\/\/www.oadc.cz\/index.php\/2021\/05\/07\/decinska-obchodka-spolupracuje-s-mistnimi-basketbalisty\/\" \/>\n<meta property=\"og:locale\" content=\"cs_CZ\" \/>\n<meta property=\"og:type\" content=\"article\" \/>\n<meta property=\"og:title\" content=\"D\u011b\u010d\u00ednsk\u00e1 obchodka spolupracuje s m\u00edstn\u00edmi basketbalisty - Evropsk\u00e1 obchodn\u00ed akademie\" \/>\n<meta property=\"og:description\" content=\"Evropskou obchodn\u00ed akademii D\u011b\u010d\u00edn za\u010d\u00e1tkem kv\u011btna nav\u0161t\u00edvila nov\u00e1 radn\u00ed pro oblast \u0161kolstv\u00ed, ml\u00e1de\u017ee a&nbsp;sportu Ing. Jindra Zalab\u00e1kov\u00e1, kter\u00e1 se sezn\u00e1mila se \u0161kolou a jednotliv\u00fdmi studijn\u00edmi zam\u011b\u0159en\u00edmi. Zaj\u00edmala se mimo jin\u00e9 o vybaven\u00ed \u0161koly, zapojen\u00ed do projektov\u00e9 \u010dinnosti, uplatn\u011bn\u00ed absolvent\u016f nebo o spolupr\u00e1ci s&nbsp;m\u00edstn\u00edmi podniky a organizacemi.&nbsp; P\u0159\u00edkladem dob\u0159e funguj\u00edc\u00ed spolupr\u00e1ce m\u016f\u017ee b\u00fdt ve studijn\u00edm zam\u011b\u0159en\u00ed [&hellip;]\" \/>\n<meta property=\"og:url\" content=\"https:\/\/www.oadc.cz\/index.php\/2021\/05\/07\/decinska-obchodka-spolupracuje-s-mistnimi-basketbalisty\/\" \/>\n<meta property=\"og:site_name\" content=\"Evropsk\u00e1 obchodn\u00ed akademie\" \/>\n<meta property=\"article:publisher\" content=\"https:\/\/www.facebook.com\/eoadc\" \/>\n<meta property=\"article:published_time\" content=\"2021-05-07T12:55:05+00:00\" \/>\n<meta property=\"article:modified_time\" content=\"2021-05-07T21:17:57+00:00\" \/>\n<meta property=\"og:image\" content=\"https:\/\/www.oadc.cz\/wp-content\/uploads\/2021\/05\/Photo-0_2.jpg\" \/>\n\t<meta property=\"og:image:width\" content=\"766\" \/>\n\t<meta property=\"og:image:height\" content=\"845\" \/>\n\t<meta property=\"og:image:type\" content=\"image\/jpeg\" \/>\n<meta name=\"author\" content=\"Jan Horais\" \/>\n<meta name=\"twitter:card\" content=\"summary_large_image\" \/>\n<meta name=\"twitter:label1\" content=\"Napsal(a)\" \/>\n\t<meta name=\"twitter:data1\" content=\"Jan Horais\" \/>\n\t<meta name=\"twitter:label2\" content=\"Odhadovan\u00e1 doba \u010dten\u00ed\" \/>\n\t<meta name=\"twitter:data2\" content=\"1 minuta\" \/>\n<script type=\"application\/ld+json\" class=\"yoast-schema-graph\">{\"@context\":\"https:\/\/schema.org\",\"@graph\":[{\"@type\":\"Article\",\"@id\":\"https:\/\/www.oadc.cz\/index.php\/2021\/05\/07\/decinska-obchodka-spolupracuje-s-mistnimi-basketbalisty\/#article\",\"isPartOf\":{\"@id\":\"https:\/\/www.oadc.cz\/index.php\/2021\/05\/07\/decinska-obchodka-spolupracuje-s-mistnimi-basketbalisty\/\"},\"author\":{\"name\":\"Jan Horais\",\"@id\":\"https:\/\/www.oadc.cz\/#\/schema\/person\/114954177cdcfa49e728ffb3849ea18c\"},\"headline\":\"D\u011b\u010d\u00ednsk\u00e1 obchodka spolupracuje s m\u00edstn\u00edmi basketbalisty\",\"datePublished\":\"2021-05-07T12:55:05+00:00\",\"dateModified\":\"2021-05-07T21:17:57+00:00\",\"mainEntityOfPage\":{\"@id\":\"https:\/\/www.oadc.cz\/index.php\/2021\/05\/07\/decinska-obchodka-spolupracuje-s-mistnimi-basketbalisty\/\"},\"wordCount\":288,\"publisher\":{\"@id\":\"https:\/\/www.oadc.cz\/#organization\"},\"articleSection\":[\"\u0161koln\u00ed akce\"],\"inLanguage\":\"cs\"},{\"@type\":\"WebPage\",\"@id\":\"https:\/\/www.oadc.cz\/index.php\/2021\/05\/07\/decinska-obchodka-spolupracuje-s-mistnimi-basketbalisty\/\",\"url\":\"https:\/\/www.oadc.cz\/index.php\/2021\/05\/07\/decinska-obchodka-spolupracuje-s-mistnimi-basketbalisty\/\",\"name\":\"D\u011b\u010d\u00ednsk\u00e1 obchodka spolupracuje s m\u00edstn\u00edmi basketbalisty - Evropsk\u00e1 obchodn\u00ed akademie\",\"isPartOf\":{\"@id\":\"https:\/\/www.oadc.cz\/#website\"},\"datePublished\":\"2021-05-07T12:55:05+00:00\",\"dateModified\":\"2021-05-07T21:17:57+00:00\",\"breadcrumb\":{\"@id\":\"https:\/\/www.oadc.cz\/index.php\/2021\/05\/07\/decinska-obchodka-spolupracuje-s-mistnimi-basketbalisty\/#breadcrumb\"},\"inLanguage\":\"cs\",\"potentialAction\":[{\"@type\":\"ReadAction\",\"target\":[\"https:\/\/www.oadc.cz\/index.php\/2021\/05\/07\/decinska-obchodka-spolupracuje-s-mistnimi-basketbalisty\/\"]}]},{\"@type\":\"BreadcrumbList\",\"@id\":\"https:\/\/www.oadc.cz\/index.php\/2021\/05\/07\/decinska-obchodka-spolupracuje-s-mistnimi-basketbalisty\/#breadcrumb\",\"itemListElement\":[{\"@type\":\"ListItem\",\"position\":1,\"name\":\"Dom\u016f\",\"item\":\"https:\/\/www.oadc.cz\/\"},{\"@type\":\"ListItem\",\"position\":2,\"name\":\"D\u011b\u010d\u00ednsk\u00e1 obchodka spolupracuje s m\u00edstn\u00edmi basketbalisty\"}]},{\"@type\":\"WebSite\",\"@id\":\"https:\/\/www.oadc.cz\/#website\",\"url\":\"https:\/\/www.oadc.cz\/\",\"name\":\"Evropsk\u00e1 obchodn\u00ed akademie\",\"description\":\"st\u0159edn\u00ed odborn\u00e1 \u0161kola v D\u011b\u010d\u00edn\u011b\",\"publisher\":{\"@id\":\"https:\/\/www.oadc.cz\/#organization\"},\"potentialAction\":[{\"@type\":\"SearchAction\",\"target\":{\"@type\":\"EntryPoint\",\"urlTemplate\":\"https:\/\/www.oadc.cz\/?s={search_term_string}\"},\"query-input\":\"required name=search_term_string\"}],\"inLanguage\":\"cs\"},{\"@type\":\"Organization\",\"@id\":\"https:\/\/www.oadc.cz\/#organization\",\"name\":\"Evropsk\u00e1 Obchodn\u00ed Akademie\",\"url\":\"https:\/\/www.oadc.cz\/\",\"logo\":{\"@type\":\"ImageObject\",\"inLanguage\":\"cs\",\"@id\":\"https:\/\/www.oadc.cz\/#\/schema\/logo\/image\/\",\"url\":\"https:\/\/www.oadc.cz\/wp-content\/uploads\/2020\/12\/EOA-logo_upr.png\",\"contentUrl\":\"https:\/\/www.oadc.cz\/wp-content\/uploads\/2020\/12\/EOA-logo_upr.png\",\"width\":850,\"height\":632,\"caption\":\"Evropsk\u00e1 Obchodn\u00ed Akademie\"},\"image\":{\"@id\":\"https:\/\/www.oadc.cz\/#\/schema\/logo\/image\/\"},\"sameAs\":[\"https:\/\/www.facebook.com\/eoadc\",\"https:\/\/www.instagram.com\/eoa.dc\/\"]},{\"@type\":\"Person\",\"@id\":\"https:\/\/www.oadc.cz\/#\/schema\/person\/114954177cdcfa49e728ffb3849ea18c\",\"name\":\"Jan Horais\",\"image\":{\"@type\":\"ImageObject\",\"inLanguage\":\"cs\",\"@id\":\"https:\/\/www.oadc.cz\/#\/schema\/person\/image\/\",\"url\":\"https:\/\/secure.gravatar.com\/avatar\/9f747f57fda48eee4f40361de292e2b6?s=96&d=mm&r=g\",\"contentUrl\":\"https:\/\/secure.gravatar.com\/avatar\/9f747f57fda48eee4f40361de292e2b6?s=96&d=mm&r=g\",\"caption\":\"Jan Horais\"},\"url\":\"https:\/\/www.oadc.cz\/index.php\/author\/jhorais\/\"}]}<\/script>\n<!-- \/ Yoast SEO plugin. -->","yoast_head_json":{"title":"D\u011b\u010d\u00ednsk\u00e1 obchodka spolupracuje s m\u00edstn\u00edmi basketbalisty - Evropsk\u00e1 obchodn\u00ed akademie","robots":{"index":"index","follow":"follow","max-snippet":"max-snippet:-1","max-image-preview":"max-image-preview:large","max-video-preview":"max-video-preview:-1"},"canonical":"https:\/\/www.oadc.cz\/index.php\/2021\/05\/07\/decinska-obchodka-spolupracuje-s-mistnimi-basketbalisty\/","og_locale":"cs_CZ","og_type":"article","og_title":"D\u011b\u010d\u00ednsk\u00e1 obchodka spolupracuje s m\u00edstn\u00edmi basketbalisty - Evropsk\u00e1 obchodn\u00ed akademie","og_description":"Evropskou obchodn\u00ed akademii D\u011b\u010d\u00edn za\u010d\u00e1tkem kv\u011btna nav\u0161t\u00edvila nov\u00e1 radn\u00ed pro oblast \u0161kolstv\u00ed, ml\u00e1de\u017ee a&nbsp;sportu Ing. Jindra Zalab\u00e1kov\u00e1, kter\u00e1 se sezn\u00e1mila se \u0161kolou a jednotliv\u00fdmi studijn\u00edmi zam\u011b\u0159en\u00edmi. Zaj\u00edmala se mimo jin\u00e9 o vybaven\u00ed \u0161koly, zapojen\u00ed do projektov\u00e9 \u010dinnosti, uplatn\u011bn\u00ed absolvent\u016f nebo o spolupr\u00e1ci s&nbsp;m\u00edstn\u00edmi podniky a organizacemi.&nbsp; P\u0159\u00edkladem dob\u0159e funguj\u00edc\u00ed spolupr\u00e1ce m\u016f\u017ee b\u00fdt ve studijn\u00edm zam\u011b\u0159en\u00ed [&hellip;]","og_url":"https:\/\/www.oadc.cz\/index.php\/2021\/05\/07\/decinska-obchodka-spolupracuje-s-mistnimi-basketbalisty\/","og_site_name":"Evropsk\u00e1 obchodn\u00ed akademie","article_publisher":"https:\/\/www.facebook.com\/eoadc","article_published_time":"2021-05-07T12:55:05+00:00","article_modified_time":"2021-05-07T21:17:57+00:00","og_image":[{"width":766,"height":845,"url":"https:\/\/www.oadc.cz\/wp-content\/uploads\/2021\/05\/Photo-0_2.jpg","type":"image\/jpeg"}],"author":"Jan Horais","twitter_card":"summary_large_image","twitter_misc":{"Napsal(a)":"Jan Horais","Odhadovan\u00e1 doba \u010dten\u00ed":"1 minuta"},"schema":{"@context":"https:\/\/schema.org","@graph":[{"@type":"Article","@id":"https:\/\/www.oadc.cz\/index.php\/2021\/05\/07\/decinska-obchodka-spolupracuje-s-mistnimi-basketbalisty\/#article","isPartOf":{"@id":"https:\/\/www.oadc.cz\/index.php\/2021\/05\/07\/decinska-obchodka-spolupracuje-s-mistnimi-basketbalisty\/"},"author":{"name":"Jan Horais","@id":"https:\/\/www.oadc.cz\/#\/schema\/person\/114954177cdcfa49e728ffb3849ea18c"},"headline":"D\u011b\u010d\u00ednsk\u00e1 obchodka spolupracuje s m\u00edstn\u00edmi basketbalisty","datePublished":"2021-05-07T12:55:05+00:00","dateModified":"2021-05-07T21:17:57+00:00","mainEntityOfPage":{"@id":"https:\/\/www.oadc.cz\/index.php\/2021\/05\/07\/decinska-obchodka-spolupracuje-s-mistnimi-basketbalisty\/"},"wordCount":288,"publisher":{"@id":"https:\/\/www.oadc.cz\/#organization"},"articleSection":["\u0161koln\u00ed akce"],"inLanguage":"cs"},{"@type":"WebPage","@id":"https:\/\/www.oadc.cz\/index.php\/2021\/05\/07\/decinska-obchodka-spolupracuje-s-mistnimi-basketbalisty\/","url":"https:\/\/www.oadc.cz\/index.php\/2021\/05\/07\/decinska-obchodka-spolupracuje-s-mistnimi-basketbalisty\/","name":"D\u011b\u010d\u00ednsk\u00e1 obchodka spolupracuje s m\u00edstn\u00edmi basketbalisty - Evropsk\u00e1 obchodn\u00ed akademie","isPartOf":{"@id":"https:\/\/www.oadc.cz\/#website"},"datePublished":"2021-05-07T12:55:05+00:00","dateModified":"2021-05-07T21:17:57+00:00","breadcrumb":{"@id":"https:\/\/www.oadc.cz\/index.php\/2021\/05\/07\/decinska-obchodka-spolupracuje-s-mistnimi-basketbalisty\/#breadcrumb"},"inLanguage":"cs","potentialAction":[{"@type":"ReadAction","target":["https:\/\/www.oadc.cz\/index.php\/2021\/05\/07\/decinska-obchodka-spolupracuje-s-mistnimi-basketbalisty\/"]}]},{"@type":"BreadcrumbList","@id":"https:\/\/www.oadc.cz\/index.php\/2021\/05\/07\/decinska-obchodka-spolupracuje-s-mistnimi-basketbalisty\/#breadcrumb","itemListElement":[{"@type":"ListItem","position":1,"name":"Dom\u016f","item":"https:\/\/www.oadc.cz\/"},{"@type":"ListItem","position":2,"name":"D\u011b\u010d\u00ednsk\u00e1 obchodka spolupracuje s m\u00edstn\u00edmi basketbalisty"}]},{"@type":"WebSite","@id":"https:\/\/www.oadc.cz\/#website","url":"https:\/\/www.oadc.cz\/","name":"Evropsk\u00e1 obchodn\u00ed akademie","description":"st\u0159edn\u00ed odborn\u00e1 \u0161kola v D\u011b\u010d\u00edn\u011b","publisher":{"@id":"https:\/\/www.oadc.cz\/#organization"},"potentialAction":[{"@type":"SearchAction","target":{"@type":"EntryPoint","urlTemplate":"https:\/\/www.oadc.cz\/?s={search_term_string}"},"query-input":"required name=search_term_string"}],"inLanguage":"cs"},{"@type":"Organization","@id":"https:\/\/www.oadc.cz\/#organization","name":"Evropsk\u00e1 Obchodn\u00ed Akademie","url":"https:\/\/www.oadc.cz\/","logo":{"@type":"ImageObject","inLanguage":"cs","@id":"https:\/\/www.oadc.cz\/#\/schema\/logo\/image\/","url":"https:\/\/www.oadc.cz\/wp-content\/uploads\/2020\/12\/EOA-logo_upr.png","contentUrl":"https:\/\/www.oadc.cz\/wp-content\/uploads\/2020\/12\/EOA-logo_upr.png","width":850,"height":632,"caption":"Evropsk\u00e1 Obchodn\u00ed Akademie"},"image":{"@id":"https:\/\/www.oadc.cz\/#\/schema\/logo\/image\/"},"sameAs":["https:\/\/www.facebook.com\/eoadc","https:\/\/www.instagram.com\/eoa.dc\/"]},{"@type":"Person","@id":"https:\/\/www.oadc.cz\/#\/schema\/person\/114954177cdcfa49e728ffb3849ea18c","name":"Jan Horais","image":{"@type":"ImageObject","inLanguage":"cs","@id":"https:\/\/www.oadc.cz\/#\/schema\/person\/image\/","url":"https:\/\/secure.gravatar.com\/avatar\/9f747f57fda48eee4f40361de292e2b6?s=96&d=mm&r=g","contentUrl":"https:\/\/secure.gravatar.com\/avatar\/9f747f57fda48eee4f40361de292e2b6?s=96&d=mm&r=g","caption":"Jan Horais"},"url":"https:\/\/www.oadc.cz\/index.php\/author\/jhorais\/"}]}},"_links":{"self":[{"href":"https:\/\/www.oadc.cz\/index.php\/wp-json\/wp\/v2\/posts\/2518"}],"collection":[{"href":"https:\/\/www.oadc.cz\/index.php\/wp-json\/wp\/v2\/posts"}],"about":[{"href":"https:\/\/www.oadc.cz\/index.php\/wp-json\/wp\/v2\/types\/post"}],"author":[{"embeddable":true,"href":"https:\/\/www.oadc.cz\/index.php\/wp-json\/wp\/v2\/users\/2"}],"replies":[{"embeddable":true,"href":"https:\/\/www.oadc.cz\/index.php\/wp-json\/wp\/v2\/comments?post=2518"}],"version-history":[{"count":5,"href":"https:\/\/www.oadc.cz\/index.php\/wp-json\/wp\/v2\/posts\/2518\/revisions"}],"predecessor-version":[{"id":2525,"href":"https:\/\/www.oadc.cz\/index.php\/wp-json\/wp\/v2\/posts\/2518\/revisions\/2525"}],"wp:featuredmedia":[{"embeddable":true,"href":"https:\/\/www.oadc.cz\/index.php\/wp-json\/wp\/v2\/media\/2529"}],"wp:attachment":[{"href":"https:\/\/www.oadc.cz\/index.php\/wp-json\/wp\/v2\/media?parent=2518"}],"wp:term":[{"taxonomy":"category","embeddable":true,"href":"https:\/\/www.oadc.cz\/index.php\/wp-json\/wp\/v2\/categories?post=2518"},{"taxonomy":"post_tag","embeddable":true,"href":"https:\/\/www.oadc.cz\/index.php\/wp-json\/wp\/v2\/tags?post=2518"}],"curies":[{"name":"wp","href":"https:\/\/api.w.org\/{rel}","templated":true}]}}