{"id":11127,"date":"2026-09-01T09:00:38","date_gmt":"2026-09-01T08:00:38","guid":{"rendered":"https:\/\/www.oadc.cz\/?p=11127"},"modified":"2026-09-01T09:06:36","modified_gmt":"2026-09-01T08:06:36","slug":"projektovy-den-pro-zs-komenskeho","status":"publish","type":"post","link":"https:\/\/www.oadc.cz\/index.php\/2026\/09\/01\/projektovy-den-pro-zs-komenskeho\/","title":{"rendered":"Projektov\u00fd den pro Z\u0160 Komensk\u00e9ho"},"content":{"rendered":"\t\t<div data-elementor-type=\"wp-post\" data-elementor-id=\"11127\" class=\"elementor elementor-11127\" data-elementor-post-type=\"post\">\n\t\t\t\t<div class=\"elementor-element elementor-element-41aad8f e-flex e-con-boxed e-con e-parent\" data-id=\"41aad8f\" data-element_type=\"container\" data-settings=\"{&quot;content_width&quot;:&quot;boxed&quot;}\" data-core-v316-plus=\"true\">\n\t\t\t\t\t<div class=\"e-con-inner\">\n\t\t\t\t<div class=\"elementor-element elementor-element-8c6a0fa elementor-widget elementor-widget-text-editor\" data-id=\"8c6a0fa\" data-element_type=\"widget\" data-widget_type=\"text-editor.default\">\n\t\t\t\t<div class=\"elementor-widget-container\">\n\t\t\t<style>\/*! elementor - v3.19.0 - 26-02-2024 *\/\n.elementor-widget-text-editor.elementor-drop-cap-view-stacked .elementor-drop-cap{background-color:#69727d;color:#fff}.elementor-widget-text-editor.elementor-drop-cap-view-framed .elementor-drop-cap{color:#69727d;border:3px solid;background-color:transparent}.elementor-widget-text-editor:not(.elementor-drop-cap-view-default) .elementor-drop-cap{margin-top:8px}.elementor-widget-text-editor:not(.elementor-drop-cap-view-default) .elementor-drop-cap-letter{width:1em;height:1em}.elementor-widget-text-editor .elementor-drop-cap{float:left;text-align:center;line-height:1;font-size:50px}.elementor-widget-text-editor .elementor-drop-cap-letter{display:inline-block}<\/style>\t\t\t\t<p>Dne 7. 5. 2026 p\u0159ipravil v r\u00e1mci projektov\u00e9ho \u0159\u00edzen\u00ed t\u00fdm Quinta pro \u017e\u00e1ky 7. ro\u010dn\u00edku Z\u0160 Komensk\u00e9ho projektov\u00fd den na t\u00e9ma finan\u010dn\u00ed instituce.<\/p><p>\u017d\u00e1ci se dozv\u011bd\u011bli spoustu zaj\u00edmav\u00fdch informac\u00ed o finan\u010dn\u00ed instituc\u00edch v\u00a0\u010cesk\u00e9 republice. Sv\u00e9 nov\u00e9 znalosti si n\u00e1sledn\u011b mohli ov\u011b\u0159it v z\u00e1bavn\u00e9m Kahootu. \u00a0Velk\u00e9 pod\u011bkov\u00e1n\u00ed pat\u0159\u00ed spole\u010dnosti Kaufland, kter\u00e1 tuto akci finan\u010dn\u011b podpo\u0159ila. D\u00edky jej\u00ed podpo\u0159e jsme mohli pro \u017e\u00e1ky p\u0159ipravit odm\u011bny, kter\u00e9 jim ud\u011blaly velkou radost.<\/p><p>Projektov\u00fd den jsme si spole\u010dn\u011b moc u\u017eili a v\u011b\u0159\u00edme, \u017ee si \u017e\u00e1ci odnesli nejen nov\u00e9 v\u011bdomosti, ale tak\u00e9 spoustu p\u0159\u00edjemn\u00fdch z\u00e1\u017eitk\u016f.<\/p><div id=\"gtx-trans\" style=\"position: absolute; left: -227px; top: -10px;\"><div class=\"gtx-trans-icon\">\u00a0<\/div><\/div>\t\t\t\t\t\t<\/div>\n\t\t\t\t<\/div>\n\t\t\t\t\t<\/div>\n\t\t\t\t<\/div>\n\t\t<div class=\"elementor-element elementor-element-07ae883 e-flex e-con-boxed e-con e-parent\" data-id=\"07ae883\" data-element_type=\"container\" data-settings=\"{&quot;content_width&quot;:&quot;boxed&quot;}\" data-core-v316-plus=\"true\">\n\t\t\t\t\t<div class=\"e-con-inner\">\n\t\t\t\t<div class=\"elementor-element elementor-element-613b169 elementor-widget elementor-widget-image\" data-id=\"613b169\" data-element_type=\"widget\" data-widget_type=\"image.default\">\n\t\t\t\t<div class=\"elementor-widget-container\">\n\t\t\t<style>\/*! elementor - v3.19.0 - 26-02-2024 *\/\n.elementor-widget-image{text-align:center}.elementor-widget-image a{display:inline-block}.elementor-widget-image a img[src$=\".svg\"]{width:48px}.elementor-widget-image img{vertical-align:middle;display:inline-block}<\/style>\t\t\t\t\t\t\t\t\t\t<img fetchpriority=\"high\" decoding=\"async\" width=\"1024\" height=\"768\" src=\"https:\/\/www.oadc.cz\/wp-content\/uploads\/2026\/09\/08-31-Projektovy-den-pro-ZS-Komenskeho-1024x768.jpg\" class=\"attachment-large size-large wp-image-11116\" alt=\"Projektov\u00fd den pro Z\u0160 Komensk\u00e9ho\" srcset=\"https:\/\/www.oadc.cz\/wp-content\/uploads\/2026\/09\/08-31-Projektovy-den-pro-ZS-Komenskeho-1024x768.jpg 1024w, https:\/\/www.oadc.cz\/wp-content\/uploads\/2026\/09\/08-31-Projektovy-den-pro-ZS-Komenskeho-300x225.jpg 300w, https:\/\/www.oadc.cz\/wp-content\/uploads\/2026\/09\/08-31-Projektovy-den-pro-ZS-Komenskeho-768x576.jpg 768w, https:\/\/www.oadc.cz\/wp-content\/uploads\/2026\/09\/08-31-Projektovy-den-pro-ZS-Komenskeho-1536x1152.jpg 1536w, https:\/\/www.oadc.cz\/wp-content\/uploads\/2026\/09\/08-31-Projektovy-den-pro-ZS-Komenskeho-2048x1536.jpg 2048w\" sizes=\"(max-width: 1024px) 100vw, 1024px\" \/>\t\t\t\t\t\t\t\t\t\t\t\t\t<\/div>\n\t\t\t\t<\/div>\n\t\t\t\t\t<\/div>\n\t\t\t\t<\/div>\n\t\t\t\t<\/div>\n\t\t","protected":false},"excerpt":{"rendered":"<p>Dne 7. 5. 2026 p\u0159ipravil v r\u00e1mci projektov\u00e9ho \u0159\u00edzen\u00ed t\u00fdm Quinta pro \u017e\u00e1ky 7. ro\u010dn\u00edku Z\u0160 Komensk\u00e9ho projektov\u00fd den na t\u00e9ma finan\u010dn\u00ed instituce. \u017d\u00e1ci se dozv\u011bd\u011bli spoustu zaj\u00edmav\u00fdch informac\u00ed o finan\u010dn\u00ed instituc\u00edch v\u00a0\u010cesk\u00e9 republice. Sv\u00e9 nov\u00e9 znalosti si n\u00e1sledn\u011b mohli ov\u011b\u0159it v z\u00e1bavn\u00e9m Kahootu. \u00a0Velk\u00e9 pod\u011bkov\u00e1n\u00ed pat\u0159\u00ed spole\u010dnosti Kaufland, kter\u00e1 tuto akci finan\u010dn\u011b podpo\u0159ila. D\u00edky [&hellip;]<\/p>\n","protected":false},"author":2,"featured_media":11115,"comment_status":"closed","ping_status":"closed","sticky":false,"template":"","format":"standard","meta":{"footnotes":""},"categories":[15],"tags":[],"yoast_head":"<!-- This site is optimized with the Yoast SEO plugin v22.1 - https:\/\/yoast.com\/wordpress\/plugins\/seo\/ -->\n<title>Projektov\u00fd den pro Z\u0160 Komensk\u00e9ho - Evropsk\u00e1 obchodn\u00ed akademie<\/title>\n<meta name=\"robots\" content=\"index, follow, max-snippet:-1, max-image-preview:large, max-video-preview:-1\" \/>\n<link rel=\"canonical\" href=\"https:\/\/www.oadc.cz\/index.php\/2026\/09\/01\/projektovy-den-pro-zs-komenskeho\/\" \/>\n<meta property=\"og:locale\" content=\"cs_CZ\" \/>\n<meta property=\"og:type\" content=\"article\" \/>\n<meta property=\"og:title\" content=\"Projektov\u00fd den pro Z\u0160 Komensk\u00e9ho - Evropsk\u00e1 obchodn\u00ed akademie\" \/>\n<meta property=\"og:description\" content=\"Dne 7. 5. 2026 p\u0159ipravil v r\u00e1mci projektov\u00e9ho \u0159\u00edzen\u00ed t\u00fdm Quinta pro \u017e\u00e1ky 7. ro\u010dn\u00edku Z\u0160 Komensk\u00e9ho projektov\u00fd den na t\u00e9ma finan\u010dn\u00ed instituce. \u017d\u00e1ci se dozv\u011bd\u011bli spoustu zaj\u00edmav\u00fdch informac\u00ed o finan\u010dn\u00ed instituc\u00edch v\u00a0\u010cesk\u00e9 republice. Sv\u00e9 nov\u00e9 znalosti si n\u00e1sledn\u011b mohli ov\u011b\u0159it v z\u00e1bavn\u00e9m Kahootu. \u00a0Velk\u00e9 pod\u011bkov\u00e1n\u00ed pat\u0159\u00ed spole\u010dnosti Kaufland, kter\u00e1 tuto akci finan\u010dn\u011b podpo\u0159ila. D\u00edky [&hellip;]\" \/>\n<meta property=\"og:url\" content=\"https:\/\/www.oadc.cz\/index.php\/2026\/09\/01\/projektovy-den-pro-zs-komenskeho\/\" \/>\n<meta property=\"og:site_name\" content=\"Evropsk\u00e1 obchodn\u00ed akademie\" \/>\n<meta property=\"article:publisher\" content=\"https:\/\/www.facebook.com\/eoadc\" \/>\n<meta property=\"article:published_time\" content=\"2026-09-01T08:00:38+00:00\" \/>\n<meta property=\"article:modified_time\" content=\"2026-09-01T08:06:36+00:00\" \/>\n<meta property=\"og:image\" content=\"https:\/\/www.oadc.cz\/wp-content\/uploads\/2026\/09\/08-31-Projektovy-den-pro-ZS-Komenskeho-r.jpg\" \/>\n\t<meta property=\"og:image:width\" content=\"800\" \/>\n\t<meta property=\"og:image:height\" content=\"600\" \/>\n\t<meta property=\"og:image:type\" content=\"image\/jpeg\" \/>\n<meta name=\"author\" content=\"Jan Horais\" \/>\n<meta name=\"twitter:card\" content=\"summary_large_image\" \/>\n<meta name=\"twitter:label1\" content=\"Napsal(a)\" \/>\n\t<meta name=\"twitter:data1\" content=\"Jan Horais\" \/>\n\t<meta name=\"twitter:label2\" content=\"Odhadovan\u00e1 doba \u010dten\u00ed\" \/>\n\t<meta name=\"twitter:data2\" content=\"1 minuta\" \/>\n<script type=\"application\/ld+json\" class=\"yoast-schema-graph\">{\"@context\":\"https:\/\/schema.org\",\"@graph\":[{\"@type\":\"Article\",\"@id\":\"https:\/\/www.oadc.cz\/index.php\/2026\/09\/01\/projektovy-den-pro-zs-komenskeho\/#article\",\"isPartOf\":{\"@id\":\"https:\/\/www.oadc.cz\/index.php\/2026\/09\/01\/projektovy-den-pro-zs-komenskeho\/\"},\"author\":{\"name\":\"Jan Horais\",\"@id\":\"https:\/\/www.oadc.cz\/#\/schema\/person\/114954177cdcfa49e728ffb3849ea18c\"},\"headline\":\"Projektov\u00fd den pro Z\u0160 Komensk\u00e9ho\",\"datePublished\":\"2026-09-01T08:00:38+00:00\",\"dateModified\":\"2026-09-01T08:06:36+00:00\",\"mainEntityOfPage\":{\"@id\":\"https:\/\/www.oadc.cz\/index.php\/2026\/09\/01\/projektovy-den-pro-zs-komenskeho\/\"},\"wordCount\":128,\"publisher\":{\"@id\":\"https:\/\/www.oadc.cz\/#organization\"},\"articleSection\":[\"\u0161koln\u00ed akce\"],\"inLanguage\":\"cs\"},{\"@type\":\"WebPage\",\"@id\":\"https:\/\/www.oadc.cz\/index.php\/2026\/09\/01\/projektovy-den-pro-zs-komenskeho\/\",\"url\":\"https:\/\/www.oadc.cz\/index.php\/2026\/09\/01\/projektovy-den-pro-zs-komenskeho\/\",\"name\":\"Projektov\u00fd den pro Z\u0160 Komensk\u00e9ho - Evropsk\u00e1 obchodn\u00ed akademie\",\"isPartOf\":{\"@id\":\"https:\/\/www.oadc.cz\/#website\"},\"datePublished\":\"2026-09-01T08:00:38+00:00\",\"dateModified\":\"2026-09-01T08:06:36+00:00\",\"breadcrumb\":{\"@id\":\"https:\/\/www.oadc.cz\/index.php\/2026\/09\/01\/projektovy-den-pro-zs-komenskeho\/#breadcrumb\"},\"inLanguage\":\"cs\",\"potentialAction\":[{\"@type\":\"ReadAction\",\"target\":[\"https:\/\/www.oadc.cz\/index.php\/2026\/09\/01\/projektovy-den-pro-zs-komenskeho\/\"]}]},{\"@type\":\"BreadcrumbList\",\"@id\":\"https:\/\/www.oadc.cz\/index.php\/2026\/09\/01\/projektovy-den-pro-zs-komenskeho\/#breadcrumb\",\"itemListElement\":[{\"@type\":\"ListItem\",\"position\":1,\"name\":\"Dom\u016f\",\"item\":\"https:\/\/www.oadc.cz\/\"},{\"@type\":\"ListItem\",\"position\":2,\"name\":\"Projektov\u00fd den pro Z\u0160 Komensk\u00e9ho\"}]},{\"@type\":\"WebSite\",\"@id\":\"https:\/\/www.oadc.cz\/#website\",\"url\":\"https:\/\/www.oadc.cz\/\",\"name\":\"Evropsk\u00e1 obchodn\u00ed akademie\",\"description\":\"st\u0159edn\u00ed odborn\u00e1 \u0161kola v D\u011b\u010d\u00edn\u011b\",\"publisher\":{\"@id\":\"https:\/\/www.oadc.cz\/#organization\"},\"potentialAction\":[{\"@type\":\"SearchAction\",\"target\":{\"@type\":\"EntryPoint\",\"urlTemplate\":\"https:\/\/www.oadc.cz\/?s={search_term_string}\"},\"query-input\":\"required name=search_term_string\"}],\"inLanguage\":\"cs\"},{\"@type\":\"Organization\",\"@id\":\"https:\/\/www.oadc.cz\/#organization\",\"name\":\"Evropsk\u00e1 Obchodn\u00ed Akademie\",\"url\":\"https:\/\/www.oadc.cz\/\",\"logo\":{\"@type\":\"ImageObject\",\"inLanguage\":\"cs\",\"@id\":\"https:\/\/www.oadc.cz\/#\/schema\/logo\/image\/\",\"url\":\"https:\/\/www.oadc.cz\/wp-content\/uploads\/2020\/12\/EOA-logo_upr.png\",\"contentUrl\":\"https:\/\/www.oadc.cz\/wp-content\/uploads\/2020\/12\/EOA-logo_upr.png\",\"width\":850,\"height\":632,\"caption\":\"Evropsk\u00e1 Obchodn\u00ed Akademie\"},\"image\":{\"@id\":\"https:\/\/www.oadc.cz\/#\/schema\/logo\/image\/\"},\"sameAs\":[\"https:\/\/www.facebook.com\/eoadc\",\"https:\/\/www.instagram.com\/eoa.dc\/\"]},{\"@type\":\"Person\",\"@id\":\"https:\/\/www.oadc.cz\/#\/schema\/person\/114954177cdcfa49e728ffb3849ea18c\",\"name\":\"Jan Horais\",\"image\":{\"@type\":\"ImageObject\",\"inLanguage\":\"cs\",\"@id\":\"https:\/\/www.oadc.cz\/#\/schema\/person\/image\/\",\"url\":\"https:\/\/secure.gravatar.com\/avatar\/9f747f57fda48eee4f40361de292e2b6?s=96&d=mm&r=g\",\"contentUrl\":\"https:\/\/secure.gravatar.com\/avatar\/9f747f57fda48eee4f40361de292e2b6?s=96&d=mm&r=g\",\"caption\":\"Jan Horais\"},\"url\":\"https:\/\/www.oadc.cz\/index.php\/author\/jhorais\/\"}]}<\/script>\n<!-- \/ Yoast SEO plugin. -->","yoast_head_json":{"title":"Projektov\u00fd den pro Z\u0160 Komensk\u00e9ho - Evropsk\u00e1 obchodn\u00ed akademie","robots":{"index":"index","follow":"follow","max-snippet":"max-snippet:-1","max-image-preview":"max-image-preview:large","max-video-preview":"max-video-preview:-1"},"canonical":"https:\/\/www.oadc.cz\/index.php\/2026\/09\/01\/projektovy-den-pro-zs-komenskeho\/","og_locale":"cs_CZ","og_type":"article","og_title":"Projektov\u00fd den pro Z\u0160 Komensk\u00e9ho - Evropsk\u00e1 obchodn\u00ed akademie","og_description":"Dne 7. 5. 2026 p\u0159ipravil v r\u00e1mci projektov\u00e9ho \u0159\u00edzen\u00ed t\u00fdm Quinta pro \u017e\u00e1ky 7. ro\u010dn\u00edku Z\u0160 Komensk\u00e9ho projektov\u00fd den na t\u00e9ma finan\u010dn\u00ed instituce. \u017d\u00e1ci se dozv\u011bd\u011bli spoustu zaj\u00edmav\u00fdch informac\u00ed o finan\u010dn\u00ed instituc\u00edch v\u00a0\u010cesk\u00e9 republice. Sv\u00e9 nov\u00e9 znalosti si n\u00e1sledn\u011b mohli ov\u011b\u0159it v z\u00e1bavn\u00e9m Kahootu. \u00a0Velk\u00e9 pod\u011bkov\u00e1n\u00ed pat\u0159\u00ed spole\u010dnosti Kaufland, kter\u00e1 tuto akci finan\u010dn\u011b podpo\u0159ila. D\u00edky [&hellip;]","og_url":"https:\/\/www.oadc.cz\/index.php\/2026\/09\/01\/projektovy-den-pro-zs-komenskeho\/","og_site_name":"Evropsk\u00e1 obchodn\u00ed akademie","article_publisher":"https:\/\/www.facebook.com\/eoadc","article_published_time":"2026-09-01T08:00:38+00:00","article_modified_time":"2026-09-01T08:06:36+00:00","og_image":[{"width":800,"height":600,"url":"https:\/\/www.oadc.cz\/wp-content\/uploads\/2026\/09\/08-31-Projektovy-den-pro-ZS-Komenskeho-r.jpg","type":"image\/jpeg"}],"author":"Jan Horais","twitter_card":"summary_large_image","twitter_misc":{"Napsal(a)":"Jan Horais","Odhadovan\u00e1 doba \u010dten\u00ed":"1 minuta"},"schema":{"@context":"https:\/\/schema.org","@graph":[{"@type":"Article","@id":"https:\/\/www.oadc.cz\/index.php\/2026\/09\/01\/projektovy-den-pro-zs-komenskeho\/#article","isPartOf":{"@id":"https:\/\/www.oadc.cz\/index.php\/2026\/09\/01\/projektovy-den-pro-zs-komenskeho\/"},"author":{"name":"Jan Horais","@id":"https:\/\/www.oadc.cz\/#\/schema\/person\/114954177cdcfa49e728ffb3849ea18c"},"headline":"Projektov\u00fd den pro Z\u0160 Komensk\u00e9ho","datePublished":"2026-09-01T08:00:38+00:00","dateModified":"2026-09-01T08:06:36+00:00","mainEntityOfPage":{"@id":"https:\/\/www.oadc.cz\/index.php\/2026\/09\/01\/projektovy-den-pro-zs-komenskeho\/"},"wordCount":128,"publisher":{"@id":"https:\/\/www.oadc.cz\/#organization"},"articleSection":["\u0161koln\u00ed akce"],"inLanguage":"cs"},{"@type":"WebPage","@id":"https:\/\/www.oadc.cz\/index.php\/2026\/09\/01\/projektovy-den-pro-zs-komenskeho\/","url":"https:\/\/www.oadc.cz\/index.php\/2026\/09\/01\/projektovy-den-pro-zs-komenskeho\/","name":"Projektov\u00fd den pro Z\u0160 Komensk\u00e9ho - Evropsk\u00e1 obchodn\u00ed akademie","isPartOf":{"@id":"https:\/\/www.oadc.cz\/#website"},"datePublished":"2026-09-01T08:00:38+00:00","dateModified":"2026-09-01T08:06:36+00:00","breadcrumb":{"@id":"https:\/\/www.oadc.cz\/index.php\/2026\/09\/01\/projektovy-den-pro-zs-komenskeho\/#breadcrumb"},"inLanguage":"cs","potentialAction":[{"@type":"ReadAction","target":["https:\/\/www.oadc.cz\/index.php\/2026\/09\/01\/projektovy-den-pro-zs-komenskeho\/"]}]},{"@type":"BreadcrumbList","@id":"https:\/\/www.oadc.cz\/index.php\/2026\/09\/01\/projektovy-den-pro-zs-komenskeho\/#breadcrumb","itemListElement":[{"@type":"ListItem","position":1,"name":"Dom\u016f","item":"https:\/\/www.oadc.cz\/"},{"@type":"ListItem","position":2,"name":"Projektov\u00fd den pro Z\u0160 Komensk\u00e9ho"}]},{"@type":"WebSite","@id":"https:\/\/www.oadc.cz\/#website","url":"https:\/\/www.oadc.cz\/","name":"Evropsk\u00e1 obchodn\u00ed akademie","description":"st\u0159edn\u00ed odborn\u00e1 \u0161kola v D\u011b\u010d\u00edn\u011b","publisher":{"@id":"https:\/\/www.oadc.cz\/#organization"},"potentialAction":[{"@type":"SearchAction","target":{"@type":"EntryPoint","urlTemplate":"https:\/\/www.oadc.cz\/?s={search_term_string}"},"query-input":"required name=search_term_string"}],"inLanguage":"cs"},{"@type":"Organization","@id":"https:\/\/www.oadc.cz\/#organization","name":"Evropsk\u00e1 Obchodn\u00ed Akademie","url":"https:\/\/www.oadc.cz\/","logo":{"@type":"ImageObject","inLanguage":"cs","@id":"https:\/\/www.oadc.cz\/#\/schema\/logo\/image\/","url":"https:\/\/www.oadc.cz\/wp-content\/uploads\/2020\/12\/EOA-logo_upr.png","contentUrl":"https:\/\/www.oadc.cz\/wp-content\/uploads\/2020\/12\/EOA-logo_upr.png","width":850,"height":632,"caption":"Evropsk\u00e1 Obchodn\u00ed Akademie"},"image":{"@id":"https:\/\/www.oadc.cz\/#\/schema\/logo\/image\/"},"sameAs":["https:\/\/www.facebook.com\/eoadc","https:\/\/www.instagram.com\/eoa.dc\/"]},{"@type":"Person","@id":"https:\/\/www.oadc.cz\/#\/schema\/person\/114954177cdcfa49e728ffb3849ea18c","name":"Jan Horais","image":{"@type":"ImageObject","inLanguage":"cs","@id":"https:\/\/www.oadc.cz\/#\/schema\/person\/image\/","url":"https:\/\/secure.gravatar.com\/avatar\/9f747f57fda48eee4f40361de292e2b6?s=96&d=mm&r=g","contentUrl":"https:\/\/secure.gravatar.com\/avatar\/9f747f57fda48eee4f40361de292e2b6?s=96&d=mm&r=g","caption":"Jan Horais"},"url":"https:\/\/www.oadc.cz\/index.php\/author\/jhorais\/"}]}},"_links":{"self":[{"href":"https:\/\/www.oadc.cz\/index.php\/wp-json\/wp\/v2\/posts\/11127"}],"collection":[{"href":"https:\/\/www.oadc.cz\/index.php\/wp-json\/wp\/v2\/posts"}],"about":[{"href":"https:\/\/www.oadc.cz\/index.php\/wp-json\/wp\/v2\/types\/post"}],"author":[{"embeddable":true,"href":"https:\/\/www.oadc.cz\/index.php\/wp-json\/wp\/v2\/users\/2"}],"replies":[{"embeddable":true,"href":"https:\/\/www.oadc.cz\/index.php\/wp-json\/wp\/v2\/comments?post=11127"}],"version-history":[{"count":4,"href":"https:\/\/www.oadc.cz\/index.php\/wp-json\/wp\/v2\/posts\/11127\/revisions"}],"predecessor-version":[{"id":11131,"href":"https:\/\/www.oadc.cz\/index.php\/wp-json\/wp\/v2\/posts\/11127\/revisions\/11131"}],"wp:featuredmedia":[{"embeddable":true,"href":"https:\/\/www.oadc.cz\/index.php\/wp-json\/wp\/v2\/media\/11115"}],"wp:attachment":[{"href":"https:\/\/www.oadc.cz\/index.php\/wp-json\/wp\/v2\/media?parent=11127"}],"wp:term":[{"taxonomy":"category","embeddable":true,"href":"https:\/\/www.oadc.cz\/index.php\/wp-json\/wp\/v2\/categories?post=11127"},{"taxonomy":"post_tag","embeddable":true,"href":"https:\/\/www.oadc.cz\/index.php\/wp-json\/wp\/v2\/tags?post=11127"}],"curies":[{"name":"wp","href":"https:\/\/api.w.org\/{rel}","templated":true}]}}