{"id":10352,"date":"2025-11-24T17:27:21","date_gmt":"2025-11-24T16:27:21","guid":{"rendered":"https:\/\/www.oadc.cz\/?p=10352"},"modified":"2025-11-24T17:44:33","modified_gmt":"2025-11-24T16:44:33","slug":"erasmus-2025-2026","status":"publish","type":"post","link":"https:\/\/www.oadc.cz\/index.php\/2025\/11\/24\/erasmus-2025-2026\/","title":{"rendered":"Erasmus+ 2025\/2026"},"content":{"rendered":"\t\t<div data-elementor-type=\"wp-post\" data-elementor-id=\"10352\" class=\"elementor elementor-10352\" data-elementor-post-type=\"post\">\n\t\t\t\t<div class=\"elementor-element elementor-element-34124fc e-flex e-con-boxed e-con e-parent\" data-id=\"34124fc\" data-element_type=\"container\" data-settings=\"{&quot;content_width&quot;:&quot;boxed&quot;}\" data-core-v316-plus=\"true\">\n\t\t\t\t\t<div class=\"e-con-inner\">\n\t\t\t\t<div class=\"elementor-element elementor-element-b8ce1a8 elementor-grid-3 elementor-grid-tablet-2 elementor-grid-mobile-1 elementor-posts--thumbnail-top elementor-widget elementor-widget-posts\" data-id=\"b8ce1a8\" data-element_type=\"widget\" data-settings=\"{&quot;classic_columns&quot;:&quot;3&quot;,&quot;classic_columns_tablet&quot;:&quot;2&quot;,&quot;classic_columns_mobile&quot;:&quot;1&quot;,&quot;classic_row_gap&quot;:{&quot;unit&quot;:&quot;px&quot;,&quot;size&quot;:35,&quot;sizes&quot;:[]},&quot;classic_row_gap_tablet&quot;:{&quot;unit&quot;:&quot;px&quot;,&quot;size&quot;:&quot;&quot;,&quot;sizes&quot;:[]},&quot;classic_row_gap_mobile&quot;:{&quot;unit&quot;:&quot;px&quot;,&quot;size&quot;:&quot;&quot;,&quot;sizes&quot;:[]}}\" data-widget_type=\"posts.classic\">\n\t\t\t\t<div class=\"elementor-widget-container\">\n\t\t\t<link rel=\"stylesheet\" href=\"https:\/\/www.oadc.cz\/wp-content\/plugins\/elementor-pro\/assets\/css\/widget-posts.min.css\">\t\t<div class=\"elementor-posts-container elementor-posts elementor-posts--skin-classic elementor-grid\">\n\t\t\t\t<article class=\"elementor-post elementor-grid-item post-10359 post type-post status-publish format-standard has-post-thumbnail hentry category-zahranicni-staze\">\n\t\t\t\t<a class=\"elementor-post__thumbnail__link\" href=\"https:\/\/www.oadc.cz\/index.php\/2025\/11\/24\/erasmus-v-praxi-pracovni-staze-nasich-zaku-v-irsku\/\" tabindex=\"-1\" >\n\t\t\t<div class=\"elementor-post__thumbnail\"><img fetchpriority=\"high\" decoding=\"async\" width=\"300\" height=\"213\" src=\"https:\/\/www.oadc.cz\/wp-content\/uploads\/2022\/02\/erasmusplus-300x213.jpg\" class=\"attachment-medium size-medium wp-image-3598\" alt=\"Erasmus+\" srcset=\"https:\/\/www.oadc.cz\/wp-content\/uploads\/2022\/02\/erasmusplus-300x213.jpg 300w, https:\/\/www.oadc.cz\/wp-content\/uploads\/2022\/02\/erasmusplus-1024x728.jpg 1024w, https:\/\/www.oadc.cz\/wp-content\/uploads\/2022\/02\/erasmusplus-768x546.jpg 768w, https:\/\/www.oadc.cz\/wp-content\/uploads\/2022\/02\/erasmusplus.jpg 1103w\" sizes=\"(max-width: 300px) 100vw, 300px\" \/><\/div>\n\t\t<\/a>\n\t\t\t\t<div class=\"elementor-post__text\">\n\t\t\t\t<h3 class=\"elementor-post__title\">\n\t\t\t<a href=\"https:\/\/www.oadc.cz\/index.php\/2025\/11\/24\/erasmus-v-praxi-pracovni-staze-nasich-zaku-v-irsku\/\" >\n\t\t\t\tErasmus+ v\u00a0praxi &#8211; pracovn\u00ed st\u00e1\u017ee na\u0161ich \u017e\u00e1k\u016f v Irsku\t\t\t<\/a>\n\t\t<\/h3>\n\t\t\t\t<div class=\"elementor-post__excerpt\">\n\t\t\t<p>V r\u00e1mci programu Erasmus+ vycestuje 8. \u00fanora 2026 skupina 31 \u017e\u00e1k\u016f na\u0161\u00ed \u0161koly na pracovn\u00ed st\u00e1\u017ee do irsk\u00e9ho Dublinu. Projekt p\u0159in\u00e1\u0161\u00ed \u017e\u00e1k\u016fm jedine\u010dnou p\u0159\u00edle\u017eitost z\u00edskat<\/p>\n\t\t<\/div>\n\t\t\n\t\t<a class=\"elementor-post__read-more\" href=\"https:\/\/www.oadc.cz\/index.php\/2025\/11\/24\/erasmus-v-praxi-pracovni-staze-nasich-zaku-v-irsku\/\" aria-label=\"Read more about Erasmus+ v\u00a0praxi &#8211; pracovn\u00ed st\u00e1\u017ee na\u0161ich \u017e\u00e1k\u016f v Irsku\" tabindex=\"-1\" >\n\t\t\t\u010c\u00edst v\u00edce \u00bb\t\t<\/a>\n\n\t\t\t\t<\/div>\n\t\t\t\t<\/article>\n\t\t\t\t<\/div>\n\t\t\n\t\t\t\t<\/div>\n\t\t\t\t<\/div>\n\t\t\t\t<div class=\"elementor-element elementor-element-9216b8c elementor-widget elementor-widget-text-editor\" data-id=\"9216b8c\" data-element_type=\"widget\" data-widget_type=\"text-editor.default\">\n\t\t\t\t<div class=\"elementor-widget-container\">\n\t\t\t<style>\/*! elementor - v3.19.0 - 26-02-2024 *\/\n.elementor-widget-text-editor.elementor-drop-cap-view-stacked .elementor-drop-cap{background-color:#69727d;color:#fff}.elementor-widget-text-editor.elementor-drop-cap-view-framed .elementor-drop-cap{color:#69727d;border:3px solid;background-color:transparent}.elementor-widget-text-editor:not(.elementor-drop-cap-view-default) .elementor-drop-cap{margin-top:8px}.elementor-widget-text-editor:not(.elementor-drop-cap-view-default) .elementor-drop-cap-letter{width:1em;height:1em}.elementor-widget-text-editor .elementor-drop-cap{float:left;text-align:center;line-height:1;font-size:50px}.elementor-widget-text-editor .elementor-drop-cap-letter{display:inline-block}<\/style>\t\t\t\t<p>Tak\u00e9 ve \u0161koln\u00edm roce 2025\/2026 se na\u0161e \u0161kola zapojuje do programu Erasmus, kter\u00fd d\u00edky podpo\u0159e Evropsk\u00e9 komise umo\u017e\u0148uje student\u016fm i u\u010ditel\u016fm profesn\u00ed i osobn\u00ed r\u016fst prost\u0159ednictv\u00edm zahrani\u010dn\u00edch vzd\u011bl\u00e1vac\u00edch pobyt\u016f.<\/p><p>U\u010ditel\u00e9 odborn\u00fdch p\u0159edm\u011bt\u016f, zejm\u00e9na v\u00a0oblasti ekonomiky, se nad\u00e1le zam\u011b\u0159uj\u00ed na zvy\u0161ov\u00e1n\u00ed sv\u00fdch jazykov\u00fdch kompetenc\u00ed prost\u0159ednictv\u00edm zahrani\u010dn\u00edch jazykov\u00fdch kurz\u016f. C\u00edlem je roz\u0161\u00ed\u0159en\u00ed v\u00fduky vybran\u00fdch p\u0159edm\u011bt\u016f v\u00a0anglick\u00e9m jazyce. Pedagogov\u00e9 vyu\u010duj\u00edc\u00ed ciz\u00ed jazyky se v\u011bnuj\u00ed metodick\u00e9mu vzd\u011bl\u00e1v\u00e1n\u00ed zam\u011b\u0159en\u00e9mu na digit\u00e1ln\u00ed n\u00e1stroje a CLIL, aby ve spolupr\u00e1ci s\u00a0kolegy z\u00a0odborn\u00fdch p\u0159edm\u011bt\u016f spoluvytv\u00e1\u0159eli modern\u00ed a inovativn\u00ed v\u00fdukov\u00e9 p\u0159\u00edstupy.\u00a0<\/p><p>Studenti sou\u010dasn\u00e9ho 2. ro\u010dn\u00edku maj\u00ed op\u011bt mo\u017enost p\u0159ihl\u00e1sit se do v\u00fdb\u011brov\u00e9ho \u0159\u00edzen\u00ed na zahrani\u010dn\u00ed odbornou st\u00e1\u017e v\u00a0Dublinu. V\u0161echny d\u016fle\u017eit\u00e9 informace budou rovn\u011b\u017e zve\u0159ejn\u011bny v\u00a0syst\u00e9mu Bakal\u00e1\u0159i.<\/p><p>Podrobn\u00e9 informace o p\u0159ihl\u00e1\u0161ce, hodnot\u00edc\u00edch krit\u00e9ri\u00edch i \u010dasov\u00e9m harmonogramu cel\u00e9ho v\u00fdb\u011bru najdete\u00a0<a href=\"https:\/\/drive.google.com\/file\/d\/1LcrVVoS5-OdZusj-KIhmBiEb2vFriTcp\/view?usp=drive_link\" target=\"_blank\" rel=\"noopener\">zde<\/a>.\u00a0<\/p>\t\t\t\t\t\t<\/div>\n\t\t\t\t<\/div>\n\t\t\t\t\t<\/div>\n\t\t\t\t<\/div>\n\t\t\t\t<\/div>\n\t\t","protected":false},"excerpt":{"rendered":"<p>Tak\u00e9 ve \u0161koln\u00edm roce 2025\/2026 se na\u0161e \u0161kola zapojuje do programu Erasmus, kter\u00fd d\u00edky podpo\u0159e Evropsk\u00e9 komise umo\u017e\u0148uje student\u016fm i u\u010ditel\u016fm profesn\u00ed i osobn\u00ed r\u016fst prost\u0159ednictv\u00edm zahrani\u010dn\u00edch vzd\u011bl\u00e1vac\u00edch pobyt\u016f. U\u010ditel\u00e9 odborn\u00fdch p\u0159edm\u011bt\u016f, zejm\u00e9na v\u00a0oblasti ekonomiky, se nad\u00e1le zam\u011b\u0159uj\u00ed na zvy\u0161ov\u00e1n\u00ed sv\u00fdch jazykov\u00fdch kompetenc\u00ed prost\u0159ednictv\u00edm zahrani\u010dn\u00edch jazykov\u00fdch kurz\u016f. C\u00edlem je roz\u0161\u00ed\u0159en\u00ed v\u00fduky vybran\u00fdch p\u0159edm\u011bt\u016f v\u00a0anglick\u00e9m jazyce. [&hellip;]<\/p>\n","protected":false},"author":2,"featured_media":8411,"comment_status":"closed","ping_status":"closed","sticky":false,"template":"","format":"standard","meta":{"footnotes":""},"categories":[23],"tags":[],"yoast_head":"<!-- This site is optimized with the Yoast SEO plugin v22.1 - https:\/\/yoast.com\/wordpress\/plugins\/seo\/ -->\n<title>Erasmus+ 2025\/2026 - Evropsk\u00e1 obchodn\u00ed akademie<\/title>\n<meta name=\"robots\" content=\"index, follow, max-snippet:-1, max-image-preview:large, max-video-preview:-1\" \/>\n<link rel=\"canonical\" href=\"https:\/\/www.oadc.cz\/index.php\/2025\/11\/24\/erasmus-2025-2026\/\" \/>\n<meta property=\"og:locale\" content=\"cs_CZ\" \/>\n<meta property=\"og:type\" content=\"article\" \/>\n<meta property=\"og:title\" content=\"Erasmus+ 2025\/2026 - Evropsk\u00e1 obchodn\u00ed akademie\" \/>\n<meta property=\"og:description\" content=\"Tak\u00e9 ve \u0161koln\u00edm roce 2025\/2026 se na\u0161e \u0161kola zapojuje do programu Erasmus, kter\u00fd d\u00edky podpo\u0159e Evropsk\u00e9 komise umo\u017e\u0148uje student\u016fm i u\u010ditel\u016fm profesn\u00ed i osobn\u00ed r\u016fst prost\u0159ednictv\u00edm zahrani\u010dn\u00edch vzd\u011bl\u00e1vac\u00edch pobyt\u016f. U\u010ditel\u00e9 odborn\u00fdch p\u0159edm\u011bt\u016f, zejm\u00e9na v\u00a0oblasti ekonomiky, se nad\u00e1le zam\u011b\u0159uj\u00ed na zvy\u0161ov\u00e1n\u00ed sv\u00fdch jazykov\u00fdch kompetenc\u00ed prost\u0159ednictv\u00edm zahrani\u010dn\u00edch jazykov\u00fdch kurz\u016f. C\u00edlem je roz\u0161\u00ed\u0159en\u00ed v\u00fduky vybran\u00fdch p\u0159edm\u011bt\u016f v\u00a0anglick\u00e9m jazyce. [&hellip;]\" \/>\n<meta property=\"og:url\" content=\"https:\/\/www.oadc.cz\/index.php\/2025\/11\/24\/erasmus-2025-2026\/\" \/>\n<meta property=\"og:site_name\" content=\"Evropsk\u00e1 obchodn\u00ed akademie\" \/>\n<meta property=\"article:publisher\" content=\"https:\/\/www.facebook.com\/eoadc\" \/>\n<meta property=\"article:published_time\" content=\"2025-11-24T16:27:21+00:00\" \/>\n<meta property=\"article:modified_time\" content=\"2025-11-24T16:44:33+00:00\" \/>\n<meta property=\"og:image\" content=\"https:\/\/www.oadc.cz\/wp-content\/uploads\/2024\/05\/Erasmus-logo1a-1.png\" \/>\n\t<meta property=\"og:image:width\" content=\"370\" \/>\n\t<meta property=\"og:image:height\" content=\"308\" \/>\n\t<meta property=\"og:image:type\" content=\"image\/png\" \/>\n<meta name=\"author\" content=\"Jan Horais\" \/>\n<meta name=\"twitter:card\" content=\"summary_large_image\" \/>\n<meta name=\"twitter:label1\" content=\"Napsal(a)\" \/>\n\t<meta name=\"twitter:data1\" content=\"Jan Horais\" \/>\n\t<meta name=\"twitter:label2\" content=\"Odhadovan\u00e1 doba \u010dten\u00ed\" \/>\n\t<meta name=\"twitter:data2\" content=\"1 minuta\" \/>\n<script type=\"application\/ld+json\" class=\"yoast-schema-graph\">{\"@context\":\"https:\/\/schema.org\",\"@graph\":[{\"@type\":\"Article\",\"@id\":\"https:\/\/www.oadc.cz\/index.php\/2025\/11\/24\/erasmus-2025-2026\/#article\",\"isPartOf\":{\"@id\":\"https:\/\/www.oadc.cz\/index.php\/2025\/11\/24\/erasmus-2025-2026\/\"},\"author\":{\"name\":\"Jan Horais\",\"@id\":\"https:\/\/www.oadc.cz\/#\/schema\/person\/114954177cdcfa49e728ffb3849ea18c\"},\"headline\":\"Erasmus+ 2025\/2026\",\"datePublished\":\"2025-11-24T16:27:21+00:00\",\"dateModified\":\"2025-11-24T16:44:33+00:00\",\"mainEntityOfPage\":{\"@id\":\"https:\/\/www.oadc.cz\/index.php\/2025\/11\/24\/erasmus-2025-2026\/\"},\"wordCount\":210,\"publisher\":{\"@id\":\"https:\/\/www.oadc.cz\/#organization\"},\"inLanguage\":\"cs\"},{\"@type\":\"WebPage\",\"@id\":\"https:\/\/www.oadc.cz\/index.php\/2025\/11\/24\/erasmus-2025-2026\/\",\"url\":\"https:\/\/www.oadc.cz\/index.php\/2025\/11\/24\/erasmus-2025-2026\/\",\"name\":\"Erasmus+ 2025\/2026 - Evropsk\u00e1 obchodn\u00ed akademie\",\"isPartOf\":{\"@id\":\"https:\/\/www.oadc.cz\/#website\"},\"datePublished\":\"2025-11-24T16:27:21+00:00\",\"dateModified\":\"2025-11-24T16:44:33+00:00\",\"breadcrumb\":{\"@id\":\"https:\/\/www.oadc.cz\/index.php\/2025\/11\/24\/erasmus-2025-2026\/#breadcrumb\"},\"inLanguage\":\"cs\",\"potentialAction\":[{\"@type\":\"ReadAction\",\"target\":[\"https:\/\/www.oadc.cz\/index.php\/2025\/11\/24\/erasmus-2025-2026\/\"]}]},{\"@type\":\"BreadcrumbList\",\"@id\":\"https:\/\/www.oadc.cz\/index.php\/2025\/11\/24\/erasmus-2025-2026\/#breadcrumb\",\"itemListElement\":[{\"@type\":\"ListItem\",\"position\":1,\"name\":\"Dom\u016f\",\"item\":\"https:\/\/www.oadc.cz\/\"},{\"@type\":\"ListItem\",\"position\":2,\"name\":\"Erasmus+ 2025\/2026\"}]},{\"@type\":\"WebSite\",\"@id\":\"https:\/\/www.oadc.cz\/#website\",\"url\":\"https:\/\/www.oadc.cz\/\",\"name\":\"Evropsk\u00e1 obchodn\u00ed akademie\",\"description\":\"st\u0159edn\u00ed odborn\u00e1 \u0161kola v D\u011b\u010d\u00edn\u011b\",\"publisher\":{\"@id\":\"https:\/\/www.oadc.cz\/#organization\"},\"potentialAction\":[{\"@type\":\"SearchAction\",\"target\":{\"@type\":\"EntryPoint\",\"urlTemplate\":\"https:\/\/www.oadc.cz\/?s={search_term_string}\"},\"query-input\":\"required name=search_term_string\"}],\"inLanguage\":\"cs\"},{\"@type\":\"Organization\",\"@id\":\"https:\/\/www.oadc.cz\/#organization\",\"name\":\"Evropsk\u00e1 Obchodn\u00ed Akademie\",\"url\":\"https:\/\/www.oadc.cz\/\",\"logo\":{\"@type\":\"ImageObject\",\"inLanguage\":\"cs\",\"@id\":\"https:\/\/www.oadc.cz\/#\/schema\/logo\/image\/\",\"url\":\"https:\/\/www.oadc.cz\/wp-content\/uploads\/2020\/12\/EOA-logo_upr.png\",\"contentUrl\":\"https:\/\/www.oadc.cz\/wp-content\/uploads\/2020\/12\/EOA-logo_upr.png\",\"width\":850,\"height\":632,\"caption\":\"Evropsk\u00e1 Obchodn\u00ed Akademie\"},\"image\":{\"@id\":\"https:\/\/www.oadc.cz\/#\/schema\/logo\/image\/\"},\"sameAs\":[\"https:\/\/www.facebook.com\/eoadc\",\"https:\/\/www.instagram.com\/eoa.dc\/\"]},{\"@type\":\"Person\",\"@id\":\"https:\/\/www.oadc.cz\/#\/schema\/person\/114954177cdcfa49e728ffb3849ea18c\",\"name\":\"Jan Horais\",\"image\":{\"@type\":\"ImageObject\",\"inLanguage\":\"cs\",\"@id\":\"https:\/\/www.oadc.cz\/#\/schema\/person\/image\/\",\"url\":\"https:\/\/secure.gravatar.com\/avatar\/9f747f57fda48eee4f40361de292e2b6?s=96&d=mm&r=g\",\"contentUrl\":\"https:\/\/secure.gravatar.com\/avatar\/9f747f57fda48eee4f40361de292e2b6?s=96&d=mm&r=g\",\"caption\":\"Jan Horais\"},\"url\":\"https:\/\/www.oadc.cz\/index.php\/author\/jhorais\/\"}]}<\/script>\n<!-- \/ Yoast SEO plugin. -->","yoast_head_json":{"title":"Erasmus+ 2025\/2026 - Evropsk\u00e1 obchodn\u00ed akademie","robots":{"index":"index","follow":"follow","max-snippet":"max-snippet:-1","max-image-preview":"max-image-preview:large","max-video-preview":"max-video-preview:-1"},"canonical":"https:\/\/www.oadc.cz\/index.php\/2025\/11\/24\/erasmus-2025-2026\/","og_locale":"cs_CZ","og_type":"article","og_title":"Erasmus+ 2025\/2026 - Evropsk\u00e1 obchodn\u00ed akademie","og_description":"Tak\u00e9 ve \u0161koln\u00edm roce 2025\/2026 se na\u0161e \u0161kola zapojuje do programu Erasmus, kter\u00fd d\u00edky podpo\u0159e Evropsk\u00e9 komise umo\u017e\u0148uje student\u016fm i u\u010ditel\u016fm profesn\u00ed i osobn\u00ed r\u016fst prost\u0159ednictv\u00edm zahrani\u010dn\u00edch vzd\u011bl\u00e1vac\u00edch pobyt\u016f. U\u010ditel\u00e9 odborn\u00fdch p\u0159edm\u011bt\u016f, zejm\u00e9na v\u00a0oblasti ekonomiky, se nad\u00e1le zam\u011b\u0159uj\u00ed na zvy\u0161ov\u00e1n\u00ed sv\u00fdch jazykov\u00fdch kompetenc\u00ed prost\u0159ednictv\u00edm zahrani\u010dn\u00edch jazykov\u00fdch kurz\u016f. C\u00edlem je roz\u0161\u00ed\u0159en\u00ed v\u00fduky vybran\u00fdch p\u0159edm\u011bt\u016f v\u00a0anglick\u00e9m jazyce. [&hellip;]","og_url":"https:\/\/www.oadc.cz\/index.php\/2025\/11\/24\/erasmus-2025-2026\/","og_site_name":"Evropsk\u00e1 obchodn\u00ed akademie","article_publisher":"https:\/\/www.facebook.com\/eoadc","article_published_time":"2025-11-24T16:27:21+00:00","article_modified_time":"2025-11-24T16:44:33+00:00","og_image":[{"width":370,"height":308,"url":"https:\/\/www.oadc.cz\/wp-content\/uploads\/2024\/05\/Erasmus-logo1a-1.png","type":"image\/png"}],"author":"Jan Horais","twitter_card":"summary_large_image","twitter_misc":{"Napsal(a)":"Jan Horais","Odhadovan\u00e1 doba \u010dten\u00ed":"1 minuta"},"schema":{"@context":"https:\/\/schema.org","@graph":[{"@type":"Article","@id":"https:\/\/www.oadc.cz\/index.php\/2025\/11\/24\/erasmus-2025-2026\/#article","isPartOf":{"@id":"https:\/\/www.oadc.cz\/index.php\/2025\/11\/24\/erasmus-2025-2026\/"},"author":{"name":"Jan Horais","@id":"https:\/\/www.oadc.cz\/#\/schema\/person\/114954177cdcfa49e728ffb3849ea18c"},"headline":"Erasmus+ 2025\/2026","datePublished":"2025-11-24T16:27:21+00:00","dateModified":"2025-11-24T16:44:33+00:00","mainEntityOfPage":{"@id":"https:\/\/www.oadc.cz\/index.php\/2025\/11\/24\/erasmus-2025-2026\/"},"wordCount":210,"publisher":{"@id":"https:\/\/www.oadc.cz\/#organization"},"inLanguage":"cs"},{"@type":"WebPage","@id":"https:\/\/www.oadc.cz\/index.php\/2025\/11\/24\/erasmus-2025-2026\/","url":"https:\/\/www.oadc.cz\/index.php\/2025\/11\/24\/erasmus-2025-2026\/","name":"Erasmus+ 2025\/2026 - Evropsk\u00e1 obchodn\u00ed akademie","isPartOf":{"@id":"https:\/\/www.oadc.cz\/#website"},"datePublished":"2025-11-24T16:27:21+00:00","dateModified":"2025-11-24T16:44:33+00:00","breadcrumb":{"@id":"https:\/\/www.oadc.cz\/index.php\/2025\/11\/24\/erasmus-2025-2026\/#breadcrumb"},"inLanguage":"cs","potentialAction":[{"@type":"ReadAction","target":["https:\/\/www.oadc.cz\/index.php\/2025\/11\/24\/erasmus-2025-2026\/"]}]},{"@type":"BreadcrumbList","@id":"https:\/\/www.oadc.cz\/index.php\/2025\/11\/24\/erasmus-2025-2026\/#breadcrumb","itemListElement":[{"@type":"ListItem","position":1,"name":"Dom\u016f","item":"https:\/\/www.oadc.cz\/"},{"@type":"ListItem","position":2,"name":"Erasmus+ 2025\/2026"}]},{"@type":"WebSite","@id":"https:\/\/www.oadc.cz\/#website","url":"https:\/\/www.oadc.cz\/","name":"Evropsk\u00e1 obchodn\u00ed akademie","description":"st\u0159edn\u00ed odborn\u00e1 \u0161kola v D\u011b\u010d\u00edn\u011b","publisher":{"@id":"https:\/\/www.oadc.cz\/#organization"},"potentialAction":[{"@type":"SearchAction","target":{"@type":"EntryPoint","urlTemplate":"https:\/\/www.oadc.cz\/?s={search_term_string}"},"query-input":"required name=search_term_string"}],"inLanguage":"cs"},{"@type":"Organization","@id":"https:\/\/www.oadc.cz\/#organization","name":"Evropsk\u00e1 Obchodn\u00ed Akademie","url":"https:\/\/www.oadc.cz\/","logo":{"@type":"ImageObject","inLanguage":"cs","@id":"https:\/\/www.oadc.cz\/#\/schema\/logo\/image\/","url":"https:\/\/www.oadc.cz\/wp-content\/uploads\/2020\/12\/EOA-logo_upr.png","contentUrl":"https:\/\/www.oadc.cz\/wp-content\/uploads\/2020\/12\/EOA-logo_upr.png","width":850,"height":632,"caption":"Evropsk\u00e1 Obchodn\u00ed Akademie"},"image":{"@id":"https:\/\/www.oadc.cz\/#\/schema\/logo\/image\/"},"sameAs":["https:\/\/www.facebook.com\/eoadc","https:\/\/www.instagram.com\/eoa.dc\/"]},{"@type":"Person","@id":"https:\/\/www.oadc.cz\/#\/schema\/person\/114954177cdcfa49e728ffb3849ea18c","name":"Jan Horais","image":{"@type":"ImageObject","inLanguage":"cs","@id":"https:\/\/www.oadc.cz\/#\/schema\/person\/image\/","url":"https:\/\/secure.gravatar.com\/avatar\/9f747f57fda48eee4f40361de292e2b6?s=96&d=mm&r=g","contentUrl":"https:\/\/secure.gravatar.com\/avatar\/9f747f57fda48eee4f40361de292e2b6?s=96&d=mm&r=g","caption":"Jan Horais"},"url":"https:\/\/www.oadc.cz\/index.php\/author\/jhorais\/"}]}},"_links":{"self":[{"href":"https:\/\/www.oadc.cz\/index.php\/wp-json\/wp\/v2\/posts\/10352"}],"collection":[{"href":"https:\/\/www.oadc.cz\/index.php\/wp-json\/wp\/v2\/posts"}],"about":[{"href":"https:\/\/www.oadc.cz\/index.php\/wp-json\/wp\/v2\/types\/post"}],"author":[{"embeddable":true,"href":"https:\/\/www.oadc.cz\/index.php\/wp-json\/wp\/v2\/users\/2"}],"replies":[{"embeddable":true,"href":"https:\/\/www.oadc.cz\/index.php\/wp-json\/wp\/v2\/comments?post=10352"}],"version-history":[{"count":8,"href":"https:\/\/www.oadc.cz\/index.php\/wp-json\/wp\/v2\/posts\/10352\/revisions"}],"predecessor-version":[{"id":10366,"href":"https:\/\/www.oadc.cz\/index.php\/wp-json\/wp\/v2\/posts\/10352\/revisions\/10366"}],"wp:featuredmedia":[{"embeddable":true,"href":"https:\/\/www.oadc.cz\/index.php\/wp-json\/wp\/v2\/media\/8411"}],"wp:attachment":[{"href":"https:\/\/www.oadc.cz\/index.php\/wp-json\/wp\/v2\/media?parent=10352"}],"wp:term":[{"taxonomy":"category","embeddable":true,"href":"https:\/\/www.oadc.cz\/index.php\/wp-json\/wp\/v2\/categories?post=10352"},{"taxonomy":"post_tag","embeddable":true,"href":"https:\/\/www.oadc.cz\/index.php\/wp-json\/wp\/v2\/tags?post=10352"}],"curies":[{"name":"wp","href":"https:\/\/api.w.org\/{rel}","templated":true}]}}