{"id":10228,"date":"2025-09-11T21:18:16","date_gmt":"2025-09-11T20:18:16","guid":{"rendered":"https:\/\/www.oadc.cz\/?p=10228"},"modified":"2025-09-11T21:19:35","modified_gmt":"2025-09-11T20:19:35","slug":"cyklisticko-turisticky-kurz-2","status":"publish","type":"post","link":"https:\/\/www.oadc.cz\/index.php\/2025\/09\/11\/cyklisticko-turisticky-kurz-2\/","title":{"rendered":"Cyklisticko \u2013 turistick\u00fd kurz"},"content":{"rendered":"\t\t<div data-elementor-type=\"wp-post\" data-elementor-id=\"10228\" class=\"elementor elementor-10228\" data-elementor-post-type=\"post\">\n\t\t\t\t<div class=\"elementor-element elementor-element-01a3bbb e-flex e-con-boxed e-con e-parent\" data-id=\"01a3bbb\" data-element_type=\"container\" data-settings=\"{&quot;content_width&quot;:&quot;boxed&quot;}\" data-core-v316-plus=\"true\">\n\t\t\t\t\t<div class=\"e-con-inner\">\n\t\t\t\t<div class=\"elementor-element elementor-element-0e25609 elementor-widget elementor-widget-text-editor\" data-id=\"0e25609\" data-element_type=\"widget\" data-widget_type=\"text-editor.default\">\n\t\t\t\t<div class=\"elementor-widget-container\">\n\t\t\t<style>\/*! elementor - v3.19.0 - 26-02-2024 *\/\n.elementor-widget-text-editor.elementor-drop-cap-view-stacked .elementor-drop-cap{background-color:#69727d;color:#fff}.elementor-widget-text-editor.elementor-drop-cap-view-framed .elementor-drop-cap{color:#69727d;border:3px solid;background-color:transparent}.elementor-widget-text-editor:not(.elementor-drop-cap-view-default) .elementor-drop-cap{margin-top:8px}.elementor-widget-text-editor:not(.elementor-drop-cap-view-default) .elementor-drop-cap-letter{width:1em;height:1em}.elementor-widget-text-editor .elementor-drop-cap{float:left;text-align:center;line-height:1;font-size:50px}.elementor-widget-text-editor .elementor-drop-cap-letter{display:inline-block}<\/style>\t\t\t\t<p>Ve dnech 2.\u2013 5.9. 2025 se uskute\u010dnil cyklisticko \u2013 turistick\u00fd kurz, na kter\u00fd se \u017e\u00e1ci 2.DS p\u0159ipravovali a hlavn\u011b t\u011b\u0161ili cel\u00e9 pr\u00e1zdniny. V \u00fater\u00fd 2. z\u00e1\u0159\u00ed dorazili v\u0161ichni do autokempu SK M\u0161eno, kde jsme byli ubytovan\u00ed, a hned po ob\u011bd\u011b jsme vyrazili na cyklistickou t\u00faru. Program byl velmi bohat\u00fd. Cyklotrasy vedly na stezku Harasov, Pokli\u010dky, do Romanova, na Koko\u0159\u00edn, do pivovaru Lobe\u010d, Vr\u00e1tenskou horu, do R\u00e1je, na hrad Houska. Odpoledn\u00ed hodiny jsme si zp\u0159\u00edjemnili sportem \u2013 volejbal, fotbal, tenis, koup\u00e1n\u00edm v m\u00edstn\u00edm baz\u00e9nu a ve\u010dery pak t\u00e1bor\u00e1kem. Bylo to moc fajn, v\u0161ichni jsme si to u\u017eili, \u017e\u00e1ci byli skv\u011bl\u00ed, u\u010ditel\u00e9 rovn\u011b\u017e a st\u00e1le vzpom\u00edn\u00e1me.<\/p><p style=\"text-align: right;\">-S\u0160-<\/p>\t\t\t\t\t\t<\/div>\n\t\t\t\t<\/div>\n\t\t\t\t\t<\/div>\n\t\t\t\t<\/div>\n\t\t<div class=\"elementor-element elementor-element-90741e8 e-flex e-con-boxed e-con e-parent\" data-id=\"90741e8\" data-element_type=\"container\" data-settings=\"{&quot;content_width&quot;:&quot;boxed&quot;}\" data-core-v316-plus=\"true\">\n\t\t\t\t\t<div class=\"e-con-inner\">\n\t\t\t\t<div class=\"elementor-element elementor-element-18797cd elementor-widget elementor-widget-gallery\" data-id=\"18797cd\" data-element_type=\"widget\" data-settings=\"{&quot;lazyload&quot;:&quot;yes&quot;,&quot;gallery_layout&quot;:&quot;grid&quot;,&quot;columns&quot;:4,&quot;columns_tablet&quot;:2,&quot;columns_mobile&quot;:1,&quot;gap&quot;:{&quot;unit&quot;:&quot;px&quot;,&quot;size&quot;:10,&quot;sizes&quot;:[]},&quot;gap_tablet&quot;:{&quot;unit&quot;:&quot;px&quot;,&quot;size&quot;:10,&quot;sizes&quot;:[]},&quot;gap_mobile&quot;:{&quot;unit&quot;:&quot;px&quot;,&quot;size&quot;:10,&quot;sizes&quot;:[]},&quot;link_to&quot;:&quot;file&quot;,&quot;aspect_ratio&quot;:&quot;3:2&quot;,&quot;overlay_background&quot;:&quot;yes&quot;,&quot;content_hover_animation&quot;:&quot;fade-in&quot;}\" data-widget_type=\"gallery.default\">\n\t\t\t\t<div class=\"elementor-widget-container\">\n\t\t\t<style>\/*! elementor-pro - v3.19.0 - 26-02-2024 *\/\n.elementor-gallery__container{min-height:1px}.elementor-gallery-item{position:relative;overflow:hidden;display:block;text-decoration:none;border:solid var(--image-border-width) var(--image-border-color);border-radius:var(--image-border-radius)}.elementor-gallery-item__content,.elementor-gallery-item__overlay{height:100%;width:100%;position:absolute;top:0;left:0}.elementor-gallery-item__overlay{mix-blend-mode:var(--overlay-mix-blend-mode);transition-duration:var(--overlay-transition-duration);transition-property:mix-blend-mode,transform,opacity,background-color}.elementor-gallery-item__image.e-gallery-image{transition-duration:var(--image-transition-duration);transition-property:filter,transform}.elementor-gallery-item__content{display:flex;flex-direction:column;justify-content:var(--content-justify-content,center);align-items:center;text-align:var(--content-text-align);padding:var(--content-padding)}.elementor-gallery-item__content>div{transition-duration:var(--content-transition-duration)}.elementor-gallery-item__content.elementor-gallery--sequenced-animation>div:nth-child(2){transition-delay:calc(var(--content-transition-delay) \/ 3)}.elementor-gallery-item__content.elementor-gallery--sequenced-animation>div:nth-child(3){transition-delay:calc(var(--content-transition-delay) \/ 3 * 2)}.elementor-gallery-item__content.elementor-gallery--sequenced-animation>div:nth-child(4){transition-delay:calc(var(--content-transition-delay) \/ 3 * 3)}.elementor-gallery-item__description{color:var(--description-text-color,#fff);width:100%}.elementor-gallery-item__title{color:var(--title-text-color,#fff);font-weight:700;width:100%}.elementor-gallery__titles-container{display:flex;flex-wrap:wrap;justify-content:var(--titles-container-justify-content,center);margin-bottom:20px}.elementor-gallery__titles-container:not(.e--pointer-framed) .elementor-item:after,.elementor-gallery__titles-container:not(.e--pointer-framed) .elementor-item:before{background-color:var(--galleries-pointer-bg-color-hover)}.elementor-gallery__titles-container:not(.e--pointer-framed) .elementor-item.elementor-item-active:after,.elementor-gallery__titles-container:not(.e--pointer-framed) .elementor-item.elementor-item-active:before{background-color:var(--galleries-pointer-bg-color-active)}.elementor-gallery__titles-container.e--pointer-framed .elementor-item:before{border-color:var(--galleries-pointer-bg-color-hover);border-width:var(--galleries-pointer-border-width)}.elementor-gallery__titles-container.e--pointer-framed .elementor-item:after{border-color:var(--galleries-pointer-bg-color-hover)}.elementor-gallery__titles-container.e--pointer-framed .elementor-item.elementor-item-active:after,.elementor-gallery__titles-container.e--pointer-framed .elementor-item.elementor-item-active:before{border-color:var(--galleries-pointer-bg-color-active)}.elementor-gallery__titles-container.e--pointer-framed.e--animation-draw .elementor-item:before{border-left-width:var(--galleries-pointer-border-width);border-bottom-width:var(--galleries-pointer-border-width);border-right-width:0;border-top-width:0}.elementor-gallery__titles-container.e--pointer-framed.e--animation-draw .elementor-item:after{border-left-width:0;border-bottom-width:0;border-right-width:var(--galleries-pointer-border-width);border-top-width:var(--galleries-pointer-border-width)}.elementor-gallery__titles-container.e--pointer-framed.e--animation-corners .elementor-item:before{border-left-width:var(--galleries-pointer-border-width);border-bottom-width:0;border-right-width:0;border-top-width:var(--galleries-pointer-border-width)}.elementor-gallery__titles-container.e--pointer-framed.e--animation-corners .elementor-item:after{border-left-width:0;border-bottom-width:var(--galleries-pointer-border-width);border-right-width:var(--galleries-pointer-border-width);border-top-width:0}.elementor-gallery__titles-container .e--pointer-double-line .elementor-item:after,.elementor-gallery__titles-container .e--pointer-double-line .elementor-item:before,.elementor-gallery__titles-container .e--pointer-overline .elementor-item:before,.elementor-gallery__titles-container .e--pointer-underline .elementor-item:after{height:var(--galleries-pointer-border-width)}.elementor-gallery-title{--space-between:10px;cursor:pointer;color:#6d7882;font-weight:500;position:relative;padding:7px 14px;transition:all .3s}.elementor-gallery-title--active{color:#495157}.elementor-gallery-title:not(:last-child){margin-right:var(--space-between)}.elementor-gallery-item__title+.elementor-gallery-item__description{margin-top:var(--description-margin-top)}.e-gallery-item.elementor-gallery-item{transition-property:all}.e-gallery-item.elementor-animated-content .elementor-animated-item--enter-from-bottom,.e-gallery-item.elementor-animated-content .elementor-animated-item--enter-from-left,.e-gallery-item.elementor-animated-content .elementor-animated-item--enter-from-right,.e-gallery-item.elementor-animated-content .elementor-animated-item--enter-from-top,.e-gallery-item:focus .elementor-gallery__item-overlay-bg,.e-gallery-item:focus .elementor-gallery__item-overlay-content,.e-gallery-item:focus .elementor-gallery__item-overlay-content__description,.e-gallery-item:focus .elementor-gallery__item-overlay-content__title,.e-gallery-item:hover .elementor-gallery__item-overlay-bg,.e-gallery-item:hover .elementor-gallery__item-overlay-content,.e-gallery-item:hover .elementor-gallery__item-overlay-content__description,.e-gallery-item:hover .elementor-gallery__item-overlay-content__title{opacity:1}a.elementor-item.elementor-gallery-title{color:var(--galleries-title-color-normal)}a.elementor-item.elementor-gallery-title.elementor-item-active,a.elementor-item.elementor-gallery-title.highlighted,a.elementor-item.elementor-gallery-title:focus,a.elementor-item.elementor-gallery-title:hover{color:var(--galleries-title-color-hover)}a.elementor-item.elementor-gallery-title.elementor-item-active{color:var(--gallery-title-color-active)}.e-con-inner>.elementor-widget-gallery,.e-con>.elementor-widget-gallery{width:var(--container-widget-width);--flex-grow:var(--container-widget-flex-grow)}<\/style>\t\t<div class=\"elementor-gallery__container\">\n\t\t\t\t\t\t\t<a class=\"e-gallery-item elementor-gallery-item elementor-animated-content\" href=\"https:\/\/www.oadc.cz\/wp-content\/uploads\/2025\/09\/Cyklo-03.jpg\" data-elementor-open-lightbox=\"yes\" data-elementor-lightbox-slideshow=\"18797cd\" data-elementor-lightbox-title=\"Cyklo-03\" data-elementor-lightbox-description=\"Cyklisticko \u2013 turistick\u00fd kurz\" data-e-action-hash=\"#elementor-action%3Aaction%3Dlightbox%26settings%3DeyJpZCI6MTAyMjcsInVybCI6Imh0dHBzOlwvXC93d3cub2FkYy5jelwvd3AtY29udGVudFwvdXBsb2Fkc1wvMjAyNVwvMDlcL0N5a2xvLTAzLmpwZyIsInNsaWRlc2hvdyI6IjE4Nzk3Y2QifQ%3D%3D\">\n\t\t\t\t\t<div class=\"e-gallery-image elementor-gallery-item__image\" data-thumbnail=\"https:\/\/www.oadc.cz\/wp-content\/uploads\/2025\/09\/Cyklo-03-225x300.jpg\" data-width=\"225\" data-height=\"300\" aria-label=\"Cyklisticko \u2013 turistick\u00fd kurz\" role=\"img\" ><\/div>\n\t\t\t\t\t\t\t\t\t\t\t<div class=\"elementor-gallery-item__overlay\"><\/div>\n\t\t\t\t\t\t\t\t\t\t\t\t\t\t<\/a>\n\t\t\t\t\t\t\t<a class=\"e-gallery-item elementor-gallery-item elementor-animated-content\" href=\"https:\/\/www.oadc.cz\/wp-content\/uploads\/2025\/09\/Cyklo-02.jpg\" data-elementor-open-lightbox=\"yes\" data-elementor-lightbox-slideshow=\"18797cd\" data-elementor-lightbox-title=\"Cyklo-02\" data-elementor-lightbox-description=\"Cyklisticko \u2013 turistick\u00fd kurz\" data-e-action-hash=\"#elementor-action%3Aaction%3Dlightbox%26settings%3DeyJpZCI6MTAyMjUsInVybCI6Imh0dHBzOlwvXC93d3cub2FkYy5jelwvd3AtY29udGVudFwvdXBsb2Fkc1wvMjAyNVwvMDlcL0N5a2xvLTAyLmpwZyIsInNsaWRlc2hvdyI6IjE4Nzk3Y2QifQ%3D%3D\">\n\t\t\t\t\t<div class=\"e-gallery-image elementor-gallery-item__image\" data-thumbnail=\"https:\/\/www.oadc.cz\/wp-content\/uploads\/2025\/09\/Cyklo-02-225x300.jpg\" data-width=\"225\" data-height=\"300\" aria-label=\"Cyklisticko \u2013 turistick\u00fd kurz\" role=\"img\" ><\/div>\n\t\t\t\t\t\t\t\t\t\t\t<div class=\"elementor-gallery-item__overlay\"><\/div>\n\t\t\t\t\t\t\t\t\t\t\t\t\t\t<\/a>\n\t\t\t\t\t\t\t<a class=\"e-gallery-item elementor-gallery-item elementor-animated-content\" href=\"https:\/\/www.oadc.cz\/wp-content\/uploads\/2025\/09\/Cyklo-01-scaled.jpg\" data-elementor-open-lightbox=\"yes\" data-elementor-lightbox-slideshow=\"18797cd\" data-elementor-lightbox-title=\"Cyklo-01\" data-elementor-lightbox-description=\"Cyklisticko \u2013 turistick\u00fd kurz\" data-e-action-hash=\"#elementor-action%3Aaction%3Dlightbox%26settings%3DeyJpZCI6MTAyMjQsInVybCI6Imh0dHBzOlwvXC93d3cub2FkYy5jelwvd3AtY29udGVudFwvdXBsb2Fkc1wvMjAyNVwvMDlcL0N5a2xvLTAxLXNjYWxlZC5qcGciLCJzbGlkZXNob3ciOiIxODc5N2NkIn0%3D\">\n\t\t\t\t\t<div class=\"e-gallery-image elementor-gallery-item__image\" data-thumbnail=\"https:\/\/www.oadc.cz\/wp-content\/uploads\/2025\/09\/Cyklo-01-225x300.jpg\" data-width=\"225\" data-height=\"300\" aria-label=\"Cyklisticko \u2013 turistick\u00fd kurz\" role=\"img\" ><\/div>\n\t\t\t\t\t\t\t\t\t\t\t<div class=\"elementor-gallery-item__overlay\"><\/div>\n\t\t\t\t\t\t\t\t\t\t\t\t\t\t<\/a>\n\t\t\t\t\t<\/div>\n\t\t\t<\/div>\n\t\t\t\t<\/div>\n\t\t\t\t\t<\/div>\n\t\t\t\t<\/div>\n\t\t\t\t<\/div>\n\t\t","protected":false},"excerpt":{"rendered":"<p>Ve dnech 2.\u2013 5.9. 2025 se uskute\u010dnil cyklisticko \u2013 turistick\u00fd kurz, na kter\u00fd se \u017e\u00e1ci 2.DS p\u0159ipravovali a hlavn\u011b t\u011b\u0161ili cel\u00e9 pr\u00e1zdniny. V \u00fater\u00fd 2. z\u00e1\u0159\u00ed dorazili v\u0161ichni do autokempu SK M\u0161eno, kde jsme byli ubytovan\u00ed, a hned po ob\u011bd\u011b jsme vyrazili na cyklistickou t\u00faru. Program byl velmi bohat\u00fd. Cyklotrasy vedly na stezku Harasov, Pokli\u010dky, [&hellip;]<\/p>\n","protected":false},"author":2,"featured_media":10226,"comment_status":"closed","ping_status":"closed","sticky":false,"template":"","format":"standard","meta":{"footnotes":""},"categories":[15],"tags":[],"yoast_head":"<!-- This site is optimized with the Yoast SEO plugin v22.1 - https:\/\/yoast.com\/wordpress\/plugins\/seo\/ -->\n<title>Cyklisticko \u2013 turistick\u00fd kurz - Evropsk\u00e1 obchodn\u00ed akademie<\/title>\n<meta name=\"robots\" content=\"index, follow, max-snippet:-1, max-image-preview:large, max-video-preview:-1\" \/>\n<link rel=\"canonical\" href=\"https:\/\/www.oadc.cz\/index.php\/2025\/09\/11\/cyklisticko-turisticky-kurz-2\/\" \/>\n<meta property=\"og:locale\" content=\"cs_CZ\" \/>\n<meta property=\"og:type\" content=\"article\" \/>\n<meta property=\"og:title\" content=\"Cyklisticko \u2013 turistick\u00fd kurz - Evropsk\u00e1 obchodn\u00ed akademie\" \/>\n<meta property=\"og:description\" content=\"Ve dnech 2.\u2013 5.9. 2025 se uskute\u010dnil cyklisticko \u2013 turistick\u00fd kurz, na kter\u00fd se \u017e\u00e1ci 2.DS p\u0159ipravovali a hlavn\u011b t\u011b\u0161ili cel\u00e9 pr\u00e1zdniny. V \u00fater\u00fd 2. z\u00e1\u0159\u00ed dorazili v\u0161ichni do autokempu SK M\u0161eno, kde jsme byli ubytovan\u00ed, a hned po ob\u011bd\u011b jsme vyrazili na cyklistickou t\u00faru. Program byl velmi bohat\u00fd. Cyklotrasy vedly na stezku Harasov, Pokli\u010dky, [&hellip;]\" \/>\n<meta property=\"og:url\" content=\"https:\/\/www.oadc.cz\/index.php\/2025\/09\/11\/cyklisticko-turisticky-kurz-2\/\" \/>\n<meta property=\"og:site_name\" content=\"Evropsk\u00e1 obchodn\u00ed akademie\" \/>\n<meta property=\"article:publisher\" content=\"https:\/\/www.facebook.com\/eoadc\" \/>\n<meta property=\"article:published_time\" content=\"2025-09-11T20:18:16+00:00\" \/>\n<meta property=\"article:modified_time\" content=\"2025-09-11T20:19:35+00:00\" \/>\n<meta property=\"og:image\" content=\"https:\/\/www.oadc.cz\/wp-content\/uploads\/2025\/09\/Cyklo-02-res.jpg\" \/>\n\t<meta property=\"og:image:width\" content=\"800\" \/>\n\t<meta property=\"og:image:height\" content=\"492\" \/>\n\t<meta property=\"og:image:type\" content=\"image\/jpeg\" \/>\n<meta name=\"author\" content=\"Jan Horais\" \/>\n<meta name=\"twitter:card\" content=\"summary_large_image\" \/>\n<meta name=\"twitter:label1\" content=\"Napsal(a)\" \/>\n\t<meta name=\"twitter:data1\" content=\"Jan Horais\" \/>\n\t<meta name=\"twitter:label2\" content=\"Odhadovan\u00e1 doba \u010dten\u00ed\" \/>\n\t<meta name=\"twitter:data2\" content=\"1 minuta\" \/>\n<script type=\"application\/ld+json\" class=\"yoast-schema-graph\">{\"@context\":\"https:\/\/schema.org\",\"@graph\":[{\"@type\":\"Article\",\"@id\":\"https:\/\/www.oadc.cz\/index.php\/2025\/09\/11\/cyklisticko-turisticky-kurz-2\/#article\",\"isPartOf\":{\"@id\":\"https:\/\/www.oadc.cz\/index.php\/2025\/09\/11\/cyklisticko-turisticky-kurz-2\/\"},\"author\":{\"name\":\"Jan Horais\",\"@id\":\"https:\/\/www.oadc.cz\/#\/schema\/person\/114954177cdcfa49e728ffb3849ea18c\"},\"headline\":\"Cyklisticko \u2013 turistick\u00fd kurz\",\"datePublished\":\"2025-09-11T20:18:16+00:00\",\"dateModified\":\"2025-09-11T20:19:35+00:00\",\"mainEntityOfPage\":{\"@id\":\"https:\/\/www.oadc.cz\/index.php\/2025\/09\/11\/cyklisticko-turisticky-kurz-2\/\"},\"wordCount\":130,\"publisher\":{\"@id\":\"https:\/\/www.oadc.cz\/#organization\"},\"articleSection\":[\"\u0161koln\u00ed akce\"],\"inLanguage\":\"cs\"},{\"@type\":\"WebPage\",\"@id\":\"https:\/\/www.oadc.cz\/index.php\/2025\/09\/11\/cyklisticko-turisticky-kurz-2\/\",\"url\":\"https:\/\/www.oadc.cz\/index.php\/2025\/09\/11\/cyklisticko-turisticky-kurz-2\/\",\"name\":\"Cyklisticko \u2013 turistick\u00fd kurz - Evropsk\u00e1 obchodn\u00ed akademie\",\"isPartOf\":{\"@id\":\"https:\/\/www.oadc.cz\/#website\"},\"datePublished\":\"2025-09-11T20:18:16+00:00\",\"dateModified\":\"2025-09-11T20:19:35+00:00\",\"breadcrumb\":{\"@id\":\"https:\/\/www.oadc.cz\/index.php\/2025\/09\/11\/cyklisticko-turisticky-kurz-2\/#breadcrumb\"},\"inLanguage\":\"cs\",\"potentialAction\":[{\"@type\":\"ReadAction\",\"target\":[\"https:\/\/www.oadc.cz\/index.php\/2025\/09\/11\/cyklisticko-turisticky-kurz-2\/\"]}]},{\"@type\":\"BreadcrumbList\",\"@id\":\"https:\/\/www.oadc.cz\/index.php\/2025\/09\/11\/cyklisticko-turisticky-kurz-2\/#breadcrumb\",\"itemListElement\":[{\"@type\":\"ListItem\",\"position\":1,\"name\":\"Dom\u016f\",\"item\":\"https:\/\/www.oadc.cz\/\"},{\"@type\":\"ListItem\",\"position\":2,\"name\":\"Cyklisticko \u2013 turistick\u00fd kurz\"}]},{\"@type\":\"WebSite\",\"@id\":\"https:\/\/www.oadc.cz\/#website\",\"url\":\"https:\/\/www.oadc.cz\/\",\"name\":\"Evropsk\u00e1 obchodn\u00ed akademie\",\"description\":\"st\u0159edn\u00ed odborn\u00e1 \u0161kola v D\u011b\u010d\u00edn\u011b\",\"publisher\":{\"@id\":\"https:\/\/www.oadc.cz\/#organization\"},\"potentialAction\":[{\"@type\":\"SearchAction\",\"target\":{\"@type\":\"EntryPoint\",\"urlTemplate\":\"https:\/\/www.oadc.cz\/?s={search_term_string}\"},\"query-input\":\"required name=search_term_string\"}],\"inLanguage\":\"cs\"},{\"@type\":\"Organization\",\"@id\":\"https:\/\/www.oadc.cz\/#organization\",\"name\":\"Evropsk\u00e1 Obchodn\u00ed Akademie\",\"url\":\"https:\/\/www.oadc.cz\/\",\"logo\":{\"@type\":\"ImageObject\",\"inLanguage\":\"cs\",\"@id\":\"https:\/\/www.oadc.cz\/#\/schema\/logo\/image\/\",\"url\":\"https:\/\/www.oadc.cz\/wp-content\/uploads\/2020\/12\/EOA-logo_upr.png\",\"contentUrl\":\"https:\/\/www.oadc.cz\/wp-content\/uploads\/2020\/12\/EOA-logo_upr.png\",\"width\":850,\"height\":632,\"caption\":\"Evropsk\u00e1 Obchodn\u00ed Akademie\"},\"image\":{\"@id\":\"https:\/\/www.oadc.cz\/#\/schema\/logo\/image\/\"},\"sameAs\":[\"https:\/\/www.facebook.com\/eoadc\",\"https:\/\/www.instagram.com\/eoa.dc\/\"]},{\"@type\":\"Person\",\"@id\":\"https:\/\/www.oadc.cz\/#\/schema\/person\/114954177cdcfa49e728ffb3849ea18c\",\"name\":\"Jan Horais\",\"image\":{\"@type\":\"ImageObject\",\"inLanguage\":\"cs\",\"@id\":\"https:\/\/www.oadc.cz\/#\/schema\/person\/image\/\",\"url\":\"https:\/\/secure.gravatar.com\/avatar\/9f747f57fda48eee4f40361de292e2b6?s=96&d=mm&r=g\",\"contentUrl\":\"https:\/\/secure.gravatar.com\/avatar\/9f747f57fda48eee4f40361de292e2b6?s=96&d=mm&r=g\",\"caption\":\"Jan Horais\"},\"url\":\"https:\/\/www.oadc.cz\/index.php\/author\/jhorais\/\"}]}<\/script>\n<!-- \/ Yoast SEO plugin. -->","yoast_head_json":{"title":"Cyklisticko \u2013 turistick\u00fd kurz - Evropsk\u00e1 obchodn\u00ed akademie","robots":{"index":"index","follow":"follow","max-snippet":"max-snippet:-1","max-image-preview":"max-image-preview:large","max-video-preview":"max-video-preview:-1"},"canonical":"https:\/\/www.oadc.cz\/index.php\/2025\/09\/11\/cyklisticko-turisticky-kurz-2\/","og_locale":"cs_CZ","og_type":"article","og_title":"Cyklisticko \u2013 turistick\u00fd kurz - Evropsk\u00e1 obchodn\u00ed akademie","og_description":"Ve dnech 2.\u2013 5.9. 2025 se uskute\u010dnil cyklisticko \u2013 turistick\u00fd kurz, na kter\u00fd se \u017e\u00e1ci 2.DS p\u0159ipravovali a hlavn\u011b t\u011b\u0161ili cel\u00e9 pr\u00e1zdniny. V \u00fater\u00fd 2. z\u00e1\u0159\u00ed dorazili v\u0161ichni do autokempu SK M\u0161eno, kde jsme byli ubytovan\u00ed, a hned po ob\u011bd\u011b jsme vyrazili na cyklistickou t\u00faru. Program byl velmi bohat\u00fd. Cyklotrasy vedly na stezku Harasov, Pokli\u010dky, [&hellip;]","og_url":"https:\/\/www.oadc.cz\/index.php\/2025\/09\/11\/cyklisticko-turisticky-kurz-2\/","og_site_name":"Evropsk\u00e1 obchodn\u00ed akademie","article_publisher":"https:\/\/www.facebook.com\/eoadc","article_published_time":"2025-09-11T20:18:16+00:00","article_modified_time":"2025-09-11T20:19:35+00:00","og_image":[{"width":800,"height":492,"url":"https:\/\/www.oadc.cz\/wp-content\/uploads\/2025\/09\/Cyklo-02-res.jpg","type":"image\/jpeg"}],"author":"Jan Horais","twitter_card":"summary_large_image","twitter_misc":{"Napsal(a)":"Jan Horais","Odhadovan\u00e1 doba \u010dten\u00ed":"1 minuta"},"schema":{"@context":"https:\/\/schema.org","@graph":[{"@type":"Article","@id":"https:\/\/www.oadc.cz\/index.php\/2025\/09\/11\/cyklisticko-turisticky-kurz-2\/#article","isPartOf":{"@id":"https:\/\/www.oadc.cz\/index.php\/2025\/09\/11\/cyklisticko-turisticky-kurz-2\/"},"author":{"name":"Jan Horais","@id":"https:\/\/www.oadc.cz\/#\/schema\/person\/114954177cdcfa49e728ffb3849ea18c"},"headline":"Cyklisticko \u2013 turistick\u00fd kurz","datePublished":"2025-09-11T20:18:16+00:00","dateModified":"2025-09-11T20:19:35+00:00","mainEntityOfPage":{"@id":"https:\/\/www.oadc.cz\/index.php\/2025\/09\/11\/cyklisticko-turisticky-kurz-2\/"},"wordCount":130,"publisher":{"@id":"https:\/\/www.oadc.cz\/#organization"},"articleSection":["\u0161koln\u00ed akce"],"inLanguage":"cs"},{"@type":"WebPage","@id":"https:\/\/www.oadc.cz\/index.php\/2025\/09\/11\/cyklisticko-turisticky-kurz-2\/","url":"https:\/\/www.oadc.cz\/index.php\/2025\/09\/11\/cyklisticko-turisticky-kurz-2\/","name":"Cyklisticko \u2013 turistick\u00fd kurz - Evropsk\u00e1 obchodn\u00ed akademie","isPartOf":{"@id":"https:\/\/www.oadc.cz\/#website"},"datePublished":"2025-09-11T20:18:16+00:00","dateModified":"2025-09-11T20:19:35+00:00","breadcrumb":{"@id":"https:\/\/www.oadc.cz\/index.php\/2025\/09\/11\/cyklisticko-turisticky-kurz-2\/#breadcrumb"},"inLanguage":"cs","potentialAction":[{"@type":"ReadAction","target":["https:\/\/www.oadc.cz\/index.php\/2025\/09\/11\/cyklisticko-turisticky-kurz-2\/"]}]},{"@type":"BreadcrumbList","@id":"https:\/\/www.oadc.cz\/index.php\/2025\/09\/11\/cyklisticko-turisticky-kurz-2\/#breadcrumb","itemListElement":[{"@type":"ListItem","position":1,"name":"Dom\u016f","item":"https:\/\/www.oadc.cz\/"},{"@type":"ListItem","position":2,"name":"Cyklisticko \u2013 turistick\u00fd kurz"}]},{"@type":"WebSite","@id":"https:\/\/www.oadc.cz\/#website","url":"https:\/\/www.oadc.cz\/","name":"Evropsk\u00e1 obchodn\u00ed akademie","description":"st\u0159edn\u00ed odborn\u00e1 \u0161kola v D\u011b\u010d\u00edn\u011b","publisher":{"@id":"https:\/\/www.oadc.cz\/#organization"},"potentialAction":[{"@type":"SearchAction","target":{"@type":"EntryPoint","urlTemplate":"https:\/\/www.oadc.cz\/?s={search_term_string}"},"query-input":"required name=search_term_string"}],"inLanguage":"cs"},{"@type":"Organization","@id":"https:\/\/www.oadc.cz\/#organization","name":"Evropsk\u00e1 Obchodn\u00ed Akademie","url":"https:\/\/www.oadc.cz\/","logo":{"@type":"ImageObject","inLanguage":"cs","@id":"https:\/\/www.oadc.cz\/#\/schema\/logo\/image\/","url":"https:\/\/www.oadc.cz\/wp-content\/uploads\/2020\/12\/EOA-logo_upr.png","contentUrl":"https:\/\/www.oadc.cz\/wp-content\/uploads\/2020\/12\/EOA-logo_upr.png","width":850,"height":632,"caption":"Evropsk\u00e1 Obchodn\u00ed Akademie"},"image":{"@id":"https:\/\/www.oadc.cz\/#\/schema\/logo\/image\/"},"sameAs":["https:\/\/www.facebook.com\/eoadc","https:\/\/www.instagram.com\/eoa.dc\/"]},{"@type":"Person","@id":"https:\/\/www.oadc.cz\/#\/schema\/person\/114954177cdcfa49e728ffb3849ea18c","name":"Jan Horais","image":{"@type":"ImageObject","inLanguage":"cs","@id":"https:\/\/www.oadc.cz\/#\/schema\/person\/image\/","url":"https:\/\/secure.gravatar.com\/avatar\/9f747f57fda48eee4f40361de292e2b6?s=96&d=mm&r=g","contentUrl":"https:\/\/secure.gravatar.com\/avatar\/9f747f57fda48eee4f40361de292e2b6?s=96&d=mm&r=g","caption":"Jan Horais"},"url":"https:\/\/www.oadc.cz\/index.php\/author\/jhorais\/"}]}},"_links":{"self":[{"href":"https:\/\/www.oadc.cz\/index.php\/wp-json\/wp\/v2\/posts\/10228"}],"collection":[{"href":"https:\/\/www.oadc.cz\/index.php\/wp-json\/wp\/v2\/posts"}],"about":[{"href":"https:\/\/www.oadc.cz\/index.php\/wp-json\/wp\/v2\/types\/post"}],"author":[{"embeddable":true,"href":"https:\/\/www.oadc.cz\/index.php\/wp-json\/wp\/v2\/users\/2"}],"replies":[{"embeddable":true,"href":"https:\/\/www.oadc.cz\/index.php\/wp-json\/wp\/v2\/comments?post=10228"}],"version-history":[{"count":4,"href":"https:\/\/www.oadc.cz\/index.php\/wp-json\/wp\/v2\/posts\/10228\/revisions"}],"predecessor-version":[{"id":10232,"href":"https:\/\/www.oadc.cz\/index.php\/wp-json\/wp\/v2\/posts\/10228\/revisions\/10232"}],"wp:featuredmedia":[{"embeddable":true,"href":"https:\/\/www.oadc.cz\/index.php\/wp-json\/wp\/v2\/media\/10226"}],"wp:attachment":[{"href":"https:\/\/www.oadc.cz\/index.php\/wp-json\/wp\/v2\/media?parent=10228"}],"wp:term":[{"taxonomy":"category","embeddable":true,"href":"https:\/\/www.oadc.cz\/index.php\/wp-json\/wp\/v2\/categories?post=10228"},{"taxonomy":"post_tag","embeddable":true,"href":"https:\/\/www.oadc.cz\/index.php\/wp-json\/wp\/v2\/tags?post=10228"}],"curies":[{"name":"wp","href":"https:\/\/api.w.org\/{rel}","templated":true}]}}